{"id":95794,"date":"2025-11-24T22:30:10","date_gmt":"2025-11-24T22:30:10","guid":{"rendered":"https:\/\/www.europesays.com\/no\/95794\/"},"modified":"2025-11-24T22:30:10","modified_gmt":"2025-11-24T22:30:10","slug":"kommentator-om-klaebo-fremmed-fugl-dagbladet","status":"publish","type":"post","link":"https:\/\/www.europesays.com\/no\/95794\/","title":{"rendered":"Kommentator om Kl\u00e6bo: &#8211; Fremmed fugl &#8211; Dagbladet"},"content":{"rendered":"<ol>\n<li><a href=\"https:\/\/news.google.com\/rss\/articles\/CBMiZkFVX3lxTE1lemFlMTE4X1J5YWVTWkNwLWlyN3FLNEdLM0lyREpGdHFuSFY5dlgxcFpodHB2ZjlnYTdEZ1FOREVfamlfSmp6UEtGbUVfbDFiM3BCcWI5bjRwX2xyZzJwVVFrWksyZw?oc=5\" target=\"_blank\" rel=\"nofollow noopener\">Kommentator om Kl\u00e6bo: &#8211; Fremmed fugl<\/a>&nbsp;&nbsp;Dagbladet<\/li>\n<li><a href=\"https:\/\/news.google.com\/rss\/articles\/CBMikwFBVV95cUxOeklxb0dwTlhZMndscXNHR2R3cnd5aWRqYWxDbFB4TXBDUklfN1IxQWdhWEc5YUYxNXlhRm1FU1ZnNEg1VGlMUktfNU9jSkppYTM3X3FBdFRZTEF6ZVc2Wmpqb2NvTGVKTWVIeTFRamFKSVlIWVFiY2FJcjNRSHloZS1mTEVjSGViUEZvejNiaWZBM0U?oc=5\" target=\"_blank\" rel=\"nofollow noopener\">Spekulasjoner om Kl\u00e6bo: \u2013\u2060 En belastning \u00e5 holde p\u00e5 s\u00e5nn<\/a>&nbsp;&nbsp;VG<\/li>\n<li><a href=\"https:\/\/news.google.com\/rss\/articles\/CBMijgFBVV95cUxOaG84bDFpS1RILVNXOExxcFY1aTRUMGJVUktpVDczWnE2Qjk3ckNjYWNyTUdXeUltemRjbUxGcmFYRlpFRDZpS3M4ZjRuczdqZGlXSmVXYVFpTS0zVnpfZ1J2djBGbU5JZ3h4VVFUVFBONF9zSFFLLXJHeWNwMHotbV9zNnJzUkJZSlpHRXhB?oc=5\" target=\"_blank\" rel=\"nofollow noopener\">Sport, Beitost\u00f8len | Hyllet Levanger- og Steinkjer-menn etter sjokkl\u00f8pet<\/a>&nbsp;&nbsp;Tr\u00f8nder-Avisa<\/li>\n<li><a href=\"https:\/\/news.google.com\/rss\/articles\/CBMijAFBVV95cUxOVEI0eW10Z0hmMEtwU1hoNkx6Qlo5d2dld1VUWG14czgwaUNXWDZuMFVXLUdwTXNWa3FCYkxFX0ZIYnRqZFVsMGs1SGQ1RlBCcUlRSHZHWk9ZdWRkLVo3U3ByMDZUOWhmTHRxeGlYRmtPd21hQmVOTFFETmRoODQxMGpPeWdEenVPMkZRMQ?oc=5\" target=\"_blank\" rel=\"nofollow noopener\">Kl\u00e6bo med nytt kanonl\u00f8p: \u2013 Helt perfekt<\/a>&nbsp;&nbsp;TV2.no<\/li>\n<li><a href=\"https:\/\/news.google.com\/rss\/articles\/CBMiS0FVX3lxTE5tYkZuUlpIdUJGV3FtRFZMMEUycTFSWF8yQWUxVzZzZWtlZkx1MW04QW84dGlCYWlqS0FCSTlETDVJSVRmS295T2Q0VQ?oc=5\" target=\"_blank\" rel=\"nofollow noopener\">T\u00f8nseth p\u00e5 pallen: \u2013 Utrolig deilig for Didrik<\/a>&nbsp;&nbsp;NRK<\/li>\n<\/ol>\n","protected":false},"excerpt":{"rendered":"Kommentator om Kl\u00e6bo: &#8211; Fremmed fugl&nbsp;&nbsp;Dagbladet Spekulasjoner om Kl\u00e6bo: \u2013\u2060 En belastning \u00e5 holde p\u00e5 s\u00e5nn&nbsp;&nbsp;VG Sport, Beitost\u00f8len&hellip;\n","protected":false},"author":2,"featured_media":95795,"comment_status":"","ping_status":"","sticky":false,"template":"","format":"standard","meta":{"footnotes":""},"categories":[59],"tags":[711,398,30,28,29,83,82],"class_list":{"0":"post-95794","1":"post","2":"type-post","3":"status-publish","4":"format-standard","5":"has-post-thumbnail","7":"category-sport","8":"tag-johannes-hosflot-klaebo","9":"tag-langrenn","10":"tag-no","11":"tag-norge","12":"tag-norway","13":"tag-sport","14":"tag-sports"},"share_on_mastodon":{"url":"https:\/\/pubeurope.com\/@no\/115607045598325013","error":""},"_links":{"self":[{"href":"https:\/\/www.europesays.com\/no\/wp-json\/wp\/v2\/posts\/95794","targetHints":{"allow":["GET"]}}],"collection":[{"href":"https:\/\/www.europesays.com\/no\/wp-json\/wp\/v2\/posts"}],"about":[{"href":"https:\/\/www.europesays.com\/no\/wp-json\/wp\/v2\/types\/post"}],"author":[{"embeddable":true,"href":"https:\/\/www.europesays.com\/no\/wp-json\/wp\/v2\/users\/2"}],"replies":[{"embeddable":true,"href":"https:\/\/www.europesays.com\/no\/wp-json\/wp\/v2\/comments?post=95794"}],"version-history":[{"count":0,"href":"https:\/\/www.europesays.com\/no\/wp-json\/wp\/v2\/posts\/95794\/revisions"}],"wp:featuredmedia":[{"embeddable":true,"href":"https:\/\/www.europesays.com\/no\/wp-json\/wp\/v2\/media\/95795"}],"wp:attachment":[{"href":"https:\/\/www.europesays.com\/no\/wp-json\/wp\/v2\/media?parent=95794"}],"wp:term":[{"taxonomy":"category","embeddable":true,"href":"https:\/\/www.europesays.com\/no\/wp-json\/wp\/v2\/categories?post=95794"},{"taxonomy":"post_tag","embeddable":true,"href":"https:\/\/www.europesays.com\/no\/wp-json\/wp\/v2\/tags?post=95794"}],"curies":[{"name":"wp","href":"https:\/\/api.w.org\/{rel}","templated":true}]}}