{"id":95796,"date":"2025-11-24T22:36:08","date_gmt":"2025-11-24T22:36:08","guid":{"rendered":"https:\/\/www.europesays.com\/no\/95796\/"},"modified":"2025-11-24T22:36:08","modified_gmt":"2025-11-24T22:36:08","slug":"mdg-i-hastemote-oljekrangel-bremser-budsjettforhandlinger-nrk-norge-oversikt-over-nyheter-fra-ulike-deler-av-landet","status":"publish","type":"post","link":"https:\/\/www.europesays.com\/no\/95796\/","title":{"rendered":"MDG i hastem\u00f8te \u2013 oljekrangel bremser budsjettforhandlinger \u2013 NRK Norge \u2013 Oversikt over nyheter fra ulike deler av landet"},"content":{"rendered":"<p>Denne uken gikk budsjettforhandlingene p\u00e5 Stortinget inn i sluttfasen \u2013 og s\u00f8ndag renner tiden ut for \u00e5 bli enige.<\/p>\n<p>Men oljepolitikken kan stikke kjepper i hjulene for samarbeidet mellom Arbeiderpartiet og MDG.<\/p>\n<p>\u2013 Jeg har f\u00e5tt tydelige tilbakemeldinger om veien videre.<\/p>\n<p>Det sa nestleder Ingrid Liland, som er partiets forhandlingssjef, da hun kom ut av hastem\u00f8tet mandag kveld.<\/p>\n<p><img decoding=\"async\"   src=\"data:image\/gif;base64,R0lGODlhAQABAIAAAAAAAP\/\/\/yH5BAEAAAAALAAAAAABAAEAAAIBRAA7\" loading=\"eager\" alt=\"En gruppe mennesker rundt et bord.\" title=\"Foto: Javad Parsa \/ NTB\"\/><\/p>\n<p class=\"\">MDGs sentralstyre ble mandag hasteinnkalt til et m\u00f8te om det partiet opplever som manglende framgang i budsjettforhandlingene.<\/p>\n<p>Foto: Javad Parsa \/ NTB<\/p>\n<p><strong>M\u00f8tet handlet om at MDG mener det er manglende fremgang i forhandlerne om oljepolitikken i det nye statsbudsjettet.<\/strong><\/p>\n<p>\u2013 Vi har g\u00e5tt inn med en ny politikk for oljebudsjettet i forslaget til statsbudsjett som Arbeiderpartiet har lagt fram, og det skal vi fortsette \u00e5 diskutere i forhandlinger og ikke p\u00e5 TV, sa Liland etter m\u00f8tet.<\/p>\n<p><img decoding=\"async\"   src=\"data:image\/gif;base64,R0lGODlhAQABAIAAAAAAAP\/\/\/yH5BAEAAAAALAAAAAABAAEAAAIBRAA7\" loading=\"eager\" alt=\"En dame med kr\u00f8llete h\u00e5r som snakker i en NRK-mikrofon\" title=\"Foto: Javad Parsa \/ NTB\"\/><\/p>\n<p class=\"\">Nestleder Ingrid Liland er forhandlingssjef n\u00e5r MDG pr\u00f8ver \u00e5 bli enige med regjeringen om et nytt statsbudsjett. Oljepolitikk har blitt et betent tema.<\/p>\n<p>Foto: Javad Parsa \/ NTB<\/p>\n<p>Oljekrangel<\/p>\n<p>MDG krever en sluttfaseplan for norsk olje- og gassproduksjon, men har m\u00f8tt motstand fra Arbeiderpartiet og Senterpartiet.<\/p>\n<p><strong>For mens Arbeiderpartiet og Senterpartiet vil \u00abutvikle, ikke avvikle\u00bb oljesektoren, \u00f8nsker de tre andre partiene \u00e5 g\u00e5 i motsatt retning.<\/strong><\/p>\n<p>\u2013 Det kommer vel ikke som en overraskelse at Arbeiderpartiet st\u00e5r fast ved sin oljepolitikk?<\/p>\n<p>\u2013 Vi er fem partier rundt det bordet. Alle partiene har g\u00e5tt inn i det rommet med et \u00f8nske om \u00e5 finne enighet, ogs\u00e5 vi. Vi \u00f8nsker reelle samtaler der vi ogs\u00e5 f\u00e5r sette v\u00e5rt avtrykk p\u00e5 statsbudsjettet, svarer Liland.<\/p>\n<p><img decoding=\"async\"   src=\"data:image\/gif;base64,R0lGODlhAQABAIAAAAAAAP\/\/\/yH5BAEAAAAALAAAAAABAAEAAAIBRAA7\" loading=\"eager\" alt=\"En person i en gr\u00f8nn blazer sitter ved et bord i et m\u00f8telokale. Det er en vannflaske og et glass foran henne. Omgivelsene er preget av beige vegger og ulike m\u00f8bler. Personen ser ned og virker konsentrert.\" title=\"Foto: Benyamin Farnam \/ NRK\"\/><\/p>\n<p class=\"\">S\u00f8ndag er fristen partiene har for \u00e5 bli enige om et nytt statsbudsjett. Det blir dermed en lang uke for MDGs forhandlingssjef Ingrid Liland.<\/p>\n<p>Foto: Benyamin Farnam \/ NRK<\/p>\n<p>\u2013 Var det en d\u00e5rlig strategi \u00e5 garantere at St\u00f8re skulle bli sittende som statsminister?<\/p>\n<p>\u2013 Vi har lovet \u00e5 gj\u00f8re St\u00f8re gr\u00f8nnere, men det m\u00e5 han ville selv, og det skal vi fortsette \u00e5 pr\u00f8ve p\u00e5, sier nestlederen.<\/p>\n<p>Men likevel er det flertall p\u00e5 Stortinget for den oljepolitikken Arbeiderpartiet st\u00e5r for?<\/p>\n<p>\u2013 Det er vi som er det parlamentariske grunnlaget, og vi skal fortsette \u00e5 forhandle.<\/p>\n<p>Dette er de viktigste kravene<\/p>\n<p>Her er fem av de viktigste kravene fra MDG, R\u00f8dt, SV og Senterpartiet i forkant av budsjettforhandlingene, som starter i dag:<\/p>\n<p><strong>MDG<\/strong><\/p>\n<ul>\n<li>Plan for \u00e5 fase ut oljen\u00e6ringen<\/li>\n<li>Et nasjonalt reisekort for buss og bane til 499 kroner<\/li>\n<li>Plan for s\u00e5kalt arealn\u00f8ytralitet, med m\u00e5l om \u00e5 stanse nedbyggingen av natur<\/li>\n<li>Grep for \u00e5 sikre at oljefondet ikke er investert i folkemord og okkupasjon<\/li>\n<li>\u00d8kt klimabistand til fattige land<\/li>\n<\/ul>\n<p><strong>R\u00f8dt<\/strong><\/p>\n<ul>\n<li>Mer penger til kommunene<\/li>\n<li>Reversere \u00abusosiale kutt\u00bb, som kutt i engangsst\u00f8nad og overgangsst\u00f8nad<\/li>\n<li>\u00d8ke ytelser som minstepensjon, arbeidsavklaringspenger og uf\u00f8retrygd<\/li>\n<li>Mer gratis tannhelse<\/li>\n<li>Norge m\u00e5 gj\u00f8re mer for palestinerne og Gazastripen<\/li>\n<\/ul>\n<p><strong>Senter<\/strong><strong>partiet<\/strong><\/p>\n<ul>\n<li>Mer penger til kommunene<\/li>\n<li>Reversere \u00f8kning i diesel- og bensinutgiftene, heller kutte avgiftene<\/li>\n<li>Byr\u00e5krati-kutt i staten<\/li>\n<li>Kutte matmomsen fra 15 til 10 prosent<\/li>\n<li>Penger til en egen distriktspakke<\/li>\n<\/ul>\n<p>Senterpartiets krav om fortsatt gratis ferje og sletting av studiegjeld i distriktskommuner er innfridd f\u00f8r forhandlingene.<\/p>\n<p><strong>SV<\/strong><\/p>\n<ul>\n<li>Mer penger til kommunene<\/li>\n<li>Gratis skolefritidsordning ogs\u00e5 for 4.-klassinger<\/li>\n<li>Grep for \u00e5 sikre at oljefondet ikke er investert i folkemord og okkupasjon<\/li>\n<li>Stanse alle planer om gruvedrift p\u00e5 havbunnen<\/li>\n<li>Reversere regjeringens kutt i tiltak som f\u00e5r ned utslipp fra de store utslippspunktene i industrien<\/li>\n<\/ul>\n<p>Over 40 forslag<\/p>\n<p>I <a href=\"https:\/\/www.nrk.no\/nyheter\/41-forslag_-mdg-vil-_skrive-om_-klimapolitikken-1.17653105\" ec-id=\"pp:article:1.17653105\" ec-name=\"MDGs alternative statsbudsjett er det flere forslag om hvordan partiet vil endre norsk politikk\" rel=\"nofollow noopener\" target=\"_blank\">MDGs alternative statsbudsjett er det flere forslag om hvordan partiet vil endre norsk politikk<\/a>, utover det som handler om kroner og \u00f8re til ulike form\u00e5l.<\/p>\n<p>Innenfor klima- og milj\u00f8omr\u00e5det alene er det 41 ulike forslag.<\/p>\n<p>De handler om alt fra klassisk naturvern, som rensing av Oslofjorden, til \u00e5 forlenge klimaavtalen med EU og utrede alternativer til norgespris p\u00e5 str\u00f8m.<\/p>\n<p>MDG vil ogs\u00e5 bruke ekstra milliarder p\u00e5 kollektivtransport, gr\u00f8nt n\u00e6ringsliv, barnetrygd og tiltak for \u00e5 stanse naturtap.<\/p>\n<p>Oljesp\u00f8rsm\u00e5let er likevel helt sentralt for MDG, som for f\u00f8rste gang kom over sperregrensen i h\u00f8stens stortingsvalg.<\/p>\n<p>\u2013 Nye lekekamerater<\/p>\n<p>\u2013 Vi har gitt l\u00f8fter til v\u00e5re velgere om en styrt og demokratisk omstilling av Norge. Da kan vi ikke ha en \u00abdrill baby, drill\u00bb-politikk, da m\u00e5 vi planlegge for utfasing av oljebransjen p\u00e5 et eller annet tidspunkt.<\/p>\n<p>Det sier MDG-representant Eivind Tr\u00e6dal.<\/p>\n<p><img decoding=\"async\"   src=\"data:image\/gif;base64,R0lGODlhAQABAIAAAAAAAP\/\/\/yH5BAEAAAAALAAAAAABAAEAAAIBRAA7\" loading=\"eager\" alt=\"En mann med skjegg\" title=\"Foto: Javad Parsa \/ NTB\"\/><\/p>\n<p class=\"\">MDG-representant Eivind Tr\u00e6dal understreker at partiet \u00f8nsker \u00e5 bli enige med Arbeiderpartiet om et nytt budsjett.<\/p>\n<p>Foto: Javad Parsa \/ NTB<\/p>\n<p><strong>\u2013 Vi har g\u00e5tt til valg p\u00e5 \u00e5 gj\u00f8re St\u00f8re gr\u00f8nnere. Hvis han ikke vil det, s\u00e5 m\u00e5 han kanskje finne seg andre lekekamerater, sier Tr\u00e6dal.<\/strong><\/p>\n<p>\u2013 I ytterste forstand kommer vi ikke til enighet, men det h\u00e5per jeg virkelig ikke skjer.<\/p>\n<p>\u2013 Men vi m\u00e5 ha et budsjett alle kan st\u00e5 inne for, tilf\u00f8yer han.<\/p>\n<p>Arbeiderpartiet er avhengige av st\u00f8tte fra MDG, Senterpartiet, SV og R\u00f8dt for \u00e5 f\u00e5 gjennomslag for neste \u00e5rs budsjett.<\/p>\n<p>          Oppslutning  Partioppslutning<\/p>\n<tr role=\"row\" class=\"svelte-7u7rnc\">PartiOppslutningEndring<\/tr>\n<tr role=\"row\" data-parti=\"R\u00d8DT\" tabindex=\"-1\" class=\"svelte-7u7rnc\">\n<td role=\"cell\" class=\"oppslutning svelte-7u7rnc\"\/>\n<td role=\"cell\" class=\"endring svelte-7u7rnc\"><\/td>\n<\/tr>\n<tr role=\"row\" data-parti=\"SV\" tabindex=\"-1\" class=\"svelte-7u7rnc\">\n<td role=\"cell\" class=\"oppslutning svelte-7u7rnc\"\/>\n<td role=\"cell\" class=\"endring svelte-7u7rnc\"><\/td>\n<\/tr>\n<tr role=\"row\" data-parti=\"SP\" tabindex=\"-1\" class=\"svelte-7u7rnc\">\n<td role=\"cell\" class=\"oppslutning svelte-7u7rnc\"\/>\n<td role=\"cell\" class=\"endring svelte-7u7rnc\"><\/td>\n<\/tr>\n<tr role=\"row\" data-parti=\"A\" tabindex=\"-1\" class=\"svelte-7u7rnc\">\n<td role=\"cell\" class=\"oppslutning svelte-7u7rnc\"\/>\n<td role=\"cell\" class=\"endring svelte-7u7rnc\"><\/td>\n<\/tr>\n<tr role=\"row\" data-parti=\"MDG\" tabindex=\"-1\" class=\"svelte-7u7rnc\">\n<td role=\"cell\" class=\"oppslutning svelte-7u7rnc\"\/>\n<td role=\"cell\" class=\"endring svelte-7u7rnc\"><\/td>\n<\/tr>\n<tr role=\"row\" data-parti=\"KRF\" tabindex=\"-1\" class=\"svelte-7u7rnc\">\n<td role=\"cell\" class=\"oppslutning svelte-7u7rnc\"\/>\n<td role=\"cell\" class=\"endring svelte-7u7rnc\"><\/td>\n<\/tr>\n<tr role=\"row\" data-parti=\"V\" tabindex=\"-1\" class=\"svelte-7u7rnc\">\n<td role=\"cell\" class=\"oppslutning svelte-7u7rnc\"\/>\n<td role=\"cell\" class=\"endring svelte-7u7rnc\"><\/td>\n<\/tr>\n<tr role=\"row\" data-parti=\"H\" tabindex=\"-1\" class=\"svelte-7u7rnc\">\n<td role=\"cell\" class=\"oppslutning svelte-7u7rnc\"\/>\n<td role=\"cell\" class=\"endring svelte-7u7rnc\"><\/td>\n<\/tr>\n<tr role=\"row\" data-parti=\"FRP\" tabindex=\"-1\" class=\"svelte-7u7rnc\">\n<td role=\"cell\" class=\"oppslutning svelte-7u7rnc\"\/>\n<td role=\"cell\" class=\"endring svelte-7u7rnc\"><\/td>\n<\/tr>\n<p class=\"figurtekst svelte-1e4e6r1 laster\" data-typo=\"figurtekst\"> Viser endring fra forrige stortingsvalg. <\/p>\n<p>Publisert<\/p>\n<p>24.11.2025, kl. 22.29<\/p>\n<p>Oppdatert<\/p>\n<p>24.11.2025, kl. 23.19<\/p>\n","protected":false},"excerpt":{"rendered":"Denne uken gikk budsjettforhandlingene p\u00e5 Stortinget inn i sluttfasen \u2013 og s\u00f8ndag renner tiden ut for \u00e5 bli&hellip;\n","protected":false},"author":2,"featured_media":95797,"comment_status":"","ping_status":"","sticky":false,"template":"","format":"standard","meta":{"footnotes":""},"categories":[5],"tags":[20,21,24,25,15,19,22,23,17,18,13,30,28,29,14,16,26,27],"class_list":{"0":"post-95796","1":"post","2":"type-post","3":"status-publish","4":"format-standard","5":"has-post-thumbnail","7":"category-overskrifter","8":"tag-breaking-news","9":"tag-breakingnews","10":"tag-featured-news","11":"tag-featurednews","12":"tag-headlines","13":"tag-hovedoppslag","14":"tag-latest-news","15":"tag-latestnews","16":"tag-main-news","17":"tag-mainnews","18":"tag-news","19":"tag-no","20":"tag-norge","21":"tag-norway","22":"tag-nyheter","23":"tag-overskrifter","24":"tag-top-stories","25":"tag-topstories"},"share_on_mastodon":{"url":"https:\/\/pubeurope.com\/@no\/115607069463118620","error":""},"_links":{"self":[{"href":"https:\/\/www.europesays.com\/no\/wp-json\/wp\/v2\/posts\/95796","targetHints":{"allow":["GET"]}}],"collection":[{"href":"https:\/\/www.europesays.com\/no\/wp-json\/wp\/v2\/posts"}],"about":[{"href":"https:\/\/www.europesays.com\/no\/wp-json\/wp\/v2\/types\/post"}],"author":[{"embeddable":true,"href":"https:\/\/www.europesays.com\/no\/wp-json\/wp\/v2\/users\/2"}],"replies":[{"embeddable":true,"href":"https:\/\/www.europesays.com\/no\/wp-json\/wp\/v2\/comments?post=95796"}],"version-history":[{"count":0,"href":"https:\/\/www.europesays.com\/no\/wp-json\/wp\/v2\/posts\/95796\/revisions"}],"wp:featuredmedia":[{"embeddable":true,"href":"https:\/\/www.europesays.com\/no\/wp-json\/wp\/v2\/media\/95797"}],"wp:attachment":[{"href":"https:\/\/www.europesays.com\/no\/wp-json\/wp\/v2\/media?parent=95796"}],"wp:term":[{"taxonomy":"category","embeddable":true,"href":"https:\/\/www.europesays.com\/no\/wp-json\/wp\/v2\/categories?post=95796"},{"taxonomy":"post_tag","embeddable":true,"href":"https:\/\/www.europesays.com\/no\/wp-json\/wp\/v2\/tags?post=95796"}],"curies":[{"name":"wp","href":"https:\/\/api.w.org\/{rel}","templated":true}]}}