{"id":95798,"date":"2025-11-24T22:37:18","date_gmt":"2025-11-24T22:37:18","guid":{"rendered":"https:\/\/www.europesays.com\/no\/95798\/"},"modified":"2025-11-24T22:37:18","modified_gmt":"2025-11-24T22:37:18","slug":"fikk-dodsbudskapet-av-broren-hun-ofret-alt-for-meg","status":"publish","type":"post","link":"https:\/\/www.europesays.com\/no\/95798\/","title":{"rendered":"Fikk d\u00f8dsbudskapet av broren: &#8211; Hun ofret alt for meg"},"content":{"rendered":"<p class=\"bold m-bold\" data-lab-font_weight=\"bold\">\u2013 Oppveksten min var ekstremt t\u00f8ff. Jeg kommer fra veldig fattige k\u00e5r.<\/p>\n<p>Det sier spisstjernen Victor Osimhen i et intervju med Uefa.<\/p>\n<p>Det er dessverre realiteten til sv\u00e6rt mange afrikanske fotballspillere.<\/p>\n<p>I Olusosun, som ligger i storbyen Lagos i Nigeria, finner man Afrikas st\u00f8rste s\u00f8ppelfylling.<\/p>\n<p>100 dekar med s\u00f8ppel, som tilsvarer i overkant av 15 store fotballbaner.<\/p>\n<p>Hver dag dumpes det opptil 10.000 tonn s\u00f8ppel. Tusenvis av mennesker graver seg gjennom i h\u00e5p om \u00e5 finne jern eller plast de kan selge videre.\u00a0<\/p>\n<p>De plukker s\u00f8ppel for \u00e5 overleve, for \u00e5 f\u00e5 mat p\u00e5 bordet. Lukten er intens.<\/p>\n<p class=\"bold m-bold\" data-lab-font_weight=\"bold\">Det er her historien om Champions Leagues toppscorer, Victor Osimhen, starter.<\/p>\n<p>\n            <video oncontextmenu=\"return false;\" class=\"lazy-autoplay\" loop=\"\" muted=\"\" autoplay=\"\" playsinline=\"\" controlslist=\"nodownload nofullscreen noremoteplayback\" disablepictureinpicture=\"\" style=\"transform:translate(0%,-13%);width:104%;height:auto;aspect-ratio:auto\"><\/p>\n<p>                Beklager, din nettleser st\u00f8tter ikke avspilling av videoklipp<br \/>\n            <\/video>\n        <\/p>\n<p class=\"bold m-bold\" data-lab-font_weight=\"bold\">\u2013 Dette stedet formet meg til den jeg er i dag, sier Osimhen.<\/p>\n<p>Han har selv gravd i s\u00f8ppelhaugene.<\/p>\n<p>\u2013 Jeg og vennene mine pleide \u00e5 dra dit for \u00e5 lete etter fotballsko.<\/p>\n<p>        <img class=\"image__img lazyload\" itemprop=\"image\" title=\"Foto: FINBARR O'REILLY \/ Reuters \/ NTB\" alt=\"T\u00d8FF HVERDAG: En kvinne samler inn s\u00f8ppel hun kan selge videre i Olusosun. Foto: FINBARR O'REILLY \/ Reuters \/ NTB\" width=\"675\" height=\"480\" bad-src=\"https:\/\/www.europesays.com\/no\/wp-content\/uploads\/2025\/11\/18310059.webp\" fetchpriority=\"auto\" \/><\/p>\n<p>      T\u00d8FF HVERDAG: En kvinne samler inn s\u00f8ppel hun kan selge videre i Olusosun.<br \/>\n         Foto: FINBARR O&#8217;REILLY \/ Reuters \/ NTB<\/p>\n<p>Kunne havnet i Brann<\/p>\n<p>Etter \u00e5 ha herjet i U17-VM i 2015 signerte Osimhen en kontrakt med tyske Wolfsburg. Men oppholdet i Tyskland ble ikke en suksess. 14 kamper og null m\u00e5l gjorde at Osimhen ble l\u00e5nt ut til belgiske Charleroi.<\/p>\n<p><a href=\"https:\/\/www.aftenposten.no\/sport\/fotball\/i\/8m76pr\/brann-ble-tipset-om-denne-spissen-i-fjor-nylig-ble-han-solgt-for-150-millioner\" target=\"_blank\" rel=\"nofollow noopener\">Bergens Tidende har tidligere skrevet<\/a> at Osimhen faktisk kunne endt opp i Bergen. Brann ble nemlig tipset om spissen av fotballagent Stig Lillejord.<\/p>\n<p>Men Charleroi fikk l\u00e5nt ham, med en kj\u00f8psopsjon p\u00e5 rundt 30 millioner kroner. Spissen ble en kjempesuksess.\u00a0<\/p>\n<p>Charleroi benyttet seg av kj\u00f8psklausulen og solgte ham videre til Lille bare dager senere, med en profitt p\u00e5 godt over 100 millioner kroner.<\/p>\n<p>Der fortsatte han \u00e5 hamre inn m\u00e5l og et \u00e5r senere ble han solgt til Napoli for omkring 850 millioner kroner. Der bidro han sterkt til klubbens f\u00f8rste ligatittel p\u00e5 33 \u00e5r.<\/p>\n<p>Etter noen turbulente \u00e5r valgte Napoli \u00e5 l\u00e5ne ut Osimhen til Galatasaray forrige sesong. I sommer ble overgangen gjort permanent.\u00a0<\/p>\n<ul class=\"klipplist__content\">\n<li class=\"klipp-article\">\n<p>    <a class=\"article__link\" data-ga-active-label=\"\" data-ga-active-label-animation=\"\" href=\"https:\/\/www.tv2.no\/video\/asset\/20310786\" rel=\"nofollow noopener\" target=\"_blank\"><\/p>\n<p>    <img class=\"image__img lazyload\" itemprop=\"image\" title=\"Foto: OZAN KOSE \/ AFP \/ NTB\" alt=\"Galatasaray's Nigerian forward #45 Victor Osimhen celebrates scoring his team's second goal during the UEFA Champions League, league phase - day 3, football match between Galatasaray SK and Bodo\/Glimt at the Rams Park in Istanbul on October 22, 2025. (Photo by Ozan KOSE \/ AFP) Foto: OZAN KOSE \/ AFP \/ NTB\" width=\"170\" height=\"254\" bad-src=\"https:\/\/www.europesays.com\/no\/wp-content\/uploads\/2025\/11\/18311215.webp\" fetchpriority=\"auto\" \/><\/p>\n<p>\n            1-0\n        <\/p>\n<p>    <\/a><\/p>\n<\/li>\n<li class=\"klipp-article\">\n<p>    <a class=\"article__link\" data-ga-active-label=\"\" data-ga-active-label-animation=\"\" href=\"https:\/\/www.tv2.no\/video\/asset\/20310856\" rel=\"nofollow noopener\" target=\"_blank\"><\/p>\n<p>    <img class=\"image__img lazyload\" itemprop=\"image\" title=\"Foto: Umit Bektas \/ Reuters \/ NTB\" alt=\"Soccer Football - UEFA Champions League - Galatasaray v Bodo\/Glimt - RAMS Park, Istanbul, Turkey - October 22, 2025&#10;Galatasaray's Victor Osimhen celebrates scoring their second goal REUTERS\/Umit Bektas Foto: Umit Bektas \/ Reuters \/ NTB\" width=\"170\" height=\"254\" bad-src=\"https:\/\/www.europesays.com\/no\/wp-content\/uploads\/2025\/11\/18311221.webp\" fetchpriority=\"auto\" \/><\/p>\n<p>\n            2-0\n        <\/p>\n<p>    <\/a><\/p>\n<\/li>\n<\/ul>\n<p>\u2013 Stunder vi ikke hadde mat p\u00e5 bordet<\/p>\n<p>Men det hele startet alts\u00e5 p\u00e5 s\u00f8ppeldynga i Olusosun hvor han var den yngste av seks s\u00f8sken.<\/p>\n<p>I Uefa-intervjuet forteller Osimhen at moren d\u00f8de tidlig og at faren gjorde det han kunne for \u00e5 f\u00e5 mat p\u00e5 bordet til barna sine.<\/p>\n<p>\u2013 Jeg var veldig ung. Jeg husker at broren min ringte meg og sa at mamma hadde sovnet og aldri v\u00e5knet opp igjen, forteller han.<\/p>\n<p>P\u00e5 Instagram-profilen til Osimhen er profilbildet et bilde av hans mor.\u00a0<\/p>\n<p>        <img class=\"image__img lazyload\" itemprop=\"image\" title=\"Foto: JOHN THYS \/ AFP \/ NTB\" alt=\"HIMMELEN: Victor Osimhen feirer som regel ved \u00e5 peke opp mot himmelen til foreldrene sine. Foto: JOHN THYS \/ AFP \/ NTB\" width=\"675\" height=\"527\" bad-src=\"https:\/\/www.europesays.com\/no\/wp-content\/uploads\/2025\/11\/18311119.webp\" fetchpriority=\"auto\" \/><\/p>\n<p>      HIMMELEN: Victor Osimhen feirer som regel ved \u00e5 peke opp mot himmelen til foreldrene sine.<br \/>\n         Foto: JOHN THYS \/ AFP \/ NTB<\/p>\n<p>Ogs\u00e5 s\u00f8steren hans Blessing Osimhen er intervjuet.<\/p>\n<p>\u2013 Det har ikke v\u00e6rt enkelt for oss, det har v\u00e6rt en lang reise. Det var stunder hvor vi ikke hadde mat p\u00e5 bordet, vi slet virkelig, sier hun f\u00f8r hun bryter sammen.<\/p>\n<p>        <img class=\"image__img lazyload\" itemprop=\"image\" title=\"Foto: Uefa\" alt=\"STOLT S\u00d8STER: Blessing Osimhen har sett broren ta seg til toppen av fotballen. Foto: Uefa\" width=\"675\" height=\"351\" bad-src=\"https:\/\/www.europesays.com\/no\/wp-content\/uploads\/2025\/11\/18310218.webp\" fetchpriority=\"auto\" \/><\/p>\n<p>      STOLT S\u00d8STER: Blessing Osimhen har sett broren ta seg til toppen av fotballen.<br \/>\n         Foto: Uefa<\/p>\n<p>For Osimhen gjorde disse hendelsene ham mer bevisst p\u00e5 hva han m\u00e5tte gj\u00f8re.<\/p>\n<p>\u2013 Fotballen var det eneste som kunne redde familien min ut av fattigdommen, sier Osimhen.<\/p>\n<p>\u2013 Hun ofret alt for meg<\/p>\n<p>I 2023 ble Victor Osimhen k\u00e5ret til \u00e5rets afrikanske spiller.\u00a0<\/p>\n<p>En pris som henger sv\u00e6rt h\u00f8yt og tidligere er blitt vunnet av spillere som Mohamed Salah, Sadio Mane, Didier Drogba, Samuel Eto&#8217;o og George Weah.<\/p>\n<p>Etter \u00e5 ha vunnet prisen tok Osimhen med seg trofeet og dro hjem til Olusosun.\u00a0<\/p>\n<p>\u2013 Dette er et sted hvor befolkningen trodde det ikke var mulig \u00e5 oppn\u00e5 store ting. Victor kom hjem og viste folket at man kan lykkes, selv om man er herfra, sier s\u00f8steren Blessing Osimhen.<\/p>\n<p>For Paul Erikewe ble det et stort \u00f8yeblikk. Det var han som oppdaget talentet til Osimhen og hentet ham til akademiet Ultimate Strikers Academy.<\/p>\n<p class=\"bold m-bold\" data-lab-font_weight=\"bold\">\u2013 \u00c5 starte i en s\u00f8ppelhaug og n\u00e5 toppen av verden \u2026 Det sier sitt, sier Erikewe.<\/p>\n<p>        <img class=\"image__img lazyload\" itemprop=\"image\" title=\"Foto: Uefa\" alt=\"S\u00c5 TALENTET: Paul Erikewe driver fortsatt akademiet i Nigeria. Foto: Uefa\" width=\"675\" height=\"331\" bad-src=\"https:\/\/www.europesays.com\/no\/wp-content\/uploads\/2025\/11\/18310210.webp\" fetchpriority=\"auto\" \/><\/p>\n<p>      S\u00c5 TALENTET: Paul Erikewe driver fortsatt akademiet i Nigeria.<br \/>\n         Foto: Uefa<\/p>\n<p>Kontrastene er enorme til dagene hvor Osimhen gravde etter fotballsko i s\u00f8ppelhaugene.<\/p>\n<p>I Galatasaray tjener nigerianeren omkring 150 millioner kroner i \u00e5ret. Men det er \u00e9n person han gjerne skulle gitt et bedre liv.<\/p>\n<p>\u2013 D\u00f8dsfallet til mamma s\u00e5rer meg fortsatt. Hun ofret alt for meg, men s\u00e5 fikk hun ikke leve og opplevde dette, sier Osimhen.<\/p>\n<p>Galatasaray har f\u00e5tt en meget god start p\u00e5 Champions League og st\u00e5r med ni av tolv mulige poeng etter fire kamper. Tirsdag m\u00f8ter de Union SG.<\/p>\n<p>Der m\u00e5 de dessverre klare seg uten Osimhen, som p\u00e5dro seg en strekkskade under landslagspausen.<\/p>\n","protected":false},"excerpt":{"rendered":"\u2013 Oppveksten min var ekstremt t\u00f8ff. Jeg kommer fra veldig fattige k\u00e5r. Det sier spisstjernen Victor Osimhen i&hellip;\n","protected":false},"author":2,"featured_media":95799,"comment_status":"","ping_status":"","sticky":false,"template":"","format":"standard","meta":{"footnotes":""},"categories":[59],"tags":[30,28,29,83,82],"class_list":{"0":"post-95798","1":"post","2":"type-post","3":"status-publish","4":"format-standard","5":"has-post-thumbnail","7":"category-sport","8":"tag-no","9":"tag-norge","10":"tag-norway","11":"tag-sport","12":"tag-sports"},"share_on_mastodon":{"url":"https:\/\/pubeurope.com\/@no\/115607073191929480","error":""},"_links":{"self":[{"href":"https:\/\/www.europesays.com\/no\/wp-json\/wp\/v2\/posts\/95798","targetHints":{"allow":["GET"]}}],"collection":[{"href":"https:\/\/www.europesays.com\/no\/wp-json\/wp\/v2\/posts"}],"about":[{"href":"https:\/\/www.europesays.com\/no\/wp-json\/wp\/v2\/types\/post"}],"author":[{"embeddable":true,"href":"https:\/\/www.europesays.com\/no\/wp-json\/wp\/v2\/users\/2"}],"replies":[{"embeddable":true,"href":"https:\/\/www.europesays.com\/no\/wp-json\/wp\/v2\/comments?post=95798"}],"version-history":[{"count":0,"href":"https:\/\/www.europesays.com\/no\/wp-json\/wp\/v2\/posts\/95798\/revisions"}],"wp:featuredmedia":[{"embeddable":true,"href":"https:\/\/www.europesays.com\/no\/wp-json\/wp\/v2\/media\/95799"}],"wp:attachment":[{"href":"https:\/\/www.europesays.com\/no\/wp-json\/wp\/v2\/media?parent=95798"}],"wp:term":[{"taxonomy":"category","embeddable":true,"href":"https:\/\/www.europesays.com\/no\/wp-json\/wp\/v2\/categories?post=95798"},{"taxonomy":"post_tag","embeddable":true,"href":"https:\/\/www.europesays.com\/no\/wp-json\/wp\/v2\/tags?post=95798"}],"curies":[{"name":"wp","href":"https:\/\/api.w.org\/{rel}","templated":true}]}}