{"id":95810,"date":"2025-11-24T22:58:25","date_gmt":"2025-11-24T22:58:25","guid":{"rendered":"https:\/\/www.europesays.com\/no\/95810\/"},"modified":"2025-11-24T22:58:25","modified_gmt":"2025-11-24T22:58:25","slug":"martinez-tilbake-i-united-troppen-mot-everton-2","status":"publish","type":"post","link":"https:\/\/www.europesays.com\/no\/95810\/","title":{"rendered":"Mart\u00ednez tilbake i United-troppen mot Everton"},"content":{"rendered":"<p>        Ash Donelon\n    <\/p>\n<p class=\"kicker font-weight-bold m-font-weight-bold tertiary color_mobile_tertiary\" style=\"\">DUKET FOR COMEBACK?\u00a0<\/p>\n<p>Vi har allerede skrevet om at <a href=\"https:\/\/www.united.no\/nyheter\/lacey-i-united-troppen-for-forste-gang\/1405235\" target=\"_blank\" rel=\"nofollow noopener\">Shea Lacey, for f\u00f8rste gang, vil v\u00e6re en del av United-kamptroppen<\/a> til mandagens kamp mot Everton. Der blir det stiftet et nytt bekjentskap.<\/p>\n<p class=\"font-weight-bold m-font-weight-bold\" data-lab-font_weight=\"font-weight-bold\">Under flomlysene p\u00e5 Old Trafford kan vi mandag ogs\u00e5 f\u00e5 et etterlengtet gjensyn med en gammel kjenning.<\/p>\n<p class=\"font-weight-bold m-font-weight-bold\" data-lab-font_weight=\"font-weight-bold\">Det ble mandag skrevet om at Lisandro Mart\u00ednez var ventet \u00e5 v\u00e6re tilbake i Uniteds kamptropp, og det viste seg \u00e5 stemme.<\/p>\n<p>                <img decoding=\"async\" src=\"https:\/\/www.europesays.com\/no\/wp-content\/uploads\/2025\/11\/1402717.webp\" width=\"480\" height=\"274\" title=\"Lisandro Mart\u00ednez har jobbet hardt med \u00e5 trene seg opp etter den grusomme kneskaden.\" alt=\"Lisandro Martinez i styrkerommet denne uka.\" loading=\"lazy\" style=\"\"\/><\/p>\n<p>\n            Lisandro Mart\u00ednez har jobbet hardt med \u00e5 trene seg opp etter den grusomme kneskaden.<br \/>\n            Ash Donelon\n        <\/p>\n<p>Mart\u00ednez har ikke spilt en kamp siden han r\u00f8k korsb\u00e5ndet p\u00e5 nettopp Old Trafford, i en kamp mot Crystal Palace i februar tidligere i \u00e5r.\u00a0<\/p>\n<p>Skaden kom p\u00e5 et sv\u00e6rt ubeleilig tidspunkt ettersom Mart\u00ednez var inne i en veldig god United-periode, men n\u00e5 kan det alts\u00e5 v\u00e6re duket for en retur etter flere m\u00e5neder med rehabilitering.\u00a0<\/p>\n<p>\u2013 \u00abLicha\u00bb n\u00e6rmer seg \u00e5 v\u00e6re klar til \u00e5 spille, men vi m\u00e5 selvsagt v\u00e6re forsiktige, og han kommer selvsagt til \u00e5 slite litt de f\u00f8rste minuttene, men han er i en bedre situasjon enn for noen uker siden, sa Amorim p\u00e5 fredagens pressekonferanse.\u00a0<\/p>\n<p class=\"font-weight-bold m-font-weight-bold\" data-lab-font_weight=\"font-weight-bold\">Den siste tiden har han deltatt p\u00e5 treninger med b\u00e5de United og med det argentinske landslaget.\u00a0\u00a0<\/p>\n<p class=\"font-weight-bold m-font-weight-bold\" data-lab-font_weight=\"font-weight-bold\">Om den knallharde midtstopperen faktisk f\u00e5r noen minutter og gj\u00f8r sitt offisielle comeback avhenger nok helt av kampbildet. Hvis Mart\u00ednez entrer gressteppet er det i hvert fall ingen tvil om at han vil f\u00e5 en varm velkomst.\u00a0<\/p>\n<p>        <a itemprop=\"url\" class=\"\" href=\"https:\/\/www.united.no\/nyheter\/vare-vurderinger-om-laget-mot-everton-1\/1405177\" data-k5a-url=\"https:\/\/www.united.no\/a\/1405177\" rel=\"nofollow noopener\" target=\"_blank\"><\/p>\n<p>            V\u00e5re vurderinger om laget mot Everton<\/p>\n<p>        <\/a><\/p>\n","protected":false},"excerpt":{"rendered":"Ash Donelon DUKET FOR COMEBACK?\u00a0 Vi har allerede skrevet om at Shea Lacey, for f\u00f8rste gang, vil v\u00e6re&hellip;\n","protected":false},"author":2,"featured_media":95811,"comment_status":"","ping_status":"","sticky":false,"template":"","format":"standard","meta":{"footnotes":""},"categories":[59],"tags":[30,28,29,83,82],"class_list":{"0":"post-95810","1":"post","2":"type-post","3":"status-publish","4":"format-standard","5":"has-post-thumbnail","7":"category-sport","8":"tag-no","9":"tag-norge","10":"tag-norway","11":"tag-sport","12":"tag-sports"},"share_on_mastodon":{"url":"https:\/\/pubeurope.com\/@no\/115607155824524057","error":""},"_links":{"self":[{"href":"https:\/\/www.europesays.com\/no\/wp-json\/wp\/v2\/posts\/95810","targetHints":{"allow":["GET"]}}],"collection":[{"href":"https:\/\/www.europesays.com\/no\/wp-json\/wp\/v2\/posts"}],"about":[{"href":"https:\/\/www.europesays.com\/no\/wp-json\/wp\/v2\/types\/post"}],"author":[{"embeddable":true,"href":"https:\/\/www.europesays.com\/no\/wp-json\/wp\/v2\/users\/2"}],"replies":[{"embeddable":true,"href":"https:\/\/www.europesays.com\/no\/wp-json\/wp\/v2\/comments?post=95810"}],"version-history":[{"count":0,"href":"https:\/\/www.europesays.com\/no\/wp-json\/wp\/v2\/posts\/95810\/revisions"}],"wp:featuredmedia":[{"embeddable":true,"href":"https:\/\/www.europesays.com\/no\/wp-json\/wp\/v2\/media\/95811"}],"wp:attachment":[{"href":"https:\/\/www.europesays.com\/no\/wp-json\/wp\/v2\/media?parent=95810"}],"wp:term":[{"taxonomy":"category","embeddable":true,"href":"https:\/\/www.europesays.com\/no\/wp-json\/wp\/v2\/categories?post=95810"},{"taxonomy":"post_tag","embeddable":true,"href":"https:\/\/www.europesays.com\/no\/wp-json\/wp\/v2\/tags?post=95810"}],"curies":[{"name":"wp","href":"https:\/\/api.w.org\/{rel}","templated":true}]}}