{"id":95812,"date":"2025-11-24T23:03:11","date_gmt":"2025-11-24T23:03:11","guid":{"rendered":"https:\/\/www.europesays.com\/no\/95812\/"},"modified":"2025-11-24T23:03:11","modified_gmt":"2025-11-24T23:03:11","slug":"gardermoen-fly-kvinne-kastet-av-fly-pa-gardermoen","status":"publish","type":"post","link":"https:\/\/www.europesays.com\/no\/95812\/","title":{"rendered":"Gardermoen, Fly | Kvinne kastet av fly p\u00e5 Gardermoen"},"content":{"rendered":"\n<p>(<a href=\"https:\/\/www.rb.no\/kvinne-kastet-av-fly\/s\/5-43-2617108\" rel=\"Follow nofollow noopener\" target=\"_blank\">Romerikes Blad<\/a>): Ved midnatt natt til fredag ble politiet tilkalt til en gate p\u00e5 Oslo lufthavn Gardermoen.<\/p>\n<p>\u2013 Det var to kvinnelige passasjerer som ikke klarte \u00e5 oppf\u00f8re seg, sier operasjonsleder i \u00d8st politidistrikt, Fredrik Solbakken.<\/p>\n<p><b>Les ogs\u00e5: <a href=\"https:\/\/www.nettavisen.no\/nyheter\/ble-kastet-av-flyet-vi-har-nulltoleranse\/s\/5-95-2737398\" rel=\"Follow nofollow noopener\" target=\"_blank\">Ble kastet av flyet: \u2013 Vi har nulltoleranse<\/a><\/b><\/p>\n<p>    Vil du se neste video?<\/p>\n<p>    <a href=\"https:\/\/www.nettavisen.no\/sport\/her-bryter-kronprins-haakon-inn-nar-prins-sverre-magnus-svarer-pa-italia-sporsmal-fra-norsk-presse\/v\/5-95-2731534\" class=\"recommend-poster\" data-adp-clicklabel=\"video-recommend\" data-adp-clickvalue=\"poster\" rel=\"nofollow noopener\" target=\"_blank\"><br \/>\n      <img decoding=\"async\" width=\"200\" height=\"200\" loading=\"lazy\" src=\"https:\/\/www.europesays.com\/no\/wp-content\/uploads\/2025\/11\/Kronprins+Haakon+til+cue.jpg\" alt=\"\" class=\"brick-c-cFOWSL\" style=\"--brick-image-ratio: 200 \/ 200;\"\/><\/p>\n<p>Her bryter kronprinsen inn0:38<\/p>\n<p>    <\/a><\/p>\n<p>        Torsdag styrtet et Air India fly kort tid etter avgang &#8211; 240 personer omkom i tragedien. N\u00e5 sirkulerer det en video p\u00e5 X, som skal v\u00e6re filmet inne i flyet p\u00e5 dets nest siste tur, bare timer f\u00f8r tragedien.<\/p>\n<p>If\u00f8lge operasjonslederen ble de to kvinnen nektet \u00e5 g\u00e5 om bord i flyet, blant annet p\u00e5 grunn av beruselse og ufin oppf\u00f8rsel.<\/p>\n<p>\u2013 Den ene kvinnen l\u00f8p forbi gaten og inn p\u00e5 flyet. Vekterne trengte bistand, s\u00e5 politiet kom og tok henne av flyet og geleidet henne ut av terminalen, sier operasjonslederen.<\/p>\n<p><b>Les ogs\u00e5: <a href=\"https:\/\/www.nettavisen.no\/5-95-2725225\" rel=\"nofollow noopener\" target=\"_blank\">Dieselavgiften skal \u00f8ke 6 kroner per liter<\/a><\/b><\/p>\n<p>Han opplyser at det er snakk om en kvinne i 70-\u00e5rene fra Drammensregionen.<\/p>\n<p>Den andre involverte kvinnen er i 50-\u00e5rene fra B\u00e6rum. Hun skal if\u00f8lge politiet ha v\u00e6rt samarbeidsvillig og fikk lov til \u00e5 oppholde seg p\u00e5 flyplassen til fredag.<\/p>\n<p>    Vil du se neste video?<\/p>\n<p>    <a href=\"https:\/\/www.nettavisen.no\/sport\/her-bryter-kronprins-haakon-inn-nar-prins-sverre-magnus-svarer-pa-italia-sporsmal-fra-norsk-presse\/v\/5-95-2731534\" class=\"recommend-poster\" data-adp-clicklabel=\"video-recommend\" data-adp-clickvalue=\"poster\" rel=\"nofollow noopener\" target=\"_blank\"><br \/>\n      <img decoding=\"async\" width=\"200\" height=\"200\" loading=\"lazy\" src=\"https:\/\/www.europesays.com\/no\/wp-content\/uploads\/2025\/11\/Kronprins+Haakon+til+cue.jpg\" alt=\"\" class=\"brick-c-cFOWSL\" style=\"--brick-image-ratio: 200 \/ 200;\"\/><\/p>\n<p>Her bryter kronprinsen inn0:38<\/p>\n<p>    <\/a><\/p>\n<p>        Illsint kvinne gikk til angrep p\u00e5 flyvertinne \u2013 fikk flyet til \u00e5 snu.<\/p>\n","protected":false},"excerpt":{"rendered":"(Romerikes Blad): Ved midnatt natt til fredag ble politiet tilkalt til en gate p\u00e5 Oslo lufthavn Gardermoen. \u2013&hellip;\n","protected":false},"author":2,"featured_media":3844,"comment_status":"","ping_status":"","sticky":false,"template":"","format":"standard","meta":{"footnotes":""},"categories":[10],"tags":[20,21,24,25,15,22,23,13,30,28,29,14,16,26,27],"class_list":{"0":"post-95812","1":"post","2":"type-post","3":"status-publish","4":"format-standard","5":"has-post-thumbnail","7":"category-norge","8":"tag-breaking-news","9":"tag-breakingnews","10":"tag-featured-news","11":"tag-featurednews","12":"tag-headlines","13":"tag-latest-news","14":"tag-latestnews","15":"tag-news","16":"tag-no","17":"tag-norge","18":"tag-norway","19":"tag-nyheter","20":"tag-overskrifter","21":"tag-top-stories","22":"tag-topstories"},"share_on_mastodon":{"url":"https:\/\/pubeurope.com\/@no\/115607175673716831","error":""},"_links":{"self":[{"href":"https:\/\/www.europesays.com\/no\/wp-json\/wp\/v2\/posts\/95812","targetHints":{"allow":["GET"]}}],"collection":[{"href":"https:\/\/www.europesays.com\/no\/wp-json\/wp\/v2\/posts"}],"about":[{"href":"https:\/\/www.europesays.com\/no\/wp-json\/wp\/v2\/types\/post"}],"author":[{"embeddable":true,"href":"https:\/\/www.europesays.com\/no\/wp-json\/wp\/v2\/users\/2"}],"replies":[{"embeddable":true,"href":"https:\/\/www.europesays.com\/no\/wp-json\/wp\/v2\/comments?post=95812"}],"version-history":[{"count":0,"href":"https:\/\/www.europesays.com\/no\/wp-json\/wp\/v2\/posts\/95812\/revisions"}],"wp:featuredmedia":[{"embeddable":true,"href":"https:\/\/www.europesays.com\/no\/wp-json\/wp\/v2\/media\/3844"}],"wp:attachment":[{"href":"https:\/\/www.europesays.com\/no\/wp-json\/wp\/v2\/media?parent=95812"}],"wp:term":[{"taxonomy":"category","embeddable":true,"href":"https:\/\/www.europesays.com\/no\/wp-json\/wp\/v2\/categories?post=95812"},{"taxonomy":"post_tag","embeddable":true,"href":"https:\/\/www.europesays.com\/no\/wp-json\/wp\/v2\/tags?post=95812"}],"curies":[{"name":"wp","href":"https:\/\/api.w.org\/{rel}","templated":true}]}}