{"id":95813,"date":"2025-11-24T23:04:10","date_gmt":"2025-11-24T23:04:10","guid":{"rendered":"https:\/\/www.europesays.com\/no\/95813\/"},"modified":"2025-11-24T23:04:10","modified_gmt":"2025-11-24T23:04:10","slug":"mann-siktet-for-drap-dagbladet","status":"publish","type":"post","link":"https:\/\/www.europesays.com\/no\/95813\/","title":{"rendered":"Mann siktet for drap &#8211; Dagbladet"},"content":{"rendered":"<ol>\n<li><a href=\"https:\/\/news.google.com\/rss\/articles\/CBMib0FVX3lxTE9qVFBDYVZfNzJOeHgyNzR0clpsNmN1WjgzN2VRcnFPMmhhWlNfeGlLNE5nNktOX2lySGdxWjdEZDBhMFhOak9velBaNlpYRVptRmNiODNyVWpyZDBSZzFhb0p2MjFnWmhJaXQtelpzVQ?oc=5\" target=\"_blank\" rel=\"nofollow noopener\">Mann siktet for drap<\/a>&nbsp;&nbsp;Dagbladet<\/li>\n<li><a href=\"https:\/\/news.google.com\/rss\/articles\/CBMie0FVX3lxTE1aaDBqRlRSSWhYOVJYZlp6T21UVVZFNXh5SFRXX2hIeWJCdTlwbUVseU8wX0V2bnlVd1BPVHpidnR0V0hHYnU1YzZQM1lDUUV0b3ZVaHI4Z3FzS1FWMVlvcFVMY1NaRFdPY2tEbWR6OFdDYW1aaFY2LVJsZw?oc=5\" target=\"_blank\" rel=\"nofollow noopener\">\u00c9n d\u00f8d etter vold p\u00e5 helse- og omsorgssenter \u2013 mann siktet for drap<\/a>&nbsp;&nbsp;VG<\/li>\n<li><a href=\"https:\/\/news.google.com\/rss\/articles\/CBMihAFBVV95cUxNdUljVG5xeEtsLVowR2ltTW5CUkdLaVVpVXJ0QnBQVGJNck5odC12Q1F1VUVxVlBJTWZjazlNRFlGMVJjRFlqNWMwclppd0NXUHRSVEdyZEtNLUhsZkNCYTd5eVFJR2M3Y3RFZm9Cd0ZqSldOaHphcDc1YjVoZkNtTWVPZXY?oc=5\" target=\"_blank\" rel=\"nofollow noopener\">Politi\u00adadvo\u00adkaten: &#8211; Han er siktet for drap<\/a>&nbsp;&nbsp;itromso.no<\/li>\n<li><a href=\"https:\/\/news.google.com\/rss\/articles\/CBMiogFBVV95cUxPNVdDVkRHcjAzczFPamdwNU5VSW1sSEVZd19WWG1ZU0R5M1ZCTGdJVzRLSm5LTzB4X1RTSTNaQWFocmQyRWV3RXRMbV9RYUtvdEFJTjJzY29LNlZjdDZJWmJlaDlGc19QQkVTUFpHeG0wNnE1TFg1d1VMREdpVTdWY05JeGJ2V1JwanB2ZlB3d1E5c0ZNLXN6R1N0aEQzQlNwN2c?oc=5\" target=\"_blank\" rel=\"nofollow noopener\">Lyngen, Lyngseidet | Innbyggerne i sjokk: \u2013 Alle kjenner alle og man tror det er trygt<\/a>&nbsp;&nbsp;Nordlys<\/li>\n<li><a href=\"https:\/\/news.google.com\/rss\/articles\/CBMijgFBVV95cUxPNjhIR0lpbkI4aEQwNjZ1QmJERGNhUTEwaVBZNUtXbzJUdGRsNC1CaXB0X0NaMTNMc2Rhd2Z1SXJvbHRLdkVoa0lTN1Itd3lHMENaVmJ3LWlkTEMxM3NnVXlLelJNNkxnM05wN3ktV1lxR05TSm05Q3MtQVBlRURpV1BLOXpOSTY3Z3NfWWR3?oc=5\" target=\"_blank\" rel=\"nofollow noopener\">(+) Antatt gjerningsperson fraktes til Troms\u00f8<\/a>&nbsp;&nbsp;altaposten.no<\/li>\n<\/ol>\n","protected":false},"excerpt":{"rendered":"Mann siktet for drap&nbsp;&nbsp;Dagbladet \u00c9n d\u00f8d etter vold p\u00e5 helse- og omsorgssenter \u2013 mann siktet for drap&nbsp;&nbsp;VG Politi\u00adadvo\u00adkaten:&hellip;\n","protected":false},"author":2,"featured_media":765,"comment_status":"","ping_status":"","sticky":false,"template":"","format":"standard","meta":{"footnotes":""},"categories":[5],"tags":[20,21,24,25,15,19,2539,22,23,17,18,13,30,28,29,14,16,26,27],"class_list":{"0":"post-95813","1":"post","2":"type-post","3":"status-publish","4":"format-standard","5":"has-post-thumbnail","7":"category-overskrifter","8":"tag-breaking-news","9":"tag-breakingnews","10":"tag-featured-news","11":"tag-featurednews","12":"tag-headlines","13":"tag-hovedoppslag","14":"tag-innenriks","15":"tag-latest-news","16":"tag-latestnews","17":"tag-main-news","18":"tag-mainnews","19":"tag-news","20":"tag-no","21":"tag-norge","22":"tag-norway","23":"tag-nyheter","24":"tag-overskrifter","25":"tag-top-stories","26":"tag-topstories"},"share_on_mastodon":{"url":"https:\/\/pubeurope.com\/@no\/115607179411703402","error":""},"_links":{"self":[{"href":"https:\/\/www.europesays.com\/no\/wp-json\/wp\/v2\/posts\/95813","targetHints":{"allow":["GET"]}}],"collection":[{"href":"https:\/\/www.europesays.com\/no\/wp-json\/wp\/v2\/posts"}],"about":[{"href":"https:\/\/www.europesays.com\/no\/wp-json\/wp\/v2\/types\/post"}],"author":[{"embeddable":true,"href":"https:\/\/www.europesays.com\/no\/wp-json\/wp\/v2\/users\/2"}],"replies":[{"embeddable":true,"href":"https:\/\/www.europesays.com\/no\/wp-json\/wp\/v2\/comments?post=95813"}],"version-history":[{"count":0,"href":"https:\/\/www.europesays.com\/no\/wp-json\/wp\/v2\/posts\/95813\/revisions"}],"wp:featuredmedia":[{"embeddable":true,"href":"https:\/\/www.europesays.com\/no\/wp-json\/wp\/v2\/media\/765"}],"wp:attachment":[{"href":"https:\/\/www.europesays.com\/no\/wp-json\/wp\/v2\/media?parent=95813"}],"wp:term":[{"taxonomy":"category","embeddable":true,"href":"https:\/\/www.europesays.com\/no\/wp-json\/wp\/v2\/categories?post=95813"},{"taxonomy":"post_tag","embeddable":true,"href":"https:\/\/www.europesays.com\/no\/wp-json\/wp\/v2\/tags?post=95813"}],"curies":[{"name":"wp","href":"https:\/\/api.w.org\/{rel}","templated":true}]}}