{"id":95818,"date":"2025-11-24T23:12:25","date_gmt":"2025-11-24T23:12:25","guid":{"rendered":"https:\/\/www.europesays.com\/no\/95818\/"},"modified":"2025-11-24T23:12:25","modified_gmt":"2025-11-24T23:12:25","slug":"unni-askeland-innlagt-etter-akutt-virus","status":"publish","type":"post","link":"https:\/\/www.europesays.com\/no\/95818\/","title":{"rendered":"Unni Askeland: Innlagt etter akutt virus:"},"content":{"rendered":"<p>L\u00f8rdag fikk billedkunster Unni Askeland (63) et virus som oppsto akutt.\u00a0<\/p>\n<p>Det skriver hun selv p\u00e5 Instagram <a href=\"https:\/\/www.instagram.com\/p\/DRcZwxdDH_X\/?hl=en\" target=\"_blank\" rel=\"nofollow noopener\">mandag kveld<\/a>:<\/p>\n<p>\u00abJeg har et lite mini-opphold p\u00e5 Ahus for behandling av virus p\u00e5 balansenerven\u00bb, skriver hun.<\/p>\n<p>Til TV 2 forteller Askeland at hun ble innlagt p\u00e5 l\u00f8rdag.<\/p>\n<p class=\"bold m-bold\" data-lab-font_weight=\"bold\">\u2013 Jeg er svimmel og kvalm, og har stort sett \u00f8ynene igjen. Jeg h\u00e5per p\u00e5 bedring snart, skriver hun i en tekstmelding f\u00f8r hun fortsetter:<\/p>\n<p>\u2013 Jeg har blitt godt ivaretatt her p\u00e5 Ahus, helt enest\u00e5ende faktisk. Jeg h\u00e5per ikke dette tar for lang tid.<\/p>\n<p>Betennelsen har medf\u00f8rt at Askeland ikke f\u00e5r gjennomf\u00f8rt et arrangement hun har i Fredrikstad denne uken.<\/p>\n<p>\u2013 Jeg skulle til Fredrikstad p\u00e5 torsdag for \u00e5 holde \u00abPaint and sip\u00bb-kurs, s\u00e5 det jeg er mest lei meg for er at jeg ikke f\u00e5r gjort jobben min, sier hun.<\/p>\n<p>Hun forteller videre at hennes \u00e5pne atelier g\u00e5r som planlagt p\u00e5 s\u00f8ndag.<\/p>\n<p>\u2013 De nye maleriene mine blir vel svimlende gode, sier hun avslutningsvis.<\/p>\n<p>        <img class=\"image__img lazyload\" itemprop=\"image\" title=\"Foto: Privat\" alt=\"SVIMMEL: Askeland forteller til TV 2 at hun er s\u00e5 svimmel at \u00f8ynene er lukket mesteparten av tiden. Foto: Privat\" width=\"675\" height=\"1128\" bad-src=\"https:\/\/www.europesays.com\/no\/wp-content\/uploads\/2025\/11\/18319134.webp\" fetchpriority=\"auto\" \/><\/p>\n<p>      SVIMMEL: Askeland forteller til TV 2 at hun er s\u00e5 svimmel at \u00f8ynene er lukket mesteparten av tiden.<br \/>\n         Foto: Privat<\/p>\n<p><script async src=\"\/\/www.instagram.com\/embed.js\"><\/script><\/p>\n","protected":false},"excerpt":{"rendered":"L\u00f8rdag fikk billedkunster Unni Askeland (63) et virus som oppsto akutt.\u00a0 Det skriver hun selv p\u00e5 Instagram mandag&hellip;\n","protected":false},"author":2,"featured_media":95819,"comment_status":"","ping_status":"","sticky":false,"template":"","format":"standard","meta":{"footnotes":""},"categories":[5],"tags":[20,21,24,25,15,19,22,23,17,18,13,30,28,29,14,16,26,27],"class_list":{"0":"post-95818","1":"post","2":"type-post","3":"status-publish","4":"format-standard","5":"has-post-thumbnail","7":"category-overskrifter","8":"tag-breaking-news","9":"tag-breakingnews","10":"tag-featured-news","11":"tag-featurednews","12":"tag-headlines","13":"tag-hovedoppslag","14":"tag-latest-news","15":"tag-latestnews","16":"tag-main-news","17":"tag-mainnews","18":"tag-news","19":"tag-no","20":"tag-norge","21":"tag-norway","22":"tag-nyheter","23":"tag-overskrifter","24":"tag-top-stories","25":"tag-topstories"},"share_on_mastodon":{"url":"https:\/\/pubeurope.com\/@no\/115607210926889648","error":""},"_links":{"self":[{"href":"https:\/\/www.europesays.com\/no\/wp-json\/wp\/v2\/posts\/95818","targetHints":{"allow":["GET"]}}],"collection":[{"href":"https:\/\/www.europesays.com\/no\/wp-json\/wp\/v2\/posts"}],"about":[{"href":"https:\/\/www.europesays.com\/no\/wp-json\/wp\/v2\/types\/post"}],"author":[{"embeddable":true,"href":"https:\/\/www.europesays.com\/no\/wp-json\/wp\/v2\/users\/2"}],"replies":[{"embeddable":true,"href":"https:\/\/www.europesays.com\/no\/wp-json\/wp\/v2\/comments?post=95818"}],"version-history":[{"count":0,"href":"https:\/\/www.europesays.com\/no\/wp-json\/wp\/v2\/posts\/95818\/revisions"}],"wp:featuredmedia":[{"embeddable":true,"href":"https:\/\/www.europesays.com\/no\/wp-json\/wp\/v2\/media\/95819"}],"wp:attachment":[{"href":"https:\/\/www.europesays.com\/no\/wp-json\/wp\/v2\/media?parent=95818"}],"wp:term":[{"taxonomy":"category","embeddable":true,"href":"https:\/\/www.europesays.com\/no\/wp-json\/wp\/v2\/categories?post=95818"},{"taxonomy":"post_tag","embeddable":true,"href":"https:\/\/www.europesays.com\/no\/wp-json\/wp\/v2\/tags?post=95818"}],"curies":[{"name":"wp","href":"https:\/\/api.w.org\/{rel}","templated":true}]}}