{"id":95820,"date":"2025-11-24T23:13:33","date_gmt":"2025-11-24T23:13:33","guid":{"rendered":"https:\/\/www.europesays.com\/no\/95820\/"},"modified":"2025-11-24T23:13:33","modified_gmt":"2025-11-24T23:13:33","slug":"karrierebeste-av-ventura-na-venter-ikke-q-school","status":"publish","type":"post","link":"https:\/\/www.europesays.com\/no\/95820\/","title":{"rendered":"Karrierebeste av Ventura \u2013 n\u00e5 venter ikke Q-school"},"content":{"rendered":"<p class=\"kicker t22 tm22 font-weight-normal m-font-weight-normal color_mobile_no_bg_color font-BebasNeue no_italic m-no_italic\" style=\"color:rgb(125, 176, 162) !important;\">PGA TOUR\/\/<\/p>\n<p>    Kristoffer Ventura (30) avsluttet med sin laveste runde p\u00e5 PGA-touren noensinne. Det holdt likevel ikke. N\u00e5 venter andre spennende, og hyggelige, prioriteringer for nordmannen.\u00a0<\/p>\n<p>\n        Kristoffer Ventura spilte eventyrlig golf og avsluttet sesongfinalen med 61 slag. N\u00e5 blir det helt andre ting \u00e5 tenke for 30-\u00e5ringen.<br \/>\n        Foto: Getty\n    <\/p>\n<p>Det holdt til \u00e5 redde maska, og mer enn det. Det holdt til \u00e5 redde b\u00e5de selvf\u00f8lelsen og selvtilliten.<\/p>\n<p>For s\u00f8ndag leverte Kristoffer Ventura karrierebeste p\u00e5 \u00e9n runde p\u00e5 PGA-touren. 61 slag, ni under par, med fire birdier p\u00e5 de f\u00f8rste ni og fem p\u00e5 de siste. Men det holdt dessverre ikke.\u00a0<\/p>\n<p>Oppgaven f\u00f8r RSM Classic denne uken var vanskelig nok. Fra 116. plass p\u00e5 FedEx-listen var nordmannen avhengig av en topplassering i \u00e5rets siste turnering for \u00e5 kunne klatre innenfor den magiske topp 100-grensen.<\/p>\n<p>Han l\u00e5 godt an etter 65 og 69 slag p\u00e5 de to f\u00f8rste rundene, men l\u00f8rdag raste han p\u00e5 ledertavlen med en tung 73-runde . Og mer skal ikke til i dette selskapet. Et par timer med en kald putter, og to-tre innspill som ikke treffer greenen.<\/p>\n<p>For s\u00f8ndag var Ventura tilbake i storslag p\u00e5 Sea Island Golf Club.\u00a0P\u00e5 de f\u00f8rste ni hullene gjorde nordmannen fire birdier. Han fulgte opp med fire strake til p\u00e5 siste ni. F\u00f8r han senket en 15 meters putt til rundens niende birdie p\u00e5 den 18. greenen.<\/p>\n<p class=\"font-weight-bold m-font-weight-bold\" data-lab-font_weight=\"font-weight-bold\">Han endte dagen ni (!) under par, minus fjorten totalt. Og den avsluttende 61-runden f\u00f8rte ham opp til delt 34. plass.\u00a0<\/p>\n<p>Skal bli pappa<\/p>\n<p>\u00abVanligvis\u00bb hadde det v\u00e6rt naturlig \u00e5 tro at han skulle forbli i USA for \u00e5 kjempe p\u00e5 \u00e9n av de fem gjeve plassene i finalesteget p\u00e5 Q-School 11. til 14. desember. Men turen g\u00e5r heller hjem til en voksende familie p\u00e5 hjemmebane.\u00a0<\/p>\n<p class=\"font-weight-bold m-font-weight-bold\" data-lab-font_weight=\"font-weight-bold\">\u2013 Nei, det blir ikke noe kvalifisering p\u00e5 meg, sa Ventura til <a href=\"https:\/\/www.eurosport.no\/golf\/kristoffer-ventura-dropper-q-school-og-blir-ikke-pga-tour-spiller-i-2026-na-skal-jeg-hjem-og-bli-pappa_sto23244019\/story.shtml\" target=\"_blank\" rel=\"nofollow noopener\">HBO Max<\/a>\u00a0etter runden.\u00a0<\/p>\n<p class=\"font-weight-bold m-font-weight-bold\" data-lab-font_weight=\"font-weight-bold\">\u2013 N\u00e5 skal jeg hjem og bli pappa, noe som blir utrolig spennende. Det blir busy fremover, la han til.<\/p>\n<p data-lab-font_weight=\"\">I tiden fremover blir det derfor naturligvis ferie og familieliv i fokus for 30-\u00e5ringen.\u00a0<\/p>\n<p data-lab-font_weight=\"\">\u2013 Det blir helt utrolig. N\u00e5 skal jeg forte meg hjem til Norge, s\u00e5 f\u00e5r vi se hvordan neste sesong ser ut.\u00a0<\/p>\n<p data-lab-font_weight=\"\">Ventura har s\u00e5kalt \u00abconditional PGA Tour-status\u00bb, noe som betyr at han vil f\u00e5 muligheter p\u00e5 neste \u00e5rs tur. N\u00e5r eller hvor mange vites ikke, men det bekymrer ikke Ventura nevneverdig:<\/p>\n<p data-lab-font_weight=\"\" class=\"no_italic m-no_italic\" data-lab-italic=\"\">\u2013 Spillet mitt er bra nok og jeg har blitt mye bedre de siste \u00e5rene. Hvis jeg f\u00e5r nok sjanser neste \u00e5r kommer jeg til \u00e5 l\u00f8se det p\u00e5 en bra m\u00e5te, avsluttet han f\u00f8r han vendte nesen hjem til familien i Norge.\u00a0<\/p>\n<p class=\"no_italic m-no_italic\" data-lab-italic=\"\">I toppen av ledertavlen holdt Sami V\u00e4lim\u00e4ki hodet kaldt. Med en 66-runde s\u00f8ndag kunne finnen juble for sin f\u00f8rste seier p\u00e5 PGA-touren, ett slag foran amerikaneren Max McGreevy.<\/p>\n<p class=\"italic m-italic\" data-lab-italic=\"italic\">Journ.anm.: I en tidligere versjon av denne artikkelen sto det at Ventura skulle spille Q-School i desember, men det var f\u00f8r den gledelige nyheten om hans voksende familie. Saken ble endret mandag kl. 20.32. Norsk Golf gratulerer!<\/p>\n<p><a href=\"https:\/\/www.pgatour.com\/leaderboard\" target=\"_blank\" class=\"dacBtn bg-btn-color\" rel=\"nofollow noopener\">Her er ledertavlen<\/a><\/p>\n","protected":false},"excerpt":{"rendered":"PGA TOUR\/\/ Kristoffer Ventura (30) avsluttet med sin laveste runde p\u00e5 PGA-touren noensinne. Det holdt likevel ikke. N\u00e5&hellip;\n","protected":false},"author":2,"featured_media":95190,"comment_status":"","ping_status":"","sticky":false,"template":"","format":"standard","meta":{"footnotes":""},"categories":[59],"tags":[30,28,29,83,82],"class_list":{"0":"post-95820","1":"post","2":"type-post","3":"status-publish","4":"format-standard","5":"has-post-thumbnail","7":"category-sport","8":"tag-no","9":"tag-norge","10":"tag-norway","11":"tag-sport","12":"tag-sports"},"share_on_mastodon":{"url":"https:\/\/pubeurope.com\/@no\/115607214717754492","error":""},"_links":{"self":[{"href":"https:\/\/www.europesays.com\/no\/wp-json\/wp\/v2\/posts\/95820","targetHints":{"allow":["GET"]}}],"collection":[{"href":"https:\/\/www.europesays.com\/no\/wp-json\/wp\/v2\/posts"}],"about":[{"href":"https:\/\/www.europesays.com\/no\/wp-json\/wp\/v2\/types\/post"}],"author":[{"embeddable":true,"href":"https:\/\/www.europesays.com\/no\/wp-json\/wp\/v2\/users\/2"}],"replies":[{"embeddable":true,"href":"https:\/\/www.europesays.com\/no\/wp-json\/wp\/v2\/comments?post=95820"}],"version-history":[{"count":0,"href":"https:\/\/www.europesays.com\/no\/wp-json\/wp\/v2\/posts\/95820\/revisions"}],"wp:featuredmedia":[{"embeddable":true,"href":"https:\/\/www.europesays.com\/no\/wp-json\/wp\/v2\/media\/95190"}],"wp:attachment":[{"href":"https:\/\/www.europesays.com\/no\/wp-json\/wp\/v2\/media?parent=95820"}],"wp:term":[{"taxonomy":"category","embeddable":true,"href":"https:\/\/www.europesays.com\/no\/wp-json\/wp\/v2\/categories?post=95820"},{"taxonomy":"post_tag","embeddable":true,"href":"https:\/\/www.europesays.com\/no\/wp-json\/wp\/v2\/tags?post=95820"}],"curies":[{"name":"wp","href":"https:\/\/api.w.org\/{rel}","templated":true}]}}