{"id":95824,"date":"2025-11-24T23:25:10","date_gmt":"2025-11-24T23:25:10","guid":{"rendered":"https:\/\/www.europesays.com\/no\/95824\/"},"modified":"2025-11-24T23:25:10","modified_gmt":"2025-11-24T23:25:10","slug":"gulskogen-nyhet-bil-pa-taket-forer-til-sykehus","status":"publish","type":"post","link":"https:\/\/www.europesays.com\/no\/95824\/","title":{"rendered":"Gulskogen, Nyhet | Bil p\u00e5 taket \u2013 f\u00f8rer til sykehus"},"content":{"rendered":"\n<p><b>GULSKOGEN<\/b>: N\u00f8detatene rykket mandag kveld ut til Str\u00f8msgodset meninghetssenter der det har v\u00e6rt en trafikkulykke.<\/p>\n<p>En bil havnet p\u00e5 taket og n\u00f8detatene jobbet innledningsvis med \u00e5 f\u00e5 f\u00f8reren ut av bilen.<\/p>\n<p><b>Politiets innsatsleder Helene Sandquist forteller til Drammens Tidende at f\u00f8reren er kj\u00f8rt til sykehus.<\/b><\/p>\n<p>Operasjonsleder Jan Tore Gregersen melder klokka 22.21 at f\u00f8reren, en mann i 80-\u00e5rene, er bevisstl\u00f8s, men puster selv.<\/p>\n<p>If\u00f8lge Gregersen skal bilen ha kantret etter \u00e5 ha truffet en stein.<\/p>\n<p>\u2013 P\u00e5r\u00f8rende er varslet om hendelsen, opplyser han.<\/p>\n<p><b>Det var kun f\u00f8reren i bilen da ulykken skjedde. \u00c5rsaken til ulykken er forel\u00f8pig ukjent.<\/b><\/p>\n<p>N\u00f8detatene rykket ut med flere enheter. Politiet var p\u00e5 stedet med fire biler, samt at to brannbiler, \u00e9n ambulanse og en legevaktbil rykket ut til ulykken.<\/p>\n<p>Politiet oppretter sak p\u00e5 ulykken og etterforsker saken videre.<\/p>\n<p>   <img decoding=\"async\" width=\"2048\" height=\"1536\" fetchpriority=\"low\"  loading=\"lazy\"  src=\"https:\/\/www.europesays.com\/no\/wp-content\/uploads\/2025\/11\/7d811ed8-ee97-475b-9ec3-2e5c7c6d0301.jpg\" alt=\"\" class=\"brick-c-cFOWSL\" style=\"--brick-image-ratio: 2048 \/ 1536;\"\/><\/p>\n","protected":false},"excerpt":{"rendered":"GULSKOGEN: N\u00f8detatene rykket mandag kveld ut til Str\u00f8msgodset meninghetssenter der det har v\u00e6rt en trafikkulykke. En bil havnet&hellip;\n","protected":false},"author":2,"featured_media":95825,"comment_status":"","ping_status":"","sticky":false,"template":"","format":"standard","meta":{"footnotes":""},"categories":[12],"tags":[36,20,21,24,25,11091,15,22,23,13,30,28,29,447,14,16,1510,26,27,224,42,43,44,45],"class_list":{"0":"post-95824","1":"post","2":"type-post","3":"status-publish","4":"format-standard","5":"has-post-thumbnail","7":"category-verden","8":"tag-art","9":"tag-breaking-news","10":"tag-breakingnews","11":"tag-featured-news","12":"tag-featurednews","13":"tag-gulskogen","14":"tag-headlines","15":"tag-latest-news","16":"tag-latestnews","17":"tag-news","18":"tag-no","19":"tag-norge","20":"tag-norway","21":"tag-nyhet","22":"tag-nyheter","23":"tag-overskrifter","24":"tag-story","25":"tag-top-stories","26":"tag-topstories","27":"tag-trafikk","28":"tag-verden","29":"tag-world","30":"tag-world-news","31":"tag-worldnews"},"share_on_mastodon":{"url":"https:\/\/pubeurope.com\/@no\/115607262032503223","error":""},"_links":{"self":[{"href":"https:\/\/www.europesays.com\/no\/wp-json\/wp\/v2\/posts\/95824","targetHints":{"allow":["GET"]}}],"collection":[{"href":"https:\/\/www.europesays.com\/no\/wp-json\/wp\/v2\/posts"}],"about":[{"href":"https:\/\/www.europesays.com\/no\/wp-json\/wp\/v2\/types\/post"}],"author":[{"embeddable":true,"href":"https:\/\/www.europesays.com\/no\/wp-json\/wp\/v2\/users\/2"}],"replies":[{"embeddable":true,"href":"https:\/\/www.europesays.com\/no\/wp-json\/wp\/v2\/comments?post=95824"}],"version-history":[{"count":0,"href":"https:\/\/www.europesays.com\/no\/wp-json\/wp\/v2\/posts\/95824\/revisions"}],"wp:featuredmedia":[{"embeddable":true,"href":"https:\/\/www.europesays.com\/no\/wp-json\/wp\/v2\/media\/95825"}],"wp:attachment":[{"href":"https:\/\/www.europesays.com\/no\/wp-json\/wp\/v2\/media?parent=95824"}],"wp:term":[{"taxonomy":"category","embeddable":true,"href":"https:\/\/www.europesays.com\/no\/wp-json\/wp\/v2\/categories?post=95824"},{"taxonomy":"post_tag","embeddable":true,"href":"https:\/\/www.europesays.com\/no\/wp-json\/wp\/v2\/tags?post=95824"}],"curies":[{"name":"wp","href":"https:\/\/api.w.org\/{rel}","templated":true}]}}