{"id":95832,"date":"2025-11-24T23:35:10","date_gmt":"2025-11-24T23:35:10","guid":{"rendered":"https:\/\/www.europesays.com\/no\/95832\/"},"modified":"2025-11-24T23:35:10","modified_gmt":"2025-11-24T23:35:10","slug":"trafikk-koppang-store-utfordringer-pa-riksveg-3-ostlendingen","status":"publish","type":"post","link":"https:\/\/www.europesays.com\/no\/95832\/","title":{"rendered":"Trafikk, Koppang | Store utfordringer p\u00e5 riksveg 3 &#8211; \u00d8stlendingen"},"content":{"rendered":"<ol>\n<li><a href=\"https:\/\/news.google.com\/rss\/articles\/CBMif0FVX3lxTE11MmprbTQ4QnVKR2hmekdIMUNmYjdwcHJRREtvMzRzOHgtSUl0U25zUjA3ZERBLURJdWpTQ2M4LUlWT0NQRmFVVWNWTk00VC1aTlhLZGgzUHVHNXpMcWdZQWN6NXp1czllVFpFQUJPVkxRcnlvM2xMQWVSMUhtemc?oc=5\" target=\"_blank\" rel=\"nofollow noopener\">Trafikk, Koppang | Store utfordringer p\u00e5 riksveg 3<\/a>&nbsp;&nbsp;\u00d8stlendingen<\/li>\n<li><a href=\"https:\/\/news.google.com\/rss\/articles\/CBMidEFVX3lxTFAzRDhjeUE4ZENBNXd3WG8zSEd4R05ic0RBbXQ5ZDMtN1BEVU9KeVBtVV9JTVYzalhXOU9kTHRPM2RmY1pFcjI2SThqT0VUVUVxODdUd21BUHJVQ0x3c2hzN3lHcXFHcmZkbzNlcVNPMWRfa0wt?oc=5\" target=\"_blank\" rel=\"nofollow noopener\">&#8211; Greier ikke st\u00e5 p\u00e5 beina<\/a>&nbsp;&nbsp;Dagbladet<\/li>\n<li><a href=\"https:\/\/news.google.com\/rss\/articles\/CBMihAFBVV95cUxObVN5dmQxLWxHSUUxN0VjM2xackc4Nk9reXZxcFJZcG51bkpFeWRENWlIbGlkX0xvSTRCTFNOZ19wNDZsTnhFbFU4U1VyN0x5SnlUUDc2YmFRbXN1OW9PeEdlTTlTUDY5RTRUaFV1Y3hFMW1FREs5cERLTGZnbTQ3bjM1Nno?oc=5\" target=\"_blank\" rel=\"nofollow noopener\">Glatta f\u00f8rer til lange k\u00f8er i \u00d8sterdalen<\/a>&nbsp;&nbsp;VG<\/li>\n<li><a href=\"https:\/\/news.google.com\/rss\/articles\/CBMijgFBVV95cUxNM1Z2NFVhN19JY0xoZE5scHRWSGtHbDk4OXBHOTJRUjlkSW5FNkE3SFdaWGxsQUFWTXdnUklIUS1tQlEwczFGcEh0em15RlpEOG5DZ2JDWHFwbUJPSXhfZzZRWkJMNzRFc2RTZVQ2b1RPLTYtUjV0ejQ0Q0gyeU9GcllHWDFIVnJsQUFtVmp3?oc=5\" target=\"_blank\" rel=\"nofollow noopener\">Lange k\u00f8er i \u00d8sterdalen p\u00e5 grunn av glatt veg<\/a>&nbsp;&nbsp;NRK<\/li>\n<li><a href=\"https:\/\/news.google.com\/rss\/articles\/CBMiowFBVV95cUxPUnZQZGhQa1BsOWxCbFNIZ1ZoaWZiV3l0emk2U2c5SkY4RVU3d00zazJNVmdwclNyeWZvRlNwVFR0di1TX2tjQmxvcU1JOGo3YU50TXRCZjgzNkNlZjlPOTFkT2E0cjdpUjh4QjRwYUxxNkloM0x4Y3ZTUXk3VnEzckREdU54Tk1kWXlSYmtROVhteEJ6T09vdlI0eG82RkYtYi00?oc=5\" target=\"_blank\" rel=\"nofollow noopener\">Riksvei 3, Tynset | Kj\u00f8rte rett frem p\u00e5 anleggsvei. Ett kj\u00f8refelt var stengt p\u00e5 riksveg 3<\/a>&nbsp;&nbsp;Arbeidets Rett<\/li>\n<\/ol>\n","protected":false},"excerpt":{"rendered":"Trafikk, Koppang | Store utfordringer p\u00e5 riksveg 3&nbsp;&nbsp;\u00d8stlendingen &#8211; Greier ikke st\u00e5 p\u00e5 beina&nbsp;&nbsp;Dagbladet Glatta f\u00f8rer til lange&hellip;\n","protected":false},"author":2,"featured_media":286,"comment_status":"","ping_status":"","sticky":false,"template":"","format":"standard","meta":{"footnotes":""},"categories":[10],"tags":[20,21,24,25,15,22,23,13,30,28,29,14,16,26,27],"class_list":{"0":"post-95832","1":"post","2":"type-post","3":"status-publish","4":"format-standard","5":"has-post-thumbnail","7":"category-norge","8":"tag-breaking-news","9":"tag-breakingnews","10":"tag-featured-news","11":"tag-featurednews","12":"tag-headlines","13":"tag-latest-news","14":"tag-latestnews","15":"tag-news","16":"tag-no","17":"tag-norge","18":"tag-norway","19":"tag-nyheter","20":"tag-overskrifter","21":"tag-top-stories","22":"tag-topstories"},"share_on_mastodon":{"url":"https:\/\/pubeurope.com\/@no\/115607301325757650","error":""},"_links":{"self":[{"href":"https:\/\/www.europesays.com\/no\/wp-json\/wp\/v2\/posts\/95832","targetHints":{"allow":["GET"]}}],"collection":[{"href":"https:\/\/www.europesays.com\/no\/wp-json\/wp\/v2\/posts"}],"about":[{"href":"https:\/\/www.europesays.com\/no\/wp-json\/wp\/v2\/types\/post"}],"author":[{"embeddable":true,"href":"https:\/\/www.europesays.com\/no\/wp-json\/wp\/v2\/users\/2"}],"replies":[{"embeddable":true,"href":"https:\/\/www.europesays.com\/no\/wp-json\/wp\/v2\/comments?post=95832"}],"version-history":[{"count":0,"href":"https:\/\/www.europesays.com\/no\/wp-json\/wp\/v2\/posts\/95832\/revisions"}],"wp:featuredmedia":[{"embeddable":true,"href":"https:\/\/www.europesays.com\/no\/wp-json\/wp\/v2\/media\/286"}],"wp:attachment":[{"href":"https:\/\/www.europesays.com\/no\/wp-json\/wp\/v2\/media?parent=95832"}],"wp:term":[{"taxonomy":"category","embeddable":true,"href":"https:\/\/www.europesays.com\/no\/wp-json\/wp\/v2\/categories?post=95832"},{"taxonomy":"post_tag","embeddable":true,"href":"https:\/\/www.europesays.com\/no\/wp-json\/wp\/v2\/tags?post=95832"}],"curies":[{"name":"wp","href":"https:\/\/api.w.org\/{rel}","templated":true}]}}