{"id":95839,"date":"2025-11-24T23:51:30","date_gmt":"2025-11-24T23:51:30","guid":{"rendered":"https:\/\/www.europesays.com\/no\/95839\/"},"modified":"2025-11-24T23:51:30","modified_gmt":"2025-11-24T23:51:30","slug":"priskrig-pa-julegodt-vi-styrer-ingenting-selv-ht-no","status":"publish","type":"post","link":"https:\/\/www.europesays.com\/no\/95839\/","title":{"rendered":"(+) Priskrig p\u00e5 julegodt: \u2013 Vi styrer ingenting selv &#8211; ht.no"},"content":{"rendered":"<ol>\n<li><a href=\"https:\/\/news.google.com\/rss\/articles\/CBMiiAFBVV95cUxOWENiNUJnbERnUmFPcXNYemtIWFhzQjlVclVOeDNseEhMUlBLaGRDSl9FNHRrV2dIdmR2Tm5nRFlBVGgtM2x0WlYtUFlPLUtXYTVNYWp3THlTVWpnSHhTdXhuaTByMVhnS1ZQNG94bW5FdFZFa3dwNVZrM2tEbjRBeVh6c0MyeWtw?oc=5\" target=\"_blank\" rel=\"nofollow noopener\">(+) Priskrig p\u00e5 julegodt: \u2013 Vi styrer ingenting selv<\/a>&nbsp;&nbsp;ht.no<\/li>\n<li><a href=\"https:\/\/news.google.com\/rss\/articles\/CBMif0FVX3lxTFA1a0QxLVE5NUFGREF0VkI0RDMta1lSTlhBR2hBSmtycXM4aVB0aDlqSUJWZmJPVG41UXhiaVBrdlhEVC0zS2M0aHVEcTdLRWNrTTlILXZoY3dhRjlFRlhnUFRMeG85WUxjXzdxb3ZPaVdrb1FBVDBtVnRrMlRtcjQ?oc=5\" target=\"_blank\" rel=\"nofollow noopener\">&#8211; Enormt store prisforskjeller<\/a>&nbsp;&nbsp;DinSide<\/li>\n<li><a href=\"https:\/\/news.google.com\/rss\/articles\/CBMixwFBVV95cUxQc3k5UDZyVWlCNWZ0WmlRWG1HWUt3VFNYNmtNVTdYenAxb1hkczlHS0gzMGYyWmZNdzNELWEtODJaaVVjX0haS1FJcWJtSWc4MzQ5anBreGs0SWduWVJoVkQwbC1wZ3pSQmY1TXB6T0tLbDFKYVdPUWp3T1ZLUks4ZDhzVzdYMXl3UWQyNU9UQ0ZxMnZIYjN3X2ZhZVJuVHBIMHh6VW9YWXdaV3FwUmdhVHgwUjdWX29oZVBPSV9BVEFkek81TnRJ?oc=5\" target=\"_blank\" rel=\"nofollow noopener\">Priskrigen for alvor i gang: \u2013 Kundene kommer og sp\u00f8r om hvor akkurat de varene er<\/a>&nbsp;&nbsp;\u00d8stlendingen<\/li>\n<li><a href=\"https:\/\/news.google.com\/rss\/articles\/CBMiiwFBVV95cUxOWDVXS0MyRjdtY1VLV1JWNWh4X2J0cXNUS3dVeW53T1AwMjREZWNkbVhya0lOZU1jZVZITnNGSmFvMklJQjVIbGhSUzgzOHVoWC1UcVFvZDN3VE44VWIxeURUOGViUVlEMXpleHlCTzViSHFCSkFqSjRQdTB4MDltSjRVcFR2RmNUclF3?oc=5\" target=\"_blank\" rel=\"nofollow noopener\">Jo, det er priskrig p\u00e5 ordentlig mat<\/a>&nbsp;&nbsp;Nettavisen<\/li>\n<li><a href=\"https:\/\/news.google.com\/rss\/articles\/CBMikwFBVV95cUxPTElJQV9ERjN6S2xaZUhIeXNGbG1ERmpoRTNiQlpQLUtkQWVscVZRaXhuMDJ1VDF0bWp5NjJTR1V1ZUVXOWxjOG1kMXBtMmMxdHlOTkFkc0Foa3BTS1loNXR1OXN1VXlodzlXNDlpTXhnR0pFNnEzTzY4dkJLLWhzY2pKU0VNdzhKVDNJU2Jra1BLS0k?oc=5\" target=\"_blank\" rel=\"nofollow noopener\">Ekspert: \u2013 Gj\u00f8r ikke dette for \u00e5 v\u00e6re snille<\/a>&nbsp;&nbsp;TV2.no<\/li>\n<\/ol>\n","protected":false},"excerpt":{"rendered":"(+) Priskrig p\u00e5 julegodt: \u2013 Vi styrer ingenting selv&nbsp;&nbsp;ht.no &#8211; Enormt store prisforskjeller&nbsp;&nbsp;DinSide Priskrigen for alvor i gang:&hellip;\n","protected":false},"author":2,"featured_media":95840,"comment_status":"","ping_status":"","sticky":false,"template":"","format":"standard","meta":{"footnotes":""},"categories":[56],"tags":[60,61,370,5593,62,30,28,29,11062,7636],"class_list":{"0":"post-95839","1":"post","2":"type-post","3":"status-publish","4":"format-standard","5":"has-post-thumbnail","7":"category-naeringsliv","8":"tag-business","9":"tag-economy","10":"tag-harstad","11":"tag-jul","12":"tag-naeringsliv","13":"tag-no","14":"tag-norge","15":"tag-norway","16":"tag-pepperkake","17":"tag-priskrig"},"share_on_mastodon":{"url":"https:\/\/pubeurope.com\/@no\/115607364181499955","error":""},"_links":{"self":[{"href":"https:\/\/www.europesays.com\/no\/wp-json\/wp\/v2\/posts\/95839","targetHints":{"allow":["GET"]}}],"collection":[{"href":"https:\/\/www.europesays.com\/no\/wp-json\/wp\/v2\/posts"}],"about":[{"href":"https:\/\/www.europesays.com\/no\/wp-json\/wp\/v2\/types\/post"}],"author":[{"embeddable":true,"href":"https:\/\/www.europesays.com\/no\/wp-json\/wp\/v2\/users\/2"}],"replies":[{"embeddable":true,"href":"https:\/\/www.europesays.com\/no\/wp-json\/wp\/v2\/comments?post=95839"}],"version-history":[{"count":0,"href":"https:\/\/www.europesays.com\/no\/wp-json\/wp\/v2\/posts\/95839\/revisions"}],"wp:featuredmedia":[{"embeddable":true,"href":"https:\/\/www.europesays.com\/no\/wp-json\/wp\/v2\/media\/95840"}],"wp:attachment":[{"href":"https:\/\/www.europesays.com\/no\/wp-json\/wp\/v2\/media?parent=95839"}],"wp:term":[{"taxonomy":"category","embeddable":true,"href":"https:\/\/www.europesays.com\/no\/wp-json\/wp\/v2\/categories?post=95839"},{"taxonomy":"post_tag","embeddable":true,"href":"https:\/\/www.europesays.com\/no\/wp-json\/wp\/v2\/tags?post=95839"}],"curies":[{"name":"wp","href":"https:\/\/api.w.org\/{rel}","templated":true}]}}