{"id":95843,"date":"2025-11-24T23:53:31","date_gmt":"2025-11-24T23:53:31","guid":{"rendered":"https:\/\/www.europesays.com\/no\/95843\/"},"modified":"2025-11-24T23:53:31","modified_gmt":"2025-11-24T23:53:31","slug":"ferrolegeringer-er-bare-begynnelsen-e24","status":"publish","type":"post","link":"https:\/\/www.europesays.com\/no\/95843\/","title":{"rendered":"Ferrolegeringer er bare begynnelsen \u2013 E24"},"content":{"rendered":"<p><img decoding=\"async\" class=\"image-asset hyperion-css-17gb8oh\" data-test-tag=\"image-asset\" src=\"https:\/\/www.europesays.com\/no\/wp-content\/uploads\/2025\/11\/3c0cc174-5a84-4a03-b603-7bb595d3ef8d\"  alt=\"P\u00c5 JOBB. Utenriksminister Espen Barth Eide. \"  loading=\"eager\" fetchpriority=\"high\" style=\"aspect-ratio:1900 \/ 1266\"\/>P\u00c5 JOBB. Utenriksminister Espen Barth Eide. Foto: Cornelius Poppe \/ NTB<\/p>\n<p class=\"fullWidthDesktop hyperion-css-71ztg2\" data-test-tag=\"lead-text\">I et internasjonalt marked hvor spillereglene har endret seg, og med europeisk industri i selverkl\u00e6rt krise, er dette bare begynnelsen p\u00e5 EUs konkrete beskyttelsestiltak. <\/p>\n<ul data-test-tag=\"byline:authors\" data-testid=\"byline:authors\" class=\"hyperion-css-lq6271\">\n<li class=\"hyperion-css-b8p8ys\"><img decoding=\"async\" class=\"image-asset hyperion-css-u06ts1\" data-test-tag=\"image-asset\" src=\"https:\/\/www.europesays.com\/no\/wp-content\/uploads\/2025\/11\/c9560b2b-8fd9-4b7c-b83c-eb2dab1eab25\"  alt=\"Lina Strandv\u00e5g Nagell\"  fetchpriority=\"auto\" style=\"aspect-ratio:1900 \/ 1900\"\/>Lina Strandv\u00e5g Nagell\n<p>Deputy Director &amp; Head of Policy, Bellona Europa<\/p>\n<\/li>\n<\/ul>\n<p>Publisert: Publisert: <\/p>\n<p>For mindre enn 2 timer siden<\/p>\n<p>E24s faste spaltister skriver jevnlig og gir uttrykk for sine egne holdninger.<\/p>\n<p class=\"hyperion-css-1lemvax\">Det er flere \u00e5rsaker til at EU har endt opp her. \u00c5rsaker som internasjonal konkurranse, h\u00f8ye energikostnader og sterk avhengighet av andre land og leverand\u00f8rer i n\u00f8kkelsektorer. \u00c5rsakene har v\u00e6rt diskutert i lengre tid, men har n\u00e5 f\u00e5tt sin tid i rampelyset. <\/p>\n<p><a data-test-tag=\"teaser-small:link-internal\" href=\"https:\/\/e24.no\/naeringsliv\/i\/aJ17R5\/paa-alles-lepper-noe-vi-alle-tar-for-gitt\" class=\"imagePosition-top inline hyperion-css-6238vu\" rel=\"nofollow noopener\" target=\"\" aria-label=\"Hva er egentlig en ferrolegering? \"><\/p>\n<p>Les ogs\u00e5<\/p>\n<p>Hva er egentlig en ferrolegering? <\/p>\n<p><\/a><\/p>\n<p class=\"hyperion-css-1lemvax\">\u00d8konomisk selvstendighet, vekst, og nasjonal sikkerhet er mer og mer sammenflettet, og med det definerer vi oftere hvem som er med, hvem som er utenfor og hvem som er allierte og fiender. <\/p>\n<p class=\"hyperion-css-1lemvax\"><strong>I en slik tid kan det v\u00e6re utfordrende \u00e5 v\u00e6re ubesluttsom, uklar eller \u00e5 spille p\u00e5 flere hester. Noe E\u00d8S-landene, med Norge i spissen, n\u00e5 f\u00e5r oppleve. <\/strong><\/p>\n<p class=\"hyperion-css-1lemvax\">P\u00e5 f\u00e5 omr\u00e5der er desperasjonen \u2013 eller behovet \u2013 sterkere enn p\u00e5 cleantechcleantechCleantech er en samlebetegnelse p\u00e5 produkter, tjenester og prosesser som har som m\u00e5l \u00e5 redusere eller eliminere negativ milj\u00f8p\u00e5virkning og forbedre bruken av naturressurser.. Med kampen mot klimaendringene fortsatt h\u00f8yt p\u00e5 agendaen, gis beskyttelsestiltak en mer lettford\u00f8yelig drakt n\u00e5r det knyttes til cleantech. Det er heldigvis mye som kan knyttes til cleantech. Ferrolegeringer er for eksempel viktige for vindm\u00f8ller, for \u00e5 nevne ett av flere bruksomr\u00e5der. <\/p>\n<p class=\"hyperion-css-1lemvax\">Sammen med den generelle \u00f8kningen i energipriser, blir ogs\u00e5 klimatiltak og karbonpris l\u00f8ftet opp som utfordringer for europeisk industri. Det er likevel slik at klimatiltakene ogs\u00e5 er smertelig n\u00f8dvendige for en selvstendig \u00f8konomi og energiforsyning. Det er med andre ord ikke snakk om \u00e5 gi opp kampen om klima, eller cleantech, det har EU rett og slett ikke r\u00e5d til. Dette forsterkes av klimam\u00e5let for 2040 det nettopp ble enighet om, og 2030-m\u00e5let som fortsatt st\u00e5r sterkt. <\/p>\n<p class=\"hyperion-css-1lemvax\">Resultatet er klimaambisjoner- og tiltak som begrunnes i \u00f8kt eller fortsatt konkurransekraft og europeisk selvstendighet. Det f\u00f8rer til flere beskyttelsestiltak for klimavennlig industri og industri generelt, spesielt i m\u00f8te med internasjonale akt\u00f8rer som Kina.<\/p>\n<p><a data-test-tag=\"teaser-small:link-internal\" href=\"https:\/\/e24.no\/boers-og-finans\/i\/y516RE\/buffett-verktoeyet-og-boblene\" class=\"imagePosition-top inline hyperion-css-6238vu\" rel=\"nofollow noopener\" target=\"\" aria-label=\"Buffett-verkt\u00f8yet og boblene\"><\/p>\n<p>Les p\u00e5 E24+<\/p>\n<p>Buffett-verkt\u00f8yet og boblene<\/p>\n<p><\/a><\/p>\n<p class=\"hyperion-css-1lemvax\">Kina har likevel noe EU ikke har: frie t\u00f8yler. Det kan v\u00e6re vanskelig \u00e5 f\u00e5 til statsst\u00f8tteordninger, subsidier og regelverk for \u00e5 f\u00e5 p\u00e5 plass viktig infrastruktur i EU \u2013 selv i tilfeller hvor man er enige om hva som m\u00e5 til, og det er man som oftest ikke. <\/p>\n<p class=\"hyperion-css-1lemvax\"><strong>Kina er ikke s\u00e6rskilt opptatt av enighet, demokrati eller fri konkurranse i et velfungerende marked, og kan dermed gj\u00f8re endringer og investeringer raskere. <\/strong><\/p>\n<p class=\"hyperion-css-1lemvax\">Det er likevel nettopp dette som understreker viktigheten av EUs fortsatte deltagelse i kampen om cleantech. For n\u00e5r vi skal definere hva det betyr \u00e5 foretrekke eller prioritere europeisk, b\u00f8r europeisk demokrati, marked og fokus p\u00e5 rettferdig og gr\u00f8nn omstilling vektlegges. Dette vil styrke EU p\u00e5 lang sikt, ikke bare konkurransemessig, men ogs\u00e5 verdigrunnlaget og samholdet i unionen. Det \u00f8ker den politisk st\u00f8tten til det europeiske prosjektet. <\/p>\n<p class=\"hyperion-css-1lemvax\">Det er i et slikt lys vi m\u00e5 se tiltak som toll, importbegrensninger eller minstepris p\u00e5 for eksempel ferrolegeringer. Et tiltak av samme type som snart kommer, heter \u00abBuy European\u00bb. Tiltaket handler i dag om offentlige innkj\u00f8psordninger, men det er ikke utenkelig at det vil komme til \u00e5 bli et bredere tiltak. <\/p>\n<p class=\"hyperion-css-1lemvax\"><strong>Det er ikke klart hva \u00abEuropean\u00bb faktisk betyr i den sammenhengen, er det EU eller E\u00d8S?<\/strong><\/p>\n<p><img decoding=\"async\" class=\"image-asset hyperion-css-u06ts1\" data-test-tag=\"image-asset\" src=\"https:\/\/www.europesays.com\/no\/wp-content\/uploads\/2025\/11\/3c9332b0-e10b-4ca6-be87-5befc356788e\"  alt=\"KINA. En arbeider med en fabrikk som lager jernlegering. Symptomatisk nok er bildet fra Kinas Qinghai-provins. \"  loading=\"eager\" fetchpriority=\"high\" style=\"aspect-ratio:1900 \/ 1266\"\/>KINA. En arbeider med en fabrikk som lager jernlegering. Symptomatisk nok er bildet fra Kinas Qinghai-provins. Foto: SIMON ZO \/ Reuters \/ NTB<\/p>\n<p class=\"hyperion-css-1lemvax\">Det er ikke Europa som s\u00e5dan, det kan vi v\u00e6re ganske sikre p\u00e5. I EU er det liten appetitt for \u00e5 \u00abbel\u00f8nne\u00bb BREXIT uten \u00e5 f\u00e5 signifikante innr\u00f8mmelser tilbake. <\/p>\n<p class=\"hyperion-css-1lemvax\">Den siste tiden kan ogs\u00e5 tyde p\u00e5 at EU har f\u00e5tt nok av s\u00e6rlig Norges cherry picking av hvilket lovverk man velger \u00e5 implementere. Det kan f\u00e5 store konsekvenser for Norge, som m\u00e5 m\u00f8te en ny virkelighet hvor samarbeidet med EU kanskje krever mer innsats og flere innr\u00f8mmelser enn tidligere antatt. <\/p>\n<p class=\"hyperion-css-1lemvax\"><strong>Til tross for sjokket som traff norsk media i forrige uke, er dette en varslet krise. <\/strong><\/p>\n<p class=\"hyperion-css-1lemvax\">Det har i lengre tid v\u00e6rt uenighet om hva E\u00d8S er og ikke er, hva avtalen dekker og hva som er utenfor. Det er ogs\u00e5 uenighet eller uklarheter rundt hva partene er berettiget til og kan forvente av hverandre. <\/p>\n<p class=\"hyperion-css-1lemvax\">Vinden kan v\u00e6re i ferd med \u00e5 snu, noe som kan bli utfordrende for E\u00d8S-landene. <\/p>\n<p class=\"hyperion-css-1lemvax\">Hvis Island bestemmer seg for \u00e5 gjenoppta forhandlingene med EU innen 2027, vil det bli enda et medlem mindre i EFTA, bare Sveits, Norge og Liechtenstein blir igjen. <\/p>\n<p><a data-test-tag=\"teaser-small:link-internal\" href=\"https:\/\/e24.no\/norsk-oekonomi\/i\/Okbk4l\/listhaugs-neste-makeover\" class=\"imagePosition-top inline hyperion-css-6238vu\" rel=\"nofollow noopener\" target=\"\" aria-label=\"Listhaugs neste \u00abmakeover\u00bb\"><\/p>\n<p>Les ogs\u00e5<\/p>\n<p>Listhaugs neste \u00abmakeover\u00bb<\/p>\n<p><\/a>Dette er E24s faste spaltister<\/p>\n<p class=\"hyperion-css-1lemvax\">Alle spaltene <a aria-label=\"kan leses her\" class=\"default_opinion_e24spaltist hyperion-css-1rezu2g\" href=\"https:\/\/e24.no\/emne\/64b268f4-0a36-43f2-89a4-a1987c501d33\/spaltist\" rel=\"noopener nofollow\" data-test-tag=\"external-link\" target=\"_blank\">kan leses her<\/a>. <\/p>\n<ul class=\"hyperion-css-101xvgp\">\n<li class=\"hyperion-css-ffhm6p\"><img decoding=\"async\" class=\"image-asset hyperion-css-n6kkq1\" data-test-tag=\"image-asset\" src=\"https:\/\/www.europesays.com\/no\/wp-content\/uploads\/2025\/11\/1764028401_811_0306f316-3c4b-4a6f-aeae-e3c9f1c21086\"  alt=\"\"  fetchpriority=\"auto\" style=\"aspect-ratio:1900 \/ 1267\"\/>TEKNOLOGI. Sophia Adampour\n<p class=\"hyperion-css-1lemvax\">Grunnlegger av teknologihubben Verse. Skriver om blokkjede, krypto og teknologi. <\/p>\n<\/li>\n<li class=\"hyperion-css-ffhm6p\"><img decoding=\"async\" class=\"image-asset hyperion-css-n6kkq1\" data-test-tag=\"image-asset\" src=\"https:\/\/www.europesays.com\/no\/wp-content\/uploads\/2025\/11\/1764028402_675_4f99deef-2cd5-425a-97ab-96530809ab89\"  alt=\"\"  fetchpriority=\"auto\" style=\"aspect-ratio:1900 \/ 1268\"\/>TEKNOLOGI. Eirin Larsen\n<p class=\"hyperion-css-1lemvax\">Teknologistrateg i Telenor og styremedlem i Fritt Ord. Tidligere journalist i bla. Adresseavisen og Dagens N\u00e6ringsliv. <\/p>\n<\/li>\n<li class=\"hyperion-css-ffhm6p\"><img decoding=\"async\" class=\"image-asset hyperion-css-n6kkq1\" data-test-tag=\"image-asset\" src=\"https:\/\/www.europesays.com\/no\/wp-content\/uploads\/2025\/11\/1764028403_895_d3dc72a8-25b4-4aaa-a4e9-55807694b653\"  alt=\"\"  fetchpriority=\"auto\" style=\"aspect-ratio:1900 \/ 1290\"\/>TEKNOLOGI. Ishita Barua\n<p class=\"hyperion-css-1lemvax\">KI-forsker ved UiA, PhD, lege og techgr\u00fcnder.<\/p>\n<\/li>\n<li class=\"hyperion-css-ffhm6p\"><img decoding=\"async\" class=\"image-asset hyperion-css-n6kkq1\" data-test-tag=\"image-asset\" src=\"https:\/\/www.europesays.com\/no\/wp-content\/uploads\/2025\/11\/1764028404_333_8844fdd0-61ac-4af4-9c82-5cb8d73f5a7b\"  alt=\"\"  fetchpriority=\"auto\" style=\"aspect-ratio:1900 \/ 1267\"\/>UTENRIKS. Ine Marie Eriksen S\u00f8reide\n<p class=\"hyperion-css-1lemvax\">Leder i Stortingets utenriks- og forsvarskomit\u00e9 (H\u00f8yre). Tidligere forsvarsminister og utenriksminister. <\/p>\n<\/li>\n<li class=\"hyperion-css-ffhm6p\"><img decoding=\"async\" class=\"image-asset hyperion-css-n6kkq1\" data-test-tag=\"image-asset\" src=\"https:\/\/www.europesays.com\/no\/wp-content\/uploads\/2025\/11\/1764028405_13_58317d43-ef94-4501-828f-5dd8a5772737\"  alt=\"\"  fetchpriority=\"auto\" style=\"aspect-ratio:1900 \/ 1267\"\/>UTENRIKS. Espen Barth Eide\n<p class=\"hyperion-css-1lemvax\">Utenriksminister (Ap). Tidligere klima- og milj\u00f8minister. <\/p>\n<\/li>\n<li class=\"hyperion-css-ffhm6p\"><img decoding=\"async\" class=\"image-asset hyperion-css-n6kkq1\" data-test-tag=\"image-asset\" src=\"https:\/\/www.europesays.com\/no\/wp-content\/uploads\/2025\/11\/1764028405_249_c617320c-be23-4dc8-b704-4c3e16a070a9\"  alt=\"\"  fetchpriority=\"auto\" style=\"aspect-ratio:650 \/ 455\"\/>UTENRIKS OG POLITIKK. Asle Toje\n<p class=\"hyperion-css-1lemvax\">Utenrikspolitisk kommentator og forsker. <\/p>\n<\/li>\n<li class=\"hyperion-css-ffhm6p\"><img decoding=\"async\" class=\"image-asset hyperion-css-n6kkq1\" data-test-tag=\"image-asset\" src=\"https:\/\/www.europesays.com\/no\/wp-content\/uploads\/2025\/11\/1764028406_974_c0629f46-8d1e-456c-9383-8fbdd767a2e6\"  alt=\"\"  fetchpriority=\"auto\" style=\"aspect-ratio:548 \/ 428\"\/>POLITIKK, KLIMA OG ENERGI. \u00d8ystein Sj\u00f8lie.\n<p class=\"hyperion-css-1lemvax\">Utdannet samfunns\u00f8konom fra Universitetet i Oslo. Har v\u00e6rt byr\u00e5krat og journalist. De siste \u00e5rene har han skrevet mye om klima- og energiutfordringen, og publiserte &laquo;Oljeboka&raquo; i 2024.<\/p>\n<\/li>\n<li class=\"hyperion-css-ffhm6p\"><img decoding=\"async\" class=\"image-asset hyperion-css-n6kkq1\" data-test-tag=\"image-asset\" src=\"https:\/\/www.europesays.com\/no\/wp-content\/uploads\/2025\/11\/1764028408_394_ce08866f-fee0-4f9a-87c3-728a125cdeb9\"  alt=\"\"  fetchpriority=\"auto\" style=\"aspect-ratio:956 \/ 1446\"\/>POLITIKK. Mathias Fischer\n<p class=\"hyperion-css-1lemvax\">Daglig leder i Initiativ Vest. Tidligere journalist og politiker. <\/p>\n<\/li>\n<li class=\"hyperion-css-ffhm6p\"><img decoding=\"async\" class=\"image-asset hyperion-css-n6kkq1\" data-test-tag=\"image-asset\" src=\"https:\/\/www.europesays.com\/no\/wp-content\/uploads\/2025\/11\/1764028408_472_2203a73b-d42c-4d31-9b2d-af12139e5a49\"  alt=\"\"  fetchpriority=\"auto\" style=\"aspect-ratio:1900 \/ 2074\"\/>EU OG EUROPA. Lina Strandv\u00e5g Nagell\n<p class=\"hyperion-css-1lemvax\">Leder for Prosjekter og EU-Politikk ved Bellonas Brussel-kontor. Skriver spalten Fra Brussel om hva som skjer i unionen. <\/p>\n<\/li>\n<li class=\"hyperion-css-ffhm6p\"><img decoding=\"async\" class=\"image-asset hyperion-css-n6kkq1\" data-test-tag=\"image-asset\" src=\"https:\/\/www.europesays.com\/no\/wp-content\/uploads\/2025\/11\/1764028409_979_89142cf4-bd3e-4259-9f1b-72ec30a2d74e\"  alt=\"\"  fetchpriority=\"auto\" style=\"aspect-ratio:1900 \/ 1267\"\/>EU OG EUROPA. George Riekeles\n<p class=\"hyperion-css-1lemvax\">Assisterende direkt\u00f8r ved den Brussel-baserte tenketanken European Policy Center (EPC). F\u00f8r dette var han blant annet diplomatisk r\u00e5dgiver for EUs sjefforhandler under Brexit. Skriver spalten Fra Brussel om hva som skjer i unionen. <\/p>\n<\/li>\n<li class=\"hyperion-css-ffhm6p\"><img decoding=\"async\" class=\"image-asset hyperion-css-n6kkq1\" data-test-tag=\"image-asset\" src=\"https:\/\/www.europesays.com\/no\/wp-content\/uploads\/2025\/11\/1764028410_457_91a675ac-7df1-4c8e-b6b9-00989784e04c\"  alt=\"\"  fetchpriority=\"auto\" style=\"aspect-ratio:1900 \/ 1247\"\/>OLJEFONDET. Carine Smith Ihenacho\n<p class=\"hyperion-css-1lemvax\">Direkt\u00f8r for eierskap og etterlevelse, Norges Bank Investment Management, popul\u00e6rt kalt Oljefondet. <\/p>\n<\/li>\n<li class=\"hyperion-css-ffhm6p\"><img decoding=\"async\" class=\"image-asset hyperion-css-n6kkq1\" data-test-tag=\"image-asset\" src=\"https:\/\/www.europesays.com\/no\/wp-content\/uploads\/2025\/11\/1764028410_158_0d65f368-9c54-465d-ba4e-69457934fb96\"  alt=\"\"  fetchpriority=\"auto\" style=\"aspect-ratio:1900 \/ 1268\"\/>N\u00c6RINGSLIV. Johan Andresen\n<p class=\"hyperion-css-1lemvax\">Styreleder og investor i Ferd-konsernet, med et ekstra engasjement for sosialt entrepren\u00f8rskap. <\/p>\n<\/li>\n<li class=\"hyperion-css-ffhm6p\"><img decoding=\"async\" class=\"image-asset hyperion-css-n6kkq1\" data-test-tag=\"image-asset\" src=\"https:\/\/www.europesays.com\/no\/wp-content\/uploads\/2025\/11\/1764028411_671_bd4038f3-e720-44a8-9a6d-4ea161531218\"  alt=\"\"  fetchpriority=\"auto\" style=\"aspect-ratio:1900 \/ 747\"\/>SKATT. Bettina Banoun\n<p class=\"hyperion-css-1lemvax\">Advokat, dr.juris. og partner i Wiersholm. Ogs\u00e5 medlem av Skatteutvalget. <\/p>\n<\/li>\n<\/ul>\n","protected":false},"excerpt":{"rendered":"P\u00c5 JOBB. Utenriksminister Espen Barth Eide. Foto: Cornelius Poppe \/ NTB I et internasjonalt marked hvor spillereglene har&hellip;\n","protected":false},"author":2,"featured_media":95844,"comment_status":"","ping_status":"","sticky":false,"template":"","format":"standard","meta":{"footnotes":""},"categories":[10],"tags":[20,21,24,25,15,22,23,13,30,28,29,14,16,26,27],"class_list":{"0":"post-95843","1":"post","2":"type-post","3":"status-publish","4":"format-standard","5":"has-post-thumbnail","7":"category-norge","8":"tag-breaking-news","9":"tag-breakingnews","10":"tag-featured-news","11":"tag-featurednews","12":"tag-headlines","13":"tag-latest-news","14":"tag-latestnews","15":"tag-news","16":"tag-no","17":"tag-norge","18":"tag-norway","19":"tag-nyheter","20":"tag-overskrifter","21":"tag-top-stories","22":"tag-topstories"},"share_on_mastodon":{"url":"https:\/\/pubeurope.com\/@no\/115607372775364463","error":""},"_links":{"self":[{"href":"https:\/\/www.europesays.com\/no\/wp-json\/wp\/v2\/posts\/95843","targetHints":{"allow":["GET"]}}],"collection":[{"href":"https:\/\/www.europesays.com\/no\/wp-json\/wp\/v2\/posts"}],"about":[{"href":"https:\/\/www.europesays.com\/no\/wp-json\/wp\/v2\/types\/post"}],"author":[{"embeddable":true,"href":"https:\/\/www.europesays.com\/no\/wp-json\/wp\/v2\/users\/2"}],"replies":[{"embeddable":true,"href":"https:\/\/www.europesays.com\/no\/wp-json\/wp\/v2\/comments?post=95843"}],"version-history":[{"count":0,"href":"https:\/\/www.europesays.com\/no\/wp-json\/wp\/v2\/posts\/95843\/revisions"}],"wp:featuredmedia":[{"embeddable":true,"href":"https:\/\/www.europesays.com\/no\/wp-json\/wp\/v2\/media\/95844"}],"wp:attachment":[{"href":"https:\/\/www.europesays.com\/no\/wp-json\/wp\/v2\/media?parent=95843"}],"wp:term":[{"taxonomy":"category","embeddable":true,"href":"https:\/\/www.europesays.com\/no\/wp-json\/wp\/v2\/categories?post=95843"},{"taxonomy":"post_tag","embeddable":true,"href":"https:\/\/www.europesays.com\/no\/wp-json\/wp\/v2\/tags?post=95843"}],"curies":[{"name":"wp","href":"https:\/\/api.w.org\/{rel}","templated":true}]}}