{"id":95854,"date":"2025-11-25T00:25:09","date_gmt":"2025-11-25T00:25:09","guid":{"rendered":"https:\/\/www.europesays.com\/no\/95854\/"},"modified":"2025-11-25T00:25:09","modified_gmt":"2025-11-25T00:25:09","slug":"stefans-forste-togtur-pa-ti-ar-endte-med-toghavari-i-sprengkulde-jeg-synes-det-er-et-veldig-darlig-opplegg-helgelendingen","status":"publish","type":"post","link":"https:\/\/www.europesays.com\/no\/95854\/","title":{"rendered":"Stefans f\u00f8rste togtur p\u00e5 ti \u00e5r endte med toghavari i sprengkulde: \u2013 Jeg synes det er et veldig d\u00e5rlig opplegg &#8211; Helgelendingen"},"content":{"rendered":"<ol>\n<li><a href=\"https:\/\/news.google.com\/rss\/articles\/CBMi2AFBVV95cUxPOXRBUDFhdkRZNTNvbnZ5QXF3Q2hCLWR1UHg4ZFpKbXU0STg2S0FabEZIbDRMeGdsREpNMGZ5T2w4YzZDOU1KWmRtcldJT0JfUFNXY0d3NmZ6MWltaE56U01YYWFwNk1sY25DdmpsNWw5eVRZU3h0ZkFzNjhsWjZuelQybmtWMjZSX0JEdGVPZ3Qtc3Q5aDhiX1NBNFk1bnpxbVVfd3JEXzEtVEtOeTd2RTBYZHhmcFNnd3FwTWs2TkE2NktBNG1MREFEdzB6Q3V1RXRmWS03eGo?oc=5\" target=\"_blank\" rel=\"nofollow noopener\">Stefans f\u00f8rste togtur p\u00e5 ti \u00e5r endte med toghavari i sprengkulde: \u2013 Jeg synes det er et veldig d\u00e5rlig opplegg<\/a>&nbsp;&nbsp;Helgelendingen<\/li>\n<li><a href=\"https:\/\/news.google.com\/rss\/articles\/CBMiogFBVV95cUxOSGlwMHBPQjNQR0JEUVFETnVBUllfbUVMb2ZTLVcyd3ZnU1RHbTRBVGhBUlFCOTZJRFFhUzBXUDlUanh0VnpfY0g1QV9lcHhxU3VISF9YOE5GeThEc2RSOHFoQTN6a0g1eURDQTQySmFjWDZ4UE40Wmh3SlRRc2FjQ1VzSExydlRUQ1hDZW5ObHBnMmpzLXE2OVlTeEdaWERIb3c?oc=5\" target=\"_blank\" rel=\"nofollow noopener\">Tog sto i flere timer, passasjerer evakuert i 14 minusgrader: \u2013\u2060 Begynner \u00e5 bli kaldt<\/a>&nbsp;&nbsp;VG<\/li>\n<li><a href=\"https:\/\/news.google.com\/rss\/articles\/CBMilAFBVV95cUxNNlBZdlRvTVE3UGVhLTBnVUpwQU1jQmMwcC1aRTB3NmRMNVd0QTlYMDRmSmFlTzVoQ0VyX1VsRC1fWGJtN0hsMVpQNTY3UlJnRFYtcEJCMGhQWlY1Y3RiVVhScEhzbkRiaDF2MlR0ZUEyYm92ZG5qeGN1Sl83cTdUUlBqeW9LdWRvQ29KdXE2d0M5ZEV2?oc=5\" target=\"_blank\" rel=\"nofollow noopener\">Her evakueres de: \u2013 Kronglete jobb<\/a>&nbsp;&nbsp;NRK<\/li>\n<li><a href=\"https:\/\/news.google.com\/rss\/articles\/CBMicEFVX3lxTE9lTHYyNFVsSldaM01lVEdFd3lQYnJZX0ZfNXBvdHhMMzc0Yk5EWHhackxXaXZlVHp5Q1Z3MVhfYlBJM2ptWTlWVkpxeEl0OUJERGlmal9CZUFFYmZ6TkRsa1dWbWM1UDB3NWRVSXNUM0g?oc=5\" target=\"_blank\" rel=\"nofollow noopener\">&#8211; Mellom 15 og 20 minus<\/a>&nbsp;&nbsp;Dagbladet<\/li>\n<li><a href=\"https:\/\/news.google.com\/rss\/articles\/CBMihwFBVV95cUxPcjlQZ2tuMkhXREdBRmRTSjZ5U29vRWs2dnN5UTdtclNHUEdRdWQwVHJaWFZIbm1vMFhtZ05QS0N5MnB4UDBNQUdIbkQ3anhHSDRDWExqMGFwZUF4a3ZremZqZ0ZaNkdmVkVtcUNPNXlmdWRjTmlMRG9ZWlFsZUw3X1pEVk9CZEU?oc=5\" target=\"_blank\" rel=\"nofollow noopener\">Bom stopp p\u00e5 Nordlandsbanen \u2013 har kj\u00f8rt p\u00e5 rein<\/a>&nbsp;&nbsp;Avisa Nordland<\/li>\n<\/ol>\n","protected":false},"excerpt":{"rendered":"Stefans f\u00f8rste togtur p\u00e5 ti \u00e5r endte med toghavari i sprengkulde: \u2013 Jeg synes det er et veldig&hellip;\n","protected":false},"author":2,"featured_media":95855,"comment_status":"","ping_status":"","sticky":false,"template":"","format":"standard","meta":{"footnotes":""},"categories":[10],"tags":[20,21,24,25,15,22,23,13,30,28,29,14,16,26,27],"class_list":{"0":"post-95854","1":"post","2":"type-post","3":"status-publish","4":"format-standard","5":"has-post-thumbnail","7":"category-norge","8":"tag-breaking-news","9":"tag-breakingnews","10":"tag-featured-news","11":"tag-featurednews","12":"tag-headlines","13":"tag-latest-news","14":"tag-latestnews","15":"tag-news","16":"tag-no","17":"tag-norge","18":"tag-norway","19":"tag-nyheter","20":"tag-overskrifter","21":"tag-top-stories","22":"tag-topstories"},"share_on_mastodon":{"url":"https:\/\/pubeurope.com\/@no\/115607497791019011","error":""},"_links":{"self":[{"href":"https:\/\/www.europesays.com\/no\/wp-json\/wp\/v2\/posts\/95854","targetHints":{"allow":["GET"]}}],"collection":[{"href":"https:\/\/www.europesays.com\/no\/wp-json\/wp\/v2\/posts"}],"about":[{"href":"https:\/\/www.europesays.com\/no\/wp-json\/wp\/v2\/types\/post"}],"author":[{"embeddable":true,"href":"https:\/\/www.europesays.com\/no\/wp-json\/wp\/v2\/users\/2"}],"replies":[{"embeddable":true,"href":"https:\/\/www.europesays.com\/no\/wp-json\/wp\/v2\/comments?post=95854"}],"version-history":[{"count":0,"href":"https:\/\/www.europesays.com\/no\/wp-json\/wp\/v2\/posts\/95854\/revisions"}],"wp:featuredmedia":[{"embeddable":true,"href":"https:\/\/www.europesays.com\/no\/wp-json\/wp\/v2\/media\/95855"}],"wp:attachment":[{"href":"https:\/\/www.europesays.com\/no\/wp-json\/wp\/v2\/media?parent=95854"}],"wp:term":[{"taxonomy":"category","embeddable":true,"href":"https:\/\/www.europesays.com\/no\/wp-json\/wp\/v2\/categories?post=95854"},{"taxonomy":"post_tag","embeddable":true,"href":"https:\/\/www.europesays.com\/no\/wp-json\/wp\/v2\/tags?post=95854"}],"curies":[{"name":"wp","href":"https:\/\/api.w.org\/{rel}","templated":true}]}}