{"id":95878,"date":"2025-11-25T01:07:22","date_gmt":"2025-11-25T01:07:22","guid":{"rendered":"https:\/\/www.europesays.com\/no\/95878\/"},"modified":"2025-11-25T01:07:22","modified_gmt":"2025-11-25T01:07:22","slug":"tatt-ut-til-verdenscupapningen","status":"publish","type":"post","link":"https:\/\/www.europesays.com\/no\/95878\/","title":{"rendered":"Tatt ut til verdenscup\u00e5pningen"},"content":{"rendered":"\n<p data-testid=\"textWithMarkup-text\" data-v-6836129a=\"\" data-v-c0623ac3=\"\">Det ble klart da uttaket til verdenscup\u00e5pningen i Finland til helgen ble offentliggjort mandag ettermiddag.<\/p>\n<p data-testid=\"textWithMarkup-text\" data-v-6836129a=\"\" data-v-c0623ac3=\"\">Der ble det ogs\u00e5 plass til en relativt ukjent sprinter som s\u00f8rlendingen Aron \u00c5kre Rysstad (26).<\/p>\n<p data-testid=\"textWithMarkup-text\" data-v-6836129a=\"\" data-v-c0623ac3=\"\">Konneruds Julie Bjervig Drivenes var ukjent for de aller fleste f\u00f8r rennene p\u00e5 Beitost\u00f8len. Der ble det f\u00f8rst 3.-plass p\u00e5 l\u00f8rdagens 10-kilometer i klassisk f\u00f8r hun slo alle og vant s\u00f8ndagens 10-kilometer i fri teknikk.<\/p>\n<p data-testid=\"textWithMarkup-text\" data-v-6836129a=\"\" data-v-c0623ac3=\"\">Hennes beste plassering i verdenscupen fra tidligere er en 28.-plass fra 10 kilometeren i fri teknikk p\u00e5 Lillehammer i desember 2022. Den plasseringen blir nok forbedret i Finland.<\/p>\n<p>Byttet idrett<\/p>\n<p data-testid=\"textWithMarkup-text\" data-v-6836129a=\"\" data-v-c0623ac3=\"\">24 \u00e5r gamle Einar Hedegart er opprinnelig skiskytter fra Inder\u00f8y i Tr\u00f8ndelag, men avsluttet sist sesongs verdenscup i langrenn med \u00e5 bli nummer to bak Harald \u00d8stberg Amundsen p\u00e5 10-kilometeren i fri teknikk i Holmenkollen. <\/p>\n<p data-testid=\"textWithMarkup-text\" data-v-6836129a=\"\" data-v-c0623ac3=\"\">Hedegart var nevnt blant favorittene f\u00f8r sesongstarten p\u00e5 den tilsvarende distansen p\u00e5 Beitost\u00f8len s\u00f8ndag, og han innfridde til det fulle med \u00e5 vinne sensasjonelle 13,2 sekunder foran til Andreas Fjorden Ree.<\/p>\n<p data-testid=\"textWithMarkup-text\" data-v-6836129a=\"\" data-v-c0623ac3=\"\">Hedegart er ogs\u00e5 et navn som den jevne leser ikke kjenner til, men det kan det fort bli slutt p\u00e5.<\/p>\n<p data-testid=\"textWithMarkup-text\" data-v-6836129a=\"\" data-v-c0623ac3=\"\">Etter rennet p\u00e5 Beitost\u00f8len sa han at han skulle satse p\u00e5 langrenn i hvert fall ut denne sesongen. Det store m\u00e5let er en plass i OL-troppen. <\/p>\n<p>Aldri gjort f\u00f8r<\/p>\n<p data-testid=\"textWithMarkup-text\" data-v-6836129a=\"\" data-v-c0623ac3=\"\">I OL er 10 kilometer fri teknikk \u00e9n av distansene, men i Ruka er det 20 kilometer fellesstart i fri teknikk som gjelder for tr\u00f8nderen. Den distansen har han aldri g\u00e5tt f\u00f8r.<\/p>\n<p data-testid=\"textWithMarkup-text\" data-v-6836129a=\"\" data-v-c0623ac3=\"\">Nevnte Rysstad fra Valle i Agder kan skilte med tre verdenscupstarter tidligere i karrieren. Han har to 30.-plasser som det beste han har prestert p\u00e5 \u00f8verste niv\u00e5. Den f\u00f8rste av dem kom i nettopp Ruka for fire \u00e5r siden.<\/p>\n<p data-testid=\"textWithMarkup-text\" data-v-6836129a=\"\" data-v-c0623ac3=\"\">Dette er programmet i Ruka:<\/p>\n<p data-testid=\"textWithMarkup-text\" data-v-6836129a=\"\" data-v-c0623ac3=\"\">* Fredag 28. november: 10 kilometer klassisk kvinner og menn.<\/p>\n<p data-testid=\"textWithMarkup-text\" data-v-6836129a=\"\" data-v-c0623ac3=\"\">* L\u00f8rdag 29. november: Sprint klassisk kvinner og menn.<\/p>\n<p data-testid=\"textWithMarkup-text\" data-v-6836129a=\"\" data-v-c0623ac3=\"\">* S\u00f8ndag 30. november: 20 kilometer fellesstart fri teknikk kvinner og menn.<\/p>\n","protected":false},"excerpt":{"rendered":"Det ble klart da uttaket til verdenscup\u00e5pningen i Finland til helgen ble offentliggjort mandag ettermiddag. Der ble det&hellip;\n","protected":false},"author":2,"featured_media":95879,"comment_status":"","ping_status":"","sticky":false,"template":"","format":"standard","meta":{"footnotes":""},"categories":[59],"tags":[30,28,29,83,82],"class_list":{"0":"post-95878","1":"post","2":"type-post","3":"status-publish","4":"format-standard","5":"has-post-thumbnail","7":"category-sport","8":"tag-no","9":"tag-norge","10":"tag-norway","11":"tag-sport","12":"tag-sports"},"share_on_mastodon":{"url":"https:\/\/pubeurope.com\/@no\/115607662917544454","error":""},"_links":{"self":[{"href":"https:\/\/www.europesays.com\/no\/wp-json\/wp\/v2\/posts\/95878","targetHints":{"allow":["GET"]}}],"collection":[{"href":"https:\/\/www.europesays.com\/no\/wp-json\/wp\/v2\/posts"}],"about":[{"href":"https:\/\/www.europesays.com\/no\/wp-json\/wp\/v2\/types\/post"}],"author":[{"embeddable":true,"href":"https:\/\/www.europesays.com\/no\/wp-json\/wp\/v2\/users\/2"}],"replies":[{"embeddable":true,"href":"https:\/\/www.europesays.com\/no\/wp-json\/wp\/v2\/comments?post=95878"}],"version-history":[{"count":0,"href":"https:\/\/www.europesays.com\/no\/wp-json\/wp\/v2\/posts\/95878\/revisions"}],"wp:featuredmedia":[{"embeddable":true,"href":"https:\/\/www.europesays.com\/no\/wp-json\/wp\/v2\/media\/95879"}],"wp:attachment":[{"href":"https:\/\/www.europesays.com\/no\/wp-json\/wp\/v2\/media?parent=95878"}],"wp:term":[{"taxonomy":"category","embeddable":true,"href":"https:\/\/www.europesays.com\/no\/wp-json\/wp\/v2\/categories?post=95878"},{"taxonomy":"post_tag","embeddable":true,"href":"https:\/\/www.europesays.com\/no\/wp-json\/wp\/v2\/tags?post=95878"}],"curies":[{"name":"wp","href":"https:\/\/api.w.org\/{rel}","templated":true}]}}