{"id":95888,"date":"2025-11-25T02:02:09","date_gmt":"2025-11-25T02:02:09","guid":{"rendered":"https:\/\/www.europesays.com\/no\/95888\/"},"modified":"2025-11-25T02:02:09","modified_gmt":"2025-11-25T02:02:09","slug":"snart-vil-du-mote-et-trafikkskilt-med-gronn-kant-i-utlandet-dette-betyr-det-for-deg","status":"publish","type":"post","link":"https:\/\/www.europesays.com\/no\/95888\/","title":{"rendered":"Snart vil du m\u00f8te et trafikkskilt med gr\u00f8nn kant i utlandet: Dette betyr det for deg"},"content":{"rendered":"<p>Et nytt og uventet skilt dukker snart opp langs veiene \u2013 og betydningen er viktigere enn du kanskje tror.<\/p>\n<p>\t\t\tAkkurat n\u00e5 leser andre<\/p>\n<p>\t\t\t\t\t<a :href=\"https:\/\/www.dagens.no\/utland\/post.link\"><br \/>\n\t\t\t\t\t\t<img class=\"my-0 aspect-square h-full max-h-16 w-auto rounded object-cover hidden sm:block\" :src=\"https:\/\/www.dagens.no\/utland\/post.featured_media_url\" alt=\"\"\/><br \/>\n\t\t\t\t\t<\/a><\/p>\n<p>\t\t\t\t\t\t<a class=\"text-body-text group-hover:text-body-accent font-normal\" :href=\"https:\/\/www.dagens.no\/utland\/post.link\" x-html=\"post.title\"\/><\/p>\n<p>Da var den saken ute av verden \u2013 for n\u00e5 introduserer Spania en trafikkl\u00f8sning som garantert f\u00e5r deg til \u00e5 sperre \u00f8ynene litt opp.<\/p>\n<p>Noen har allerede p\u00e5st\u00e5tt at Frankrike har kastet seg p\u00e5 trenden, men den myten kan du trygt avlive. <\/p>\n<p>Du m\u00e5 litt lenger s\u00f8r, nemlig til Spania, f\u00f8r du f\u00e5r \u00f8ye p\u00e5 det nye trafikkskiltet med gr\u00f8nn kant.<\/p>\n<p>De spanske trafikkmyndighetene, Direcci\u00f3n General de Tr\u00e1fico (DGT), er nemlig godt i gang med \u00e5 rulle ut nyheten, if\u00f8lge flere spanske aviser.<\/p>\n<p>Gr\u00f8nt er det nye bl\u00e5<\/p>\n<p>Det gr\u00f8nnkantede farts\u00adskiltet er Spanias fors\u00f8k p\u00e5 \u00e5 gj\u00f8re veiledningen for bilister tydeligere. <\/p>\n<p>\t\t\tLes ogs\u00e5<\/p>\n<p>\t\t\t\t\t<a :href=\"https:\/\/www.dagens.no\/utland\/post.link\"><br \/>\n\t\t\t\t\t\t<img class=\"my-0 aspect-square h-full max-h-16 w-auto rounded object-cover hidden sm:block\" :src=\"https:\/\/www.dagens.no\/utland\/post.featured_media_url\" alt=\"\"\/><br \/>\n\t\t\t\t\t<\/a><\/p>\n<p>\t\t\t\t\t\t<a class=\"text-body-text group-hover:text-body-accent font-normal\" :href=\"https:\/\/www.dagens.no\/utland\/post.link\" x-html=\"post.title\"\/><\/p>\n<p>I motsetning til de bl\u00e5 firkantede skiltene vi kjenner fra blant annet Nederland og Frankrike, g\u00e5r Spania sin egen vei.<\/p>\n<p>Hvorfor ikke bare bl\u00e5? Vel, spanjolene mener rett og slett at en gr\u00f8nn kant skiller seg bedre ut \u2013 spesielt n\u00e5r v\u00e6ret sl\u00e5r seg vrangt, eller n\u00e5r trafikken er tettere enn fluer rundt en syltet\u00f8yskive.<\/p>\n<p>Et skilt med gr\u00f8nn kant vil v\u00e6re mer synlig i d\u00e5rlig v\u00e6r og i tett trafikk, forklarer myndighetene. S\u00e5 du kan ikke lenger skylde p\u00e5 at skiltene \u201cforsvant\u201d, n\u00e5r farten m\u00e5 justeres.<\/p>\n<p>Ta det p\u00e5 alvor<\/p>\n<p>Det er viktig \u00e5 f\u00e5 med seg at skiltene med gr\u00f8nn kant ikke betyr at du m\u00e5 br\u00e5bremse.<\/p>\n<p>De viser en veiledende hastighet, som oftest varsler om en situasjon litt lenger fremme \u2013 som en lite elegant sving eller et krevende veiparti.<\/p>\n<p>\t\t\tLes ogs\u00e5<\/p>\n<p>\t\t\t\t\t<a :href=\"https:\/\/www.dagens.no\/utland\/post.link\"><br \/>\n\t\t\t\t\t\t<img class=\"my-0 aspect-square h-full max-h-16 w-auto rounded object-cover hidden sm:block\" :src=\"https:\/\/www.dagens.no\/utland\/post.featured_media_url\" alt=\"\"\/><br \/>\n\t\t\t\t\t<\/a><\/p>\n<p>\t\t\t\t\t\t<a class=\"text-body-text group-hover:text-body-accent font-normal\" :href=\"https:\/\/www.dagens.no\/utland\/post.link\" x-html=\"post.title\"\/><\/p>\n<p>I Nederland har man allerede d\u00f8pt dem humoristisk til \u2018her kommer en sving, og la oss h\u00e5pe at det ikke ligger en Opel Zafira foran deg og sinker deg\u2019-skilt.<\/p>\n<p>Det spanske skiltet er alts\u00e5 ikke en invitasjon til \u00e5 kj\u00f8re som du vil, men en vennlig p\u00e5minnelse om at det kan v\u00e6re lurt \u00e5 lette litt p\u00e5 gassen \u2013 b\u00e5de for din egen og andres sikkerhet.<\/p>\n<p>S\u00e5 neste gang du cruiser nedover de spanske motorveiene og et skilt med gr\u00f8nn kant dukker opp, er det bare \u00e5 skjerpe oppmerksomheten litt ekstra. Det er sikkert en god grunn til at de har valgt akkurat den fargen.<\/p>\n","protected":false},"excerpt":{"rendered":"Et nytt og uventet skilt dukker snart opp langs veiene \u2013 og betydningen er viktigere enn du kanskje&hellip;\n","protected":false},"author":2,"featured_media":95889,"comment_status":"","ping_status":"","sticky":false,"template":"","format":"standard","meta":{"footnotes":""},"categories":[12],"tags":[20,21,24,25,15,22,23,13,30,28,29,14,16,26,27,42,43,44,45],"class_list":{"0":"post-95888","1":"post","2":"type-post","3":"status-publish","4":"format-standard","5":"has-post-thumbnail","7":"category-verden","8":"tag-breaking-news","9":"tag-breakingnews","10":"tag-featured-news","11":"tag-featurednews","12":"tag-headlines","13":"tag-latest-news","14":"tag-latestnews","15":"tag-news","16":"tag-no","17":"tag-norge","18":"tag-norway","19":"tag-nyheter","20":"tag-overskrifter","21":"tag-top-stories","22":"tag-topstories","23":"tag-verden","24":"tag-world","25":"tag-world-news","26":"tag-worldnews"},"share_on_mastodon":{"url":"https:\/\/pubeurope.com\/@no\/115607879148631634","error":""},"_links":{"self":[{"href":"https:\/\/www.europesays.com\/no\/wp-json\/wp\/v2\/posts\/95888","targetHints":{"allow":["GET"]}}],"collection":[{"href":"https:\/\/www.europesays.com\/no\/wp-json\/wp\/v2\/posts"}],"about":[{"href":"https:\/\/www.europesays.com\/no\/wp-json\/wp\/v2\/types\/post"}],"author":[{"embeddable":true,"href":"https:\/\/www.europesays.com\/no\/wp-json\/wp\/v2\/users\/2"}],"replies":[{"embeddable":true,"href":"https:\/\/www.europesays.com\/no\/wp-json\/wp\/v2\/comments?post=95888"}],"version-history":[{"count":0,"href":"https:\/\/www.europesays.com\/no\/wp-json\/wp\/v2\/posts\/95888\/revisions"}],"wp:featuredmedia":[{"embeddable":true,"href":"https:\/\/www.europesays.com\/no\/wp-json\/wp\/v2\/media\/95889"}],"wp:attachment":[{"href":"https:\/\/www.europesays.com\/no\/wp-json\/wp\/v2\/media?parent=95888"}],"wp:term":[{"taxonomy":"category","embeddable":true,"href":"https:\/\/www.europesays.com\/no\/wp-json\/wp\/v2\/categories?post=95888"},{"taxonomy":"post_tag","embeddable":true,"href":"https:\/\/www.europesays.com\/no\/wp-json\/wp\/v2\/tags?post=95888"}],"curies":[{"name":"wp","href":"https:\/\/api.w.org\/{rel}","templated":true}]}}