{"id":95894,"date":"2025-11-25T02:59:11","date_gmt":"2025-11-25T02:59:11","guid":{"rendered":"https:\/\/www.europesays.com\/no\/95894\/"},"modified":"2025-11-25T02:59:11","modified_gmt":"2025-11-25T02:59:11","slug":"endrer-navn-pa-gate-oppkalt-etter-prins-andrew","status":"publish","type":"post","link":"https:\/\/www.europesays.com\/no\/95894\/","title":{"rendered":"Endrer navn p\u00e5 gate oppkalt etter prins Andrew"},"content":{"rendered":"\n<p class=\"_lead_o9xde_2 _lead_xtcu6_50 layout-component text-serif-m layout-normal text-serif-l layout-component layout-wide layout-padded _wide_17hqh_1 layout-padded\">Tar grep etter kong Charles\u2019 beslutning om \u00e5 frata prinsen sine titler. <\/p>\n<p><img alt=\"Prince Andrew har blitt fratatt titlene sine som f\u00f8lge av Epstein-skandalen. Foto: Toby Melville \/ Reuters \/ NTB\" class=\"_image_qp4xg_65 layout-component layout-wide\" data-fullscreen- data-track-element-type=\"Article image fullscreen\" data-track-name=\"ImageFullscreen\" fetchpriority=\"high\" decoding=\"sync\" loading=\"eager\" height=\"3394\" itemprop=\"image\"  src=\"https:\/\/www.europesays.com\/no\/wp-content\/uploads\/2025\/11\/45473fad-8505-40d3-befb-206fe2445399\"  style=\"object-position:0% 0%\" width=\"5225\"\/>Prince Andrew har blitt fratatt titlene sine som f\u00f8lge av Epstein-skandalen. Foto: Toby Melville \/ Reuters \/ NTB<\/p>\n<ul aria-hidden=\"true\" class=\"_images_18f0k_111\">\n<li><a class=\"_link_18f0k_116\" href=\"https:\/\/www.vg.no\/forfatter\/einar-torkelsen\" style=\"z-index:1\" title=\"Einar Torkelsen\" rel=\"nofollow noopener\" target=\"_blank\"><img alt=\"Bilde av Einar Torkelsen\" class=\"_image_18f0k_93\" fetchpriority=\"low\" loading=\"lazy\" decoding=\"async\" itemprop=\"image\"  src=\"https:\/\/www.europesays.com\/no\/wp-content\/uploads\/2025\/11\/1764039549_288_f6016772-ddbc-43d2-b733-41afc7cc9046\"  width=\"480\"\/><\/a><\/li>\n<\/ul>\n<p> Oppdatert tirsdag 25. november kl. 03:10     <\/p>\n<p class=\"_paragraph_o9xde_4 _paragraph_xtcu6_10 layout-component text-serif-m layout-normal text-serif-m layout-padded\">Et kommunestyre i Nord-Irland har vedtatt \u00e5 endre navnet p\u00e5 en gate oppkalt etter prins Andrew. <\/p>\n<p class=\"_paragraph_o9xde_4 _paragraph_xtcu6_10 layout-component text-serif-m layout-normal text-serif-m layout-padded\">Det er f\u00f8rste gang en kommune i <a href=\"https:\/\/www.vg.no\/tag\/storbritannia?utm_source=vg-article&amp;utm_medium=auto-tagger&amp;utm_campaign=WvlaX2\" class=\"_link_o9xde_39\" rel=\"nofollow noopener\" target=\"_blank\">Storbritannia<\/a> gj\u00f8r dette, etter at kong Charles besluttet \u00e5 frata prinsen sine titler. Andrew m\u00e5 ogs\u00e5 flytte fra boligen sin. <\/p>\n<p class=\"_paragraph_o9xde_4 _paragraph_xtcu6_10 layout-component text-serif-m layout-normal text-serif-m layout-padded\">Bakteppet er prinsens b\u00e5nd til den avd\u00f8de, d\u00f8mte seksualforbryteren Jeffrey Epstein. <\/p>\n<p class=\"_paragraph_o9xde_4 _paragraph_xtcu6_10 layout-component text-serif-m layout-normal layout-padded\"><strong class=\"_strong_o9xde_25\">Les ogs\u00e5:<\/strong> <a href=\"https:\/\/www.vg.no\/i\/zAR4r9\" data-track-element-type=\"Link\" data-track-id=\"link:zAR4r9\" class=\"_link_o9xde_39\" rel=\"nofollow noopener\" target=\"_blank\">Eks-prinsen Andrew kalt inn p\u00e5 teppet etter Epstein-saken<\/a><\/p>\n<p class=\"_paragraph_o9xde_4 _paragraph_xtcu6_10 layout-component text-serif-m layout-normal text-serif-m layout-padded\">Kommunestyret i Mid and East Antrim stemte enstemmig for \u00e5 endre navnet p\u00e5 Prince Andrew Way i byen Carrickfergus, melder <a href=\"https:\/\/www.reuters.com\/world\/uk\/northern-ireland-town-rename-street-called-after-former-prince-andrew-2025-01-20\/\" class=\"_link_o9xde_39\" rel=\"nofollow noopener\" target=\"_blank\">Reuters<\/a>.<\/p>\n<p class=\"_paragraph_o9xde_4 _paragraph_xtcu6_10 layout-component text-serif-m layout-normal text-serif-m layout-padded\">\u2013 Dette er et trist, men n\u00f8dvendig forslag, sa kommunestyremedlem Anna Henry under m\u00f8tet.<\/p>\n<p class=\"_paragraph_o9xde_4 _paragraph_xtcu6_10 layout-component text-serif-m layout-normal text-serif-m layout-padded\">\u2013 Dessverre har de p\u00e5st\u00e5tte handlingene til Andrew Mountbatten-Windsor gjort det umulig for kommunen \u00e5 fortsette \u00e5 hedre ham, la hun til.<\/p>\n<p><img alt=\"Lokalbefolkningen har allerede fjernet \u00abPrince\u00bb fra skiltet som hedrer den britiske prinsen. N\u00e5 skal hele gaten endre navn.   Foto: Jonathan McCambridge \/ AP \/ NTB\" class=\"_image_qp4xg_65 layout-component layout-normal\" data-fullscreen- data-track-element-type=\"Article image fullscreen\" data-track-name=\"ImageFullscreen\" decoding=\"async\" loading=\"lazy\" height=\"2327\" itemprop=\"image\"  src=\"https:\/\/www.europesays.com\/no\/wp-content\/uploads\/2025\/11\/b7f4ad98-8417-4cc9-b09a-0483e813baee\"  style=\"object-position:0% 0%\" width=\"3500\"\/>Lokalbefolkningen har allerede fjernet \u00abPrince\u00bb fra skiltet som hedrer den britiske prinsen. N\u00e5 skal hele gaten endre navn.   Foto: Jonathan McCambridge \/ AP \/ NTB<\/p>\n<p class=\"_paragraph_o9xde_4 _paragraph_xtcu6_10 layout-component text-serif-m layout-normal text-serif-m layout-padded\">N\u00e5 foresl\u00e5s det at gaten skal kalles opp etter dronning Elizabeth i stedet. <\/p>\n<p class=\"_paragraph_o9xde_4 _paragraph_xtcu6_10 layout-component text-serif-m layout-normal layout-padded\"><strong class=\"_strong_o9xde_25\">Les ogs\u00e5:<\/strong> <a href=\"https:\/\/www.vg.no\/i\/3Mlned\" data-track-element-type=\"Link\" data-track-id=\"link:3Mlned\" class=\"_link_o9xde_39\" rel=\"nofollow noopener\" target=\"_blank\">\u2013 En ydmykelse for historieb\u00f8kene<\/a><\/p>\n<p class=\"_paragraph_o9xde_4 _paragraph_xtcu6_10 layout-component text-serif-m layout-normal text-serif-m layout-padded\">Kommunen skal n\u00e5 starte prosessen med navneskiftet, inkludert kontakt med postvesenet og kongehuset. De vil ogs\u00e5 unders\u00f8ke om kommunen kan dekke kostnadene for de ti adressene i gaten.<\/p>\n<p class=\"_paragraph_o9xde_4 _paragraph_xtcu6_10 layout-component text-serif-m layout-normal text-serif-m layout-padded\">Andrew (65) har i flere \u00e5r v\u00e6rt under press p\u00e5 grunn av oppf\u00f8rselen sin og b\u00e5ndene til Epstein. Han mistet ogs\u00e5 hertugtittelen i forrige m\u00e5ned.<\/p>\n<p class=\"_paragraph_o9xde_4 _paragraph_xtcu6_10 layout-component text-serif-m layout-normal layout-padded\"><strong class=\"_strong_o9xde_25\">Les ogs\u00e5:<\/strong> <a href=\"https:\/\/www.vg.no\/i\/QMp51x\" data-track-element-type=\"Link\" data-track-id=\"link:QMp51x\" class=\"_link_o9xde_39\" rel=\"nofollow noopener\" target=\"_blank\">N\u00e5 er det offisielt: Andrew er ikke lenger prins<\/a><\/p>\n<p>    <img decoding=\"async\" alt=\"Tips oss illustrasjon\" src=\"https:\/\/www.europesays.com\/no\/wp-content\/uploads\/2025\/10\/pssst-small.webp.webp\"\/>    <\/p>\n<p class=\"title-serif-s\">Har du tips?<\/p>\n<p class=\"text-sans-m\">Send oss informasjon, bilder eller video.<\/p>\n<p>  <a href=\"https:\/\/www.vg.no\/tips-oss\" rel=\"nofollow noopener\" target=\"_blank\"> Tips oss <\/a>      <\/p>\n","protected":false},"excerpt":{"rendered":"Tar grep etter kong Charles\u2019 beslutning om \u00e5 frata prinsen sine titler. Prince Andrew har blitt fratatt titlene&hellip;\n","protected":false},"author":2,"featured_media":95895,"comment_status":"","ping_status":"","sticky":false,"template":"","format":"standard","meta":{"footnotes":""},"categories":[12],"tags":[20,21,1893,24,25,15,1649,22,23,13,30,12393,28,29,14,16,865,26,27,42,43,44,45],"class_list":{"0":"post-95894","1":"post","2":"type-post","3":"status-publish","4":"format-standard","5":"has-post-thumbnail","7":"category-verden","8":"tag-breaking-news","9":"tag-breakingnews","10":"tag-det-britiske-kongehuset","11":"tag-featured-news","12":"tag-featurednews","13":"tag-headlines","14":"tag-jeffrey-epstein","15":"tag-latest-news","16":"tag-latestnews","17":"tag-news","18":"tag-no","19":"tag-nord-irland","20":"tag-norge","21":"tag-norway","22":"tag-nyheter","23":"tag-overskrifter","24":"tag-storbritannia","25":"tag-top-stories","26":"tag-topstories","27":"tag-verden","28":"tag-world","29":"tag-world-news","30":"tag-worldnews"},"share_on_mastodon":{"url":"https:\/\/pubeurope.com\/@no\/115608104199076907","error":""},"_links":{"self":[{"href":"https:\/\/www.europesays.com\/no\/wp-json\/wp\/v2\/posts\/95894","targetHints":{"allow":["GET"]}}],"collection":[{"href":"https:\/\/www.europesays.com\/no\/wp-json\/wp\/v2\/posts"}],"about":[{"href":"https:\/\/www.europesays.com\/no\/wp-json\/wp\/v2\/types\/post"}],"author":[{"embeddable":true,"href":"https:\/\/www.europesays.com\/no\/wp-json\/wp\/v2\/users\/2"}],"replies":[{"embeddable":true,"href":"https:\/\/www.europesays.com\/no\/wp-json\/wp\/v2\/comments?post=95894"}],"version-history":[{"count":0,"href":"https:\/\/www.europesays.com\/no\/wp-json\/wp\/v2\/posts\/95894\/revisions"}],"wp:featuredmedia":[{"embeddable":true,"href":"https:\/\/www.europesays.com\/no\/wp-json\/wp\/v2\/media\/95895"}],"wp:attachment":[{"href":"https:\/\/www.europesays.com\/no\/wp-json\/wp\/v2\/media?parent=95894"}],"wp:term":[{"taxonomy":"category","embeddable":true,"href":"https:\/\/www.europesays.com\/no\/wp-json\/wp\/v2\/categories?post=95894"},{"taxonomy":"post_tag","embeddable":true,"href":"https:\/\/www.europesays.com\/no\/wp-json\/wp\/v2\/tags?post=95894"}],"curies":[{"name":"wp","href":"https:\/\/api.w.org\/{rel}","templated":true}]}}