{"id":95900,"date":"2025-11-25T03:08:08","date_gmt":"2025-11-25T03:08:08","guid":{"rendered":"https:\/\/www.europesays.com\/no\/95900\/"},"modified":"2025-11-25T03:08:08","modified_gmt":"2025-11-25T03:08:08","slug":"krigen-i-ukraina-russisk-angrep","status":"publish","type":"post","link":"https:\/\/www.europesays.com\/no\/95900\/","title":{"rendered":"Krigen i Ukraina, Russisk angrep"},"content":{"rendered":"\n<p>S\u00e5 fort sikkerhetssituasjonen tillater det, vil arbeidere begynne \u00e5 vurdere konsekvensene og fikse feil, if\u00f8lge energidepartementet i Ukraina.<\/p>\n<p>Kraftige eksplosjoner har blitt h\u00f8rt i hovedstaden Kyiv natt til tirsdag, if\u00f8lge en journalist i det franske nyhetsbyr\u00e5et AFP.<\/p>\n<p>If\u00f8lge Kyivs ordf\u00f8rer Vitalij Klitsjko er luftvern aktivert mot et russisk droneangrep og mulige missiler. P\u00e5 Telegram melder han ogs\u00e5 om forstyrrelser i tilgangen til elektrisitet og vann.<\/p>\n<p>Natt til tirsdag ble det utstedt varsel om missiler over hele landet, if\u00f8lge det ukrainske luftforsvaret.<\/p>\n","protected":false},"excerpt":{"rendered":"S\u00e5 fort sikkerhetssituasjonen tillater det, vil arbeidere begynne \u00e5 vurdere konsekvensene og fikse feil, if\u00f8lge energidepartementet i Ukraina.&hellip;\n","protected":false},"author":2,"featured_media":3844,"comment_status":"","ping_status":"","sticky":false,"template":"","format":"standard","meta":{"footnotes":""},"categories":[5],"tags":[20,21,24,25,15,19,22,23,17,18,13,30,28,29,14,16,26,27],"class_list":{"0":"post-95900","1":"post","2":"type-post","3":"status-publish","4":"format-standard","5":"has-post-thumbnail","7":"category-overskrifter","8":"tag-breaking-news","9":"tag-breakingnews","10":"tag-featured-news","11":"tag-featurednews","12":"tag-headlines","13":"tag-hovedoppslag","14":"tag-latest-news","15":"tag-latestnews","16":"tag-main-news","17":"tag-mainnews","18":"tag-news","19":"tag-no","20":"tag-norge","21":"tag-norway","22":"tag-nyheter","23":"tag-overskrifter","24":"tag-top-stories","25":"tag-topstories"},"share_on_mastodon":{"url":"https:\/\/pubeurope.com\/@no\/115608138716193407","error":""},"_links":{"self":[{"href":"https:\/\/www.europesays.com\/no\/wp-json\/wp\/v2\/posts\/95900","targetHints":{"allow":["GET"]}}],"collection":[{"href":"https:\/\/www.europesays.com\/no\/wp-json\/wp\/v2\/posts"}],"about":[{"href":"https:\/\/www.europesays.com\/no\/wp-json\/wp\/v2\/types\/post"}],"author":[{"embeddable":true,"href":"https:\/\/www.europesays.com\/no\/wp-json\/wp\/v2\/users\/2"}],"replies":[{"embeddable":true,"href":"https:\/\/www.europesays.com\/no\/wp-json\/wp\/v2\/comments?post=95900"}],"version-history":[{"count":0,"href":"https:\/\/www.europesays.com\/no\/wp-json\/wp\/v2\/posts\/95900\/revisions"}],"wp:featuredmedia":[{"embeddable":true,"href":"https:\/\/www.europesays.com\/no\/wp-json\/wp\/v2\/media\/3844"}],"wp:attachment":[{"href":"https:\/\/www.europesays.com\/no\/wp-json\/wp\/v2\/media?parent=95900"}],"wp:term":[{"taxonomy":"category","embeddable":true,"href":"https:\/\/www.europesays.com\/no\/wp-json\/wp\/v2\/categories?post=95900"},{"taxonomy":"post_tag","embeddable":true,"href":"https:\/\/www.europesays.com\/no\/wp-json\/wp\/v2\/tags?post=95900"}],"curies":[{"name":"wp","href":"https:\/\/api.w.org\/{rel}","templated":true}]}}