{"id":95907,"date":"2025-11-25T03:29:09","date_gmt":"2025-11-25T03:29:09","guid":{"rendered":"https:\/\/www.europesays.com\/no\/95907\/"},"modified":"2025-11-25T03:29:09","modified_gmt":"2025-11-25T03:29:09","slug":"verdens-eldste-skilpadde-dode-ble-141-ar-gammel","status":"publish","type":"post","link":"https:\/\/www.europesays.com\/no\/95907\/","title":{"rendered":"Verdens eldste skilpadde d\u00f8de \u2013 ble 141 \u00e5r gammel"},"content":{"rendered":"\n<p class=\"_lead_o9xde_2 _lead_xtcu6_50 layout-component text-serif-m layout-normal text-serif-l layout-component layout-wide layout-padded _wide_17hqh_1 layout-padded\">Gramma levde gjennom to verdenskrig og 20 amerikanske presidenter.<\/p>\n<p><img alt=\" Foto: AP \/ NTB\" class=\"_image_qp4xg_65 layout-component layout-wide\" data-fullscreen- data-track-element-type=\"Article image fullscreen\" data-track-name=\"ImageFullscreen\" fetchpriority=\"high\" decoding=\"sync\" loading=\"eager\" height=\"1333\" itemprop=\"image\"  src=\"https:\/\/www.europesays.com\/no\/wp-content\/uploads\/2025\/11\/22e12146-a5ca-4da4-9874-a51d72badde7\"  style=\"object-position:0% 0%\" width=\"2000\"\/> Foto: AP \/ NTB<\/p>\n<ul aria-hidden=\"true\" class=\"_images_18f0k_111\">\n<li><a class=\"_link_18f0k_116\" href=\"https:\/\/www.vg.no\/forfatter\/kari-aarstad-aase\" style=\"z-index:1\" title=\"Kari Aarstad Aase\" rel=\"nofollow noopener\" target=\"_blank\"><img alt=\"Bilde av Kari Aarstad Aase\" class=\"_image_18f0k_93\" fetchpriority=\"low\" loading=\"lazy\" decoding=\"async\" itemprop=\"image\"  src=\"https:\/\/www.europesays.com\/no\/wp-content\/uploads\/2025\/11\/1764041349_945_0dbde33e-6d8e-4680-8e4f-e2a64281e2b8\"  width=\"480\"\/><\/a><\/li>\n<\/ul>\n<p> Oppdatert tirsdag 25. november kl. 03:43     <\/p>\n<p class=\"_paragraph_o9xde_4 _paragraph_xtcu6_10 layout-component text-serif-m layout-normal text-serif-m layout-padded\">Den ber\u00f8mte Gal\u00e1pagos-skilpadden Gramma, som var den eldste beboeren p\u00e5 San Diego Zoo, d\u00f8de 20. november. Hun ble anslagsvis 141 \u00e5r gammel, melder <a href=\"https:\/\/apnews.com\/article\/galapagos-tortoise-gramma-dies-san-diego-zoo-1acb334e4aabb3a83e072af54c258778\" class=\"_link_o9xde_39\" rel=\"nofollow noopener\" target=\"_blank\">Associated Press<\/a>.<\/p>\n<p class=\"_paragraph_o9xde_4 _paragraph_xtcu6_10 layout-component text-serif-m layout-normal text-serif-m layout-padded\">Gramma kom til San Diego Zoo fra Bronx Zoo enten i 1928 eller 1931, som del av den f\u00f8rste gruppen Gal\u00e1pagos-skilpadder p\u00e5 dyrehagen. Hun ble f\u00f8dt i sitt naturlige habitat.<\/p>\n<p class=\"_paragraph_o9xde_4 _paragraph_xtcu6_10 layout-component text-serif-m layout-normal text-serif-m layout-padded\">Gjennom sitt lange liv opplevde hun enorme historiske endringer. Hun levde gjennom to verdenskrig og 20 amerikanske presidenter, mens hun gledet bes\u00f8kende med sin s\u00f8te og sjenerte personlighet.<\/p>\n<p><img alt=\"Foto: AP \/ NTB\" class=\"_image_qp4xg_65 layout-component layout-normal\" data-fullscreen- data-track-element-type=\"Article image fullscreen\" data-track-name=\"ImageFullscreen\" decoding=\"async\" loading=\"lazy\" height=\"1221\" itemprop=\"image\"  src=\"https:\/\/www.europesays.com\/no\/wp-content\/uploads\/2025\/11\/bb6d712c-5237-4a0b-915a-4d57e04a6352\"  style=\"object-position:0% 0%\" width=\"1832\"\/>Foto: AP \/ NTB<\/p>\n<p class=\"_paragraph_o9xde_4 _paragraph_xtcu6_10 layout-component text-serif-m layout-normal text-serif-m layout-padded\">Dyrepasserne kalte henne kj\u00e6rlig \u00abdronningen av dyrehagen\u00bb. Hun spiste helst romanosalat og kaktusfrukt.<\/p>\n<p class=\"_paragraph_o9xde_4 _paragraph_xtcu6_10 layout-component text-serif-m layout-normal text-serif-m layout-padded\">Gramma led av bensykdommer relatert til sin h\u00f8ye alder, som forverret seg nylig. Hun ble derfor avlivet, opplyser dyrehagen.<\/p>\n<p class=\"_paragraph_o9xde_4 _paragraph_xtcu6_10 layout-component text-serif-m layout-normal text-serif-m layout-padded\">Mange bes\u00f8kende har delt minner p\u00e5 sosiale medier om \u00e5 ha m\u00f8tt Gramma som barn, for s\u00e5 \u00e5 komme tilbake \u00e5r senere med sine egne barn.<\/p>\n<p class=\"_paragraph_o9xde_4 _paragraph_xtcu6_10 layout-component text-serif-m layout-normal text-serif-m layout-padded\">Gal\u00e1pagos-skilpadder kan leve over 100 \u00e5r i naturen og nesten dobbelt s\u00e5 lenge i fangenskap. Den eldste kjente Gal\u00e1pagos-skilpadden var Harriet, som levde til hun var 175 \u00e5r gammel.<\/p>\n<p class=\"_paragraph_o9xde_4 _paragraph_xtcu6_10 layout-component text-serif-m layout-normal text-serif-m layout-padded\">Gal\u00e1pagos-skilpadder inkluderer 15 underarter, hvorav tre er utryddet. De resterende er alle s\u00e5rbare eller kritisk truet.<\/p>\n<p>Les ogs\u00e5<\/p>\n","protected":false},"excerpt":{"rendered":"Gramma levde gjennom to verdenskrig og 20 amerikanske presidenter. Foto: AP \/ NTB Oppdatert tirsdag 25. november kl.&hellip;\n","protected":false},"author":2,"featured_media":95908,"comment_status":"","ping_status":"","sticky":false,"template":"","format":"standard","meta":{"footnotes":""},"categories":[12],"tags":[20,21,7664,24,25,15,22,23,13,30,28,29,14,16,2367,26,27,42,46,43,44,45],"class_list":{"0":"post-95907","1":"post","2":"type-post","3":"status-publish","4":"format-standard","5":"has-post-thumbnail","7":"category-verden","8":"tag-breaking-news","9":"tag-breakingnews","10":"tag-dyrehage","11":"tag-featured-news","12":"tag-featurednews","13":"tag-headlines","14":"tag-latest-news","15":"tag-latestnews","16":"tag-news","17":"tag-no","18":"tag-norge","19":"tag-norway","20":"tag-nyheter","21":"tag-overskrifter","22":"tag-skilpadde","23":"tag-top-stories","24":"tag-topstories","25":"tag-verden","26":"tag-vgai","27":"tag-world","28":"tag-world-news","29":"tag-worldnews"},"share_on_mastodon":{"url":"https:\/\/pubeurope.com\/@no\/115608221598402556","error":""},"_links":{"self":[{"href":"https:\/\/www.europesays.com\/no\/wp-json\/wp\/v2\/posts\/95907","targetHints":{"allow":["GET"]}}],"collection":[{"href":"https:\/\/www.europesays.com\/no\/wp-json\/wp\/v2\/posts"}],"about":[{"href":"https:\/\/www.europesays.com\/no\/wp-json\/wp\/v2\/types\/post"}],"author":[{"embeddable":true,"href":"https:\/\/www.europesays.com\/no\/wp-json\/wp\/v2\/users\/2"}],"replies":[{"embeddable":true,"href":"https:\/\/www.europesays.com\/no\/wp-json\/wp\/v2\/comments?post=95907"}],"version-history":[{"count":0,"href":"https:\/\/www.europesays.com\/no\/wp-json\/wp\/v2\/posts\/95907\/revisions"}],"wp:featuredmedia":[{"embeddable":true,"href":"https:\/\/www.europesays.com\/no\/wp-json\/wp\/v2\/media\/95908"}],"wp:attachment":[{"href":"https:\/\/www.europesays.com\/no\/wp-json\/wp\/v2\/media?parent=95907"}],"wp:term":[{"taxonomy":"category","embeddable":true,"href":"https:\/\/www.europesays.com\/no\/wp-json\/wp\/v2\/categories?post=95907"},{"taxonomy":"post_tag","embeddable":true,"href":"https:\/\/www.europesays.com\/no\/wp-json\/wp\/v2\/tags?post=95907"}],"curies":[{"name":"wp","href":"https:\/\/api.w.org\/{rel}","templated":true}]}}