{"id":95912,"date":"2025-11-25T04:00:08","date_gmt":"2025-11-25T04:00:08","guid":{"rendered":"https:\/\/www.europesays.com\/no\/95912\/"},"modified":"2025-11-25T04:00:08","modified_gmt":"2025-11-25T04:00:08","slug":"taiwan-kina-og-taiwan-taiwans-statsminister-tilbakeforing-til-kina-ikke-et-alternativ","status":"publish","type":"post","link":"https:\/\/www.europesays.com\/no\/95912\/","title":{"rendered":"Taiwan, Kina og Taiwan | Taiwans statsminister: Tilbakef\u00f8ring til Kina ikke et alternativ"},"content":{"rendered":"\n<p>\u2013 Vi m\u00e5 nok en gang understreke at Taiwan er et fullstendig suverent og uavhengig land, sa Cho til journalister utenfor parlamentet.<\/p>\n<p>\u2013 For de 23 millioner menneskene i v\u00e5r nasjon er \u00abretur\u00bb ikke et alternativ \u2013 dette er veldig klart, la han til.<\/p>\n<p>Kinas president Xi Jinping sa til USAs president Donald Trump mandag at Taiwans tilbakef\u00f8ring til Kina ved slutten av andre verdenskrig var en viktig del av den internasjonale ordenen etter krigen.<\/p>\n<p>Under \u00abEtt land, to systemer\u00bb-politikken i Kina regnes Taiwan som en del av Kina, mens Taiwan selv kjemper for full uavhengighet i et fritt og demokratisk samfunn. Modellen har ikke st\u00f8tte fra noe st\u00f8rre politisk parti i Taiwan og avvises av president Lai Ching-te.<\/p>\n<p>Beijing har aldri avvist muligheten for \u00e5 bruke makt for \u00e5 bringe Taiwan under sin kontroll og har trappet opp det milit\u00e6re presset mot \u00f8ya.<\/p>\n","protected":false},"excerpt":{"rendered":"\u2013 Vi m\u00e5 nok en gang understreke at Taiwan er et fullstendig suverent og uavhengig land, sa Cho&hellip;\n","protected":false},"author":2,"featured_media":3844,"comment_status":"","ping_status":"","sticky":false,"template":"","format":"standard","meta":{"footnotes":""},"categories":[5],"tags":[20,21,24,25,15,19,22,23,17,18,13,30,28,29,14,16,26,27],"class_list":{"0":"post-95912","1":"post","2":"type-post","3":"status-publish","4":"format-standard","5":"has-post-thumbnail","7":"category-overskrifter","8":"tag-breaking-news","9":"tag-breakingnews","10":"tag-featured-news","11":"tag-featurednews","12":"tag-headlines","13":"tag-hovedoppslag","14":"tag-latest-news","15":"tag-latestnews","16":"tag-main-news","17":"tag-mainnews","18":"tag-news","19":"tag-no","20":"tag-norge","21":"tag-norway","22":"tag-nyheter","23":"tag-overskrifter","24":"tag-top-stories","25":"tag-topstories"},"share_on_mastodon":{"url":"https:\/\/pubeurope.com\/@no\/115608343202696978","error":""},"_links":{"self":[{"href":"https:\/\/www.europesays.com\/no\/wp-json\/wp\/v2\/posts\/95912","targetHints":{"allow":["GET"]}}],"collection":[{"href":"https:\/\/www.europesays.com\/no\/wp-json\/wp\/v2\/posts"}],"about":[{"href":"https:\/\/www.europesays.com\/no\/wp-json\/wp\/v2\/types\/post"}],"author":[{"embeddable":true,"href":"https:\/\/www.europesays.com\/no\/wp-json\/wp\/v2\/users\/2"}],"replies":[{"embeddable":true,"href":"https:\/\/www.europesays.com\/no\/wp-json\/wp\/v2\/comments?post=95912"}],"version-history":[{"count":0,"href":"https:\/\/www.europesays.com\/no\/wp-json\/wp\/v2\/posts\/95912\/revisions"}],"wp:featuredmedia":[{"embeddable":true,"href":"https:\/\/www.europesays.com\/no\/wp-json\/wp\/v2\/media\/3844"}],"wp:attachment":[{"href":"https:\/\/www.europesays.com\/no\/wp-json\/wp\/v2\/media?parent=95912"}],"wp:term":[{"taxonomy":"category","embeddable":true,"href":"https:\/\/www.europesays.com\/no\/wp-json\/wp\/v2\/categories?post=95912"},{"taxonomy":"post_tag","embeddable":true,"href":"https:\/\/www.europesays.com\/no\/wp-json\/wp\/v2\/tags?post=95912"}],"curies":[{"name":"wp","href":"https:\/\/api.w.org\/{rel}","templated":true}]}}