{"id":95918,"date":"2025-11-25T04:34:26","date_gmt":"2025-11-25T04:34:26","guid":{"rendered":"https:\/\/www.europesays.com\/no\/95918\/"},"modified":"2025-11-25T04:34:26","modified_gmt":"2025-11-25T04:34:26","slug":"senterpartiet-i-melhus-star-fast-nei-til-vindkraft-ja-til-lokal-styring-og-bedre-losninger","status":"publish","type":"post","link":"https:\/\/www.europesays.com\/no\/95918\/","title":{"rendered":"Senter\u00adpartiet i Melhus st\u00e5r fast: Nei til vindkraft, ja til lokal styring og bedre l\u00f8sninger"},"content":{"rendered":"<p>I kj\u00f8lvannet av innlegg p\u00e5 sosiale medier og omtale i lokalavisene \u00f8nsker Senterpartiet i Melhus \u00e5 v\u00e6re helt tydelige: Vi st\u00e5r fortsatt fast p\u00e5 v\u00e5rt klare nei til vindkraft i Melhus og vi deler Senterpartiets nasjonale linje om \u00e5 si nei til videre utbygging av vindkraft i norsk natur, b\u00e5de p\u00e5 land og til havs.<\/p>\n<p><strong>Det har de siste dagene blitt hevdet at vi har brutt v\u00e5rt valgl\u00f8fte, blant annet med henvisning til en kort uttalelse fra varaordf\u00f8rer Fritz Arne Haugen rett etter formannskapsm\u00f8tet der Fenix Repower presenterte sine planer. Denne tolkningen er feil.<\/strong><\/p>\n<p>Vi vil p\u00e5peke at dette var en orienteringssak, og ikke en del av noen saksbehandling. \u00c5 lytte til en utbygger som presenterer sine ideer i et \u00e5pent, demokratisk m\u00f8te er ikke det samme som \u00e5 st\u00f8tte utbygging. Tvert imot: \u00c5penhet og dialog er en grunnpilar i lokaldemokratiet, noe som er en grunnleggende verdi i v\u00e5rt verdigrunnlag. Men v\u00e5rt standpunkt mot vindkraft i Melhus ligger fast.<\/p>\n<p>Det st\u00e5r ogs\u00e5 helt klart i v\u00e5rt lokale valgprogram fra 2023 at Senterpartiet i Melhus er imot vindkraftutbygging i kommunen. Dette er et standpunkt som er vedtatt av v\u00e5re medlemmer, og som vi vil holde fast ved helt til v\u00e5re medlemmer eventuelt vedtar noe annet i framtiden.<\/p>\n<p>Gjennomslag nasjonalt mot natur\u00f8deleggende vindkraft<\/p>\n<p>Vi er stolte av \u00e5 ha bidratt til betydelige gjennomslag i Senterpartiets stortingsvalgprogram for innev\u00e6rende periode. Sammen med andre lokallag i Tr\u00f8ndelag har vi arbeidet m\u00e5lrettet for \u00e5 f\u00e5 fjernet alle ambisjoner om videre utbygging av vindkraft i norsk natur, b\u00e5de p\u00e5 land og til havs. Dette arbeidet har gitt resultater, og vi har f\u00e5tt tydelig st\u00f8tte fra Senterpartiet nasjonalt p\u00e5 v\u00e5rt syn. Det sender et viktig signal om at b\u00e6rekraftig naturbruk og lokalsamfunn veier tyngre i Senterpartiets politikk enn kortsiktig natur\u00f8deleggende profitt.<\/p>\n<p>Vi \u00f8nsker en langsiktig l\u00f8sning som skaper utvikling uten \u00e5 g\u00e5 p\u00e5 akkord med v\u00e5re felles interesser.<\/p>\n<p>Kjernekraft som et bedre alternativ<\/p>\n<p>Som et av v\u00e5re bidrag til \u00e5 styre v\u00e5r felles energiframtid har vi gjennom flere \u00e5r fremmet resolusjoner p\u00e5 Tr\u00f8ndelag Senterpartis fylkes\u00e5rsm\u00f8ter der vi l\u00f8fter fram kjernekraft som et langt bedre alternativ for \u00e5 sikre \u00f8kt produksjon av utslippsfri kraft. Disse resolusjonene har f\u00e5tt stadig st\u00f8rre gjennomslag, og vi mener det er b\u00e5de mer realistisk og mer b\u00e6rekraftig \u00e5 satse p\u00e5 l\u00f8sninger som gir stabil, forutsigbar kraftproduksjon uten \u00e5 un\u00f8dig \u00f8delegge s\u00e5rbar natur og viktige friluftsomr\u00e5der.<\/p>\n<p>For Melhus handler dette ikke bare om antall megawatt, men om livskvalitet, naturmangfold, reiseliv, landbruk og lokaldemokrati. Vindkraftutbygging i v\u00e5r kommune vil v\u00e6re et irreversibelt inngrep i naturen. Et slikt inngrep kan vi ikke forsvare overfor innbyggerne v\u00e5re, n\u00e5 eller i framtiden.<\/p>\n<p>Vi st\u00e5r sammen med innbyggerne<\/p>\n<p>Motstanden mot vindkraft i Melhus er bred og tydelig. Den kommer til uttrykk b\u00e5de gjennom folkelig engasjement, i lokalavisene og gjennom organiserte grupper. Senterpartiet i Melhus st\u00e5r sammen med disse stemmene. Vi vil fortsette \u00e5 kjempe for lokal r\u00e5derett, b\u00e6rekraftig bruk av naturressursene v\u00e5re og en fornuftig energipolitikk.<\/p>\n<p><strong>V\u00e5rt budskap er enkelt og klart: Vi har ikke snudd. Vi st\u00e5r fast. Nei til vindkraft i Melhus og nei til videre nedbygging av norsk natur.<\/strong><\/p>\n<p><strong>For Senterpartiet i Melhus<\/strong><\/p>\n<p><strong>Gj\u00f8ran Moen &#8211; Lokallagsleder<\/strong><\/p>\n<p><strong>Ingunn Kregnes &#8211; Gruppeleder<\/strong><\/p>\n","protected":false},"excerpt":{"rendered":"I kj\u00f8lvannet av innlegg p\u00e5 sosiale medier og omtale i lokalavisene \u00f8nsker Senterpartiet i Melhus \u00e5 v\u00e6re helt&hellip;\n","protected":false},"author":2,"featured_media":95919,"comment_status":"","ping_status":"","sticky":false,"template":"","format":"standard","meta":{"footnotes":""},"categories":[10],"tags":[20,21,24,25,15,22,23,807,639,12199,2382,13,30,28,29,14,16,1963,26,27,1454,3926],"class_list":{"0":"post-95918","1":"post","2":"type-post","3":"status-publish","4":"format-standard","5":"has-post-thumbnail","7":"category-norge","8":"tag-breaking-news","9":"tag-breakingnews","10":"tag-featured-news","11":"tag-featurednews","12":"tag-headlines","13":"tag-latest-news","14":"tag-latestnews","15":"tag-lokaldemokrati","16":"tag-melhus","17":"tag-melhus-formannskap","18":"tag-melhus-kommune","19":"tag-news","20":"tag-no","21":"tag-norge","22":"tag-norway","23":"tag-nyheter","24":"tag-overskrifter","25":"tag-senterpartiet","26":"tag-top-stories","27":"tag-topstories","28":"tag-vindkraft","29":"tag-vindmoller"},"share_on_mastodon":{"url":"https:\/\/pubeurope.com\/@no\/115608476981423360","error":""},"_links":{"self":[{"href":"https:\/\/www.europesays.com\/no\/wp-json\/wp\/v2\/posts\/95918","targetHints":{"allow":["GET"]}}],"collection":[{"href":"https:\/\/www.europesays.com\/no\/wp-json\/wp\/v2\/posts"}],"about":[{"href":"https:\/\/www.europesays.com\/no\/wp-json\/wp\/v2\/types\/post"}],"author":[{"embeddable":true,"href":"https:\/\/www.europesays.com\/no\/wp-json\/wp\/v2\/users\/2"}],"replies":[{"embeddable":true,"href":"https:\/\/www.europesays.com\/no\/wp-json\/wp\/v2\/comments?post=95918"}],"version-history":[{"count":0,"href":"https:\/\/www.europesays.com\/no\/wp-json\/wp\/v2\/posts\/95918\/revisions"}],"wp:featuredmedia":[{"embeddable":true,"href":"https:\/\/www.europesays.com\/no\/wp-json\/wp\/v2\/media\/95919"}],"wp:attachment":[{"href":"https:\/\/www.europesays.com\/no\/wp-json\/wp\/v2\/media?parent=95918"}],"wp:term":[{"taxonomy":"category","embeddable":true,"href":"https:\/\/www.europesays.com\/no\/wp-json\/wp\/v2\/categories?post=95918"},{"taxonomy":"post_tag","embeddable":true,"href":"https:\/\/www.europesays.com\/no\/wp-json\/wp\/v2\/tags?post=95918"}],"curies":[{"name":"wp","href":"https:\/\/api.w.org\/{rel}","templated":true}]}}