{"id":95920,"date":"2025-11-25T04:55:10","date_gmt":"2025-11-25T04:55:10","guid":{"rendered":"https:\/\/www.europesays.com\/no\/95920\/"},"modified":"2025-11-25T04:55:10","modified_gmt":"2025-11-25T04:55:10","slug":"redningsaksjon-bjornafjorden-redningsaksjon-i-lysefjorden-avsluttet-uten-funn","status":"publish","type":"post","link":"https:\/\/www.europesays.com\/no\/95920\/","title":{"rendered":"Redningsaksjon, Bj\u00f8rnafjorden | Redningsaksjon i Lysefjorden avsluttet uten funn"},"content":{"rendered":"\n<p>S\u00f8ket foregikk til sj\u00f8s i omr\u00e5det Lysefjorden i Bj\u00f8rnafjorden.<\/p>\n<p>Flere skal ha observert n\u00f8dblusset fra land, if\u00f8lge politiet.<\/p>\n<p>Politiet, kystvakten, luftambulansen og redningssk\u00f8yten rykket ut for \u00e5 delta i s\u00f8ket.<\/p>\n<p>\u2013 Det er ikke mottatt noen n\u00f8dmeldinger fra omr\u00e5det, meldte politiets operasjonsleder Tore-Andre Brakstad.<\/p>\n<p>Stor aksjon<\/p>\n<p>Redningsleder Oddgeir Andersen fra Hovedredningssentralen (HRS) opplyste til BA at de fikk inn f\u00f8rste varsel klokken 2308 mandag kveld.<\/p>\n<p>Det kom s\u00e5 flere varsler fra observante meldere som alle skal ha sett noe som samsvarer med en n\u00f8drakett.<\/p>\n<p>\u2013 Det var s\u00e5pass mange som ringte inn, med observasjoner fra flere vinkler, at vi har klart \u00e5 tenke oss frem til at dette m\u00e5 ha skjedd p\u00e5 innsiden av . Basert p\u00e5 det har vi startet et s\u00f8k i det omr\u00e5det, sa han til BA.<\/p>\n<p>Andersen meldte om store ressurser i sving.<\/p>\n<p>   <img decoding=\"async\" width=\"4032\" height=\"3024\" fetchpriority=\"low\"  loading=\"lazy\"  src=\"https:\/\/www.europesays.com\/no\/wp-content\/uploads\/2025\/11\/IMG_1180.jpg\" alt=\"\" class=\"brick-c-cFOWSL\" style=\"--brick-image-ratio: 4032 \/ 3024;\"\/><\/p>\n<p>      Redningssk\u00f8yten Bjarne Kyrkjeb\u00f8 er en av b\u00e5tene som deltar i aksjonen.<br \/>\n      Foto: SIMON RAVN (arkiv)\n    <\/p>\n<p>\u2013 Enn s\u00e5 lenge er det ingen observasjoner av noen i n\u00f8d.<\/p>\n<p><b>\u2013 Slike type n\u00f8dsignaler tar vi p\u00e5 st\u00f8rste alvor, fortalte Andersen.<\/b><\/p>\n<p>Gode s\u00f8ksforhold<\/p>\n<p>Klokken 0100 natt til tirsdag opplyste politiets operasjonsleder Brakstad til BA at det ikke er gjort noen funn.<\/p>\n<p>\u2013 Det har v\u00e6rt s\u00f8kt i omr\u00e5det med luftambulanse og store ressurser til sj\u00f8s, og det er s\u00e5 langt ingen funn av noe som helst slag. Det har dessuten v\u00e6rt veldig gode s\u00f8ksforhold med god sikt og stille vann. Slik jeg oppfatter det, begynner vi \u00e5 n\u00e6rme oss en avslutning. Men det er opp til HRS \u00e5 avgj\u00f8re, sa Brakstad.<\/p>\n<p>Luftambulansen og flere politiressurser ble etter hvert dimittert.<\/p>\n<p>Redningsleder Oddgeir Andersen bekreftet at s\u00f8ksforholdene ble ansett som gode.<\/p>\n<p>\u2013 Vi fortsetter med et lite s\u00f8k med resterende b\u00e5ter. Gj\u00f8r de ingen funn, s\u00e5 avslutter vi aksjonen, sa Andersen til BA klokken 0106.<\/p>\n<p>Avsluttet<\/p>\n<p><b>Klokken 0121 melder Brakstad at s\u00f8ket er avsluttet.<\/b><\/p>\n<p><b>\u2013 Ikke gjort noe funn eller kommet ytterligere opplysninger som underbygger at noen er i n\u00f8d.<\/b><\/p>\n","protected":false},"excerpt":{"rendered":"S\u00f8ket foregikk til sj\u00f8s i omr\u00e5det Lysefjorden i Bj\u00f8rnafjorden. Flere skal ha observert n\u00f8dblusset fra land, if\u00f8lge politiet.&hellip;\n","protected":false},"author":2,"featured_media":1615,"comment_status":"","ping_status":"","sticky":false,"template":"","format":"standard","meta":{"footnotes":""},"categories":[10],"tags":[36,6769,20,21,24,25,15,168,22,23,13,30,28,29,14,16,111,1510,26,27],"class_list":{"0":"post-95920","1":"post","2":"type-post","3":"status-publish","4":"format-standard","5":"has-post-thumbnail","7":"category-norge","8":"tag-art","9":"tag-bjornafjorden","10":"tag-breaking-news","11":"tag-breakingnews","12":"tag-featured-news","13":"tag-featurednews","14":"tag-headlines","15":"tag-hendelser","16":"tag-latest-news","17":"tag-latestnews","18":"tag-news","19":"tag-no","20":"tag-norge","21":"tag-norway","22":"tag-nyheter","23":"tag-overskrifter","24":"tag-redningsaksjon","25":"tag-story","26":"tag-top-stories","27":"tag-topstories"},"share_on_mastodon":{"url":"https:\/\/pubeurope.com\/@no\/115608559666731019","error":""},"_links":{"self":[{"href":"https:\/\/www.europesays.com\/no\/wp-json\/wp\/v2\/posts\/95920","targetHints":{"allow":["GET"]}}],"collection":[{"href":"https:\/\/www.europesays.com\/no\/wp-json\/wp\/v2\/posts"}],"about":[{"href":"https:\/\/www.europesays.com\/no\/wp-json\/wp\/v2\/types\/post"}],"author":[{"embeddable":true,"href":"https:\/\/www.europesays.com\/no\/wp-json\/wp\/v2\/users\/2"}],"replies":[{"embeddable":true,"href":"https:\/\/www.europesays.com\/no\/wp-json\/wp\/v2\/comments?post=95920"}],"version-history":[{"count":0,"href":"https:\/\/www.europesays.com\/no\/wp-json\/wp\/v2\/posts\/95920\/revisions"}],"wp:featuredmedia":[{"embeddable":true,"href":"https:\/\/www.europesays.com\/no\/wp-json\/wp\/v2\/media\/1615"}],"wp:attachment":[{"href":"https:\/\/www.europesays.com\/no\/wp-json\/wp\/v2\/media?parent=95920"}],"wp:term":[{"taxonomy":"category","embeddable":true,"href":"https:\/\/www.europesays.com\/no\/wp-json\/wp\/v2\/categories?post=95920"},{"taxonomy":"post_tag","embeddable":true,"href":"https:\/\/www.europesays.com\/no\/wp-json\/wp\/v2\/tags?post=95920"}],"curies":[{"name":"wp","href":"https:\/\/api.w.org\/{rel}","templated":true}]}}