{"id":95923,"date":"2025-11-25T05:23:25","date_gmt":"2025-11-25T05:23:25","guid":{"rendered":"https:\/\/www.europesays.com\/no\/95923\/"},"modified":"2025-11-25T05:23:25","modified_gmt":"2025-11-25T05:23:25","slug":"trondheim-trondelag-sykehuslege-i-trondelag-pagrepet-siktet-for-seksuell-omgang-med-pasienter","status":"publish","type":"post","link":"https:\/\/www.europesays.com\/no\/95923\/","title":{"rendered":"Trondheim, Tr\u00f8ndelag | Sykehuslege i Tr\u00f8ndelag p\u00e5grepet \u2013 siktet for seksuell omgang med pasienter"},"content":{"rendered":"\n<p>En lege er siktet for \u00e5 ha skaffet seg seksuell omgang ved misbruk av sin stilling ved et sykehus i Tr\u00f8ndelag. Det er to forn\u00e6rmede i saken.<\/p>\n<p>Det opplyser politiadvokat Lena Sagnes W\u00e5gan i Tr\u00f8ndelag politidistrikt til <a rel=\"noopener nofollow\" href=\"https:\/\/www.t-a.no\/sykehuslege-pagrepet-siktet-for-seksuell-omgang-med-pasienter\/s\/5-116-2261743\" target=\"_blank\">Tr\u00f8nder-Avisa<\/a> mandag.<\/p>\n<p>\u2013 Vi siktet og p\u00e5grep en mann i forrige uke og har gjennomf\u00f8rt et f\u00f8rste avh\u00f8r av ham. Det var ikke grunnlag for varetektsfengsling.<\/p>\n<p>Legen erkjenner ikke straffskyld, opplyser hans forsvarer Bernt Heiberg i Elden Advokatfirma til NTB. Han avviser derimot at mannen ble p\u00e5grepet.<\/p>\n<p>\u2013 Min klient m\u00f8tte frivillig til avh\u00f8r hos politiet sammen med meg. Han ble ikke p\u00e5grepet og fikk g\u00e5 hjem etter \u00e5 ha gitt en grundig forklaring.<\/p>\n<p>Avh\u00f8r og digitale spor<\/p>\n<p>Mannen sier han kun har utf\u00f8rt helt ordin\u00e6re medisinske unders\u00f8kelser og stiller seg uforst\u00e5ende til siktelsen, if\u00f8lge Heiberg.<\/p>\n<p>Politiet har ogs\u00e5 gjennomf\u00f8rt avh\u00f8r av de forn\u00e6rmede, innhentet opplysninger fra sykehuset og sikret digitale spor. De har ogs\u00e5 beslaglagt legens mobiltelefon.<\/p>\n<p>Legen er siktet etter straffelovens paragraf 295 f\u00f8rste ledd, som kan straffes med fengsel i inntil seks \u00e5r.<\/p>\n<p>If\u00f8lge W\u00e5gan dreier det seg om forhold som skal ha skjedd i forbindelse med unders\u00f8kelser p\u00e5 et sykehus i Tr\u00f8ndelag i h\u00f8st. Det er to forn\u00e6rmede i saken.<\/p>\n<p>\u2013 S\u00e5 vil etterforskningen s\u00f8ke \u00e5 avdekke om det kan v\u00e6re flere, opplyser W\u00e5gen.<\/p>\n<p>Mulig suspensjon<\/p>\n<p>TA skriver at legen tidligere har jobbet ved Sykehuset Levanger.<\/p>\n<p>Saken ble anmeldt av Statsforvalteren i Tr\u00f8ndelag i slutten av oktober.<\/p>\n<p>Helsetilsynet opplyser til avisa at de har sendt ut varsel om mulig suspensjon av legens autorisasjon.<\/p>\n","protected":false},"excerpt":{"rendered":"En lege er siktet for \u00e5 ha skaffet seg seksuell omgang ved misbruk av sin stilling ved et&hellip;\n","protected":false},"author":2,"featured_media":3844,"comment_status":"","ping_status":"","sticky":false,"template":"","format":"standard","meta":{"footnotes":""},"categories":[10],"tags":[20,21,24,25,15,22,23,13,30,28,29,14,16,26,27],"class_list":{"0":"post-95923","1":"post","2":"type-post","3":"status-publish","4":"format-standard","5":"has-post-thumbnail","7":"category-norge","8":"tag-breaking-news","9":"tag-breakingnews","10":"tag-featured-news","11":"tag-featurednews","12":"tag-headlines","13":"tag-latest-news","14":"tag-latestnews","15":"tag-news","16":"tag-no","17":"tag-norge","18":"tag-norway","19":"tag-nyheter","20":"tag-overskrifter","21":"tag-top-stories","22":"tag-topstories"},"share_on_mastodon":{"url":"https:\/\/pubeurope.com\/@no\/115608669640976990","error":""},"_links":{"self":[{"href":"https:\/\/www.europesays.com\/no\/wp-json\/wp\/v2\/posts\/95923","targetHints":{"allow":["GET"]}}],"collection":[{"href":"https:\/\/www.europesays.com\/no\/wp-json\/wp\/v2\/posts"}],"about":[{"href":"https:\/\/www.europesays.com\/no\/wp-json\/wp\/v2\/types\/post"}],"author":[{"embeddable":true,"href":"https:\/\/www.europesays.com\/no\/wp-json\/wp\/v2\/users\/2"}],"replies":[{"embeddable":true,"href":"https:\/\/www.europesays.com\/no\/wp-json\/wp\/v2\/comments?post=95923"}],"version-history":[{"count":0,"href":"https:\/\/www.europesays.com\/no\/wp-json\/wp\/v2\/posts\/95923\/revisions"}],"wp:featuredmedia":[{"embeddable":true,"href":"https:\/\/www.europesays.com\/no\/wp-json\/wp\/v2\/media\/3844"}],"wp:attachment":[{"href":"https:\/\/www.europesays.com\/no\/wp-json\/wp\/v2\/media?parent=95923"}],"wp:term":[{"taxonomy":"category","embeddable":true,"href":"https:\/\/www.europesays.com\/no\/wp-json\/wp\/v2\/categories?post=95923"},{"taxonomy":"post_tag","embeddable":true,"href":"https:\/\/www.europesays.com\/no\/wp-json\/wp\/v2\/tags?post=95923"}],"curies":[{"name":"wp","href":"https:\/\/api.w.org\/{rel}","templated":true}]}}