{"id":95924,"date":"2025-11-25T05:29:10","date_gmt":"2025-11-25T05:29:10","guid":{"rendered":"https:\/\/www.europesays.com\/no\/95924\/"},"modified":"2025-11-25T05:29:10","modified_gmt":"2025-11-25T05:29:10","slug":"aftonbladet-med-nye-funn-i-knutby-saken","status":"publish","type":"post","link":"https:\/\/www.europesays.com\/no\/95924\/","title":{"rendered":"Aftonbladet med nye funn i Knutby-saken"},"content":{"rendered":"\n<p class=\"_lead_o9xde_2 _lead_xtcu6_50 layout-component text-serif-m layout-normal text-serif-l layout-component layout-wide layout-padded _wide_17hqh_1 layout-padded\">If\u00f8lge svenske Aftonbladet \u00e5pner nye funn for at drapsdommen mot  barnepiken i Knutby-saken kan v\u00e6re feil.<\/p>\n<p><img alt=\" Foto: J\u00f8rgen Braastad \/ VG\" class=\"_image_qp4xg_65 layout-component layout-wide\" data-fullscreen- data-track-element-type=\"Article image fullscreen\" data-track-name=\"ImageFullscreen\" fetchpriority=\"high\" decoding=\"sync\" loading=\"eager\" height=\"3840\" itemprop=\"image\"  src=\"https:\/\/www.europesays.com\/no\/wp-content\/uploads\/2025\/11\/a7ba5418-1cca-4175-9dae-bebf9cc7816d\"  style=\"object-position:0% 0%\" width=\"5760\"\/> Foto: J\u00f8rgen Braastad \/ VG<\/p>\n<ul aria-hidden=\"true\" class=\"_images_18f0k_111\">\n<li><a class=\"_link_18f0k_116\" href=\"https:\/\/www.vg.no\/forfatter\/stella-bugge\" style=\"z-index:1\" title=\"Stella Bugge\" rel=\"nofollow noopener\" target=\"_blank\"><img alt=\"Bilde av Stella Bugge\" class=\"_image_18f0k_93\" fetchpriority=\"low\" loading=\"lazy\" decoding=\"async\" itemprop=\"image\"  src=\"https:\/\/www.europesays.com\/no\/wp-content\/uploads\/2025\/11\/1764048549_962_c673ac82-f3e7-47d3-aa1d-79bb6eca457a\"  width=\"480\"\/><\/a><\/li>\n<\/ul>\n<p> Oppdatert tirsdag 25. november kl. 06:02    <\/p>\n<ul class=\"_list_o9xde_3 _list_64s2r_85 _unordered_o9xde_106 text-sans-m\">\n<li class=\"_item_o9xde_30\">Nye funn \u00e5pner for at drapsdommen mot barnepiken i Knutby-saken kan v\u00e6re feil, if\u00f8lge Aftonbladet.<\/li>\n<li class=\"_item_o9xde_30\">Flere eksperter har funnet det de mener er feil i politiets etterforskning og tekniske bevis.<\/li>\n<li class=\"_item_o9xde_30\">Seks punkter pekes ut, som if\u00f8lge Aftonbladet kan tyde p\u00e5 at en annen kan ha skutt pastor Fossmos kone f\u00f8r barnepiken ankom.<\/li>\n<li class=\"_item_o9xde_30\">Politiets ansvarlige kommenterer ikke de nye opplysningene.<\/li>\n<\/ul>\n<p>Vis mer <\/p>\n<p class=\"_paragraph_o9xde_4 _paragraph_xtcu6_10 layout-component text-serif-m layout-normal text-serif-m layout-padded\">Hun skj\u00f8t pastorens kone, men kan hun ha v\u00e6rt d\u00f8d allerede p\u00e5 dette tidspunktet? Det er essensens i <a href=\"https:\/\/www.aftonbladet.se\/nyheter\/a\/wr63P4\/knutby-mordet-barnflickan-kan-vara-oskyldigt-domd\" class=\"_link_o9xde_39\" rel=\"nofollow noopener\" target=\"_blank\">Aftonbladets program 200 sekunder<\/a>, med blant annet den anerkjente journalisten Robert Aschberg.<\/p>\n<p class=\"_paragraph_o9xde_4 _paragraph_xtcu6_10 layout-component text-serif-m layout-normal text-serif-m layout-padded\">Det var i Filadelfiamenigheten i Knutby i <a href=\"https:\/\/www.vg.no\/tag\/sverige?utm_source=vg-article&amp;utm_medium=auto-tagger&amp;utm_campaign=Ex4Bwo\" class=\"_link_o9xde_39\" rel=\"nofollow noopener\" target=\"_blank\">Sverige<\/a> at norske Helge Fossmo var pastor da hans kone, 23 \u00e5r gamle Alexandra Fossmo, ble drept i 2004. Familiens tidligere barnevakt, Sara Svensson, ble d\u00f8mt til tvungen psykiatrisk behandling for drapet, og senere <a href=\"https:\/\/www.vg.no\/nyheter\/i\/GkAB4\/knutby-barnepiken-settes-fri\" data-track-element-type=\"Link\" data-track-id=\"link:GkAB4\" class=\"_link_o9xde_39\" rel=\"nofollow noopener\" target=\"_blank\">satt fri i 2011.<\/a><\/p>\n<p class=\"_paragraph_o9xde_4 _paragraph_xtcu6_10 layout-component text-serif-m layout-normal text-serif-m layout-padded\">Svensson ble ogs\u00e5 d\u00f8mt for drapsfors\u00f8k p\u00e5 et annet medlem av menigheten. Hun tilsto b\u00e5de drapet og drapsfors\u00f8ket. <\/p>\n<p class=\"_paragraph_o9xde_4 _paragraph_xtcu6_10 layout-component text-serif-m layout-normal text-serif-m layout-padded\">\u2013 Jeg ville virkelig ikke. Men Helge styrte meg s\u00e5 i detalj, s\u00e5 jeg hadde ikke noe valg. Jeg gjorde det Helge \u00f8nsket, sier Sara Svensson i programmet. <\/p>\n<p><img alt=\"Sara Svensson ble sluppet fri i 2011  Foto: Foto: Kai Rehn\" class=\"_image_qp4xg_65 layout-component layout-normal\" data-fullscreen- data-track-element-type=\"Article image fullscreen\" data-track-name=\"ImageFullscreen\" decoding=\"async\" loading=\"lazy\" height=\"1088\" itemprop=\"image\"  src=\"https:\/\/www.europesays.com\/no\/wp-content\/uploads\/2025\/11\/66a2e65c-4bbf-40ea-af3e-3549788303c3\"  style=\"object-position:0% 0%\" width=\"1844\"\/>Sara Svensson ble sluppet fri i 2011  Foto: Foto: Kai Rehn<\/p>\n<p class=\"_paragraph_o9xde_4 _paragraph_xtcu6_10 layout-component text-serif-m layout-normal text-serif-m layout-padded\">\u2013 Om noen annen har skutt de skuddene som er d\u00f8delige mot Alexandra og jeg ikke har gjort det, da vil ikke jeg b\u00e6re den skylden om ikke den er min.<\/p>\n<p>Fakta Knutby-saken<\/p>\n<p class=\"_paragraph_o9xde_4 _paragraph_xtcu6_10 _paragraph_16v91_10 layout-component text-serif-m layout-normal text-sans-m layout-padded\">I Knutby utenfor Uppsala fikk en pastor i\u00a0pinsemenigheten, norske Helge Fossmo, livsvarig fengsel for medvirkning til drap p\u00e5 sin andre kone Alexandra og drapsfors\u00f8k p\u00e5 ektemannen til Fossmos elskerinne. Dommen ble senere endret til 26 \u00e5r. Familiens barnepike tilsto, men ble ansett \u00e5 ha v\u00e6rt under massivt psykisk press og id\u00f8mt psykiatrisk behandling. Sara Svensson og Helge Fossmo innledet et forhold da hun jobbet som barnepike for familien. <\/p>\n<p>Vis mer<\/p>\n<p class=\"_paragraph_o9xde_4 _paragraph_xtcu6_10 layout-component text-serif-m layout-normal text-serif-m layout-padded\">I Aftonbladets program har flere eksperter g\u00e5tt gjennom politiets etterforskning og tekniske bevis p\u00e5 nytt, og de har funnet det Aftonbladet beskriver som grove feil. Avisen peker p\u00e5 seks punkter som taler for at Svensson ikke burde ha blitt d\u00f8mt.<\/p>\n<p class=\"_paragraph_o9xde_4 _paragraph_xtcu6_10 layout-component text-serif-m layout-normal text-serif-m layout-padded\"><strong class=\"_strong_o9xde_25\">1. Kulehullene<\/strong><\/p>\n<p class=\"_paragraph_o9xde_4 _paragraph_xtcu6_10 layout-component text-serif-m layout-normal text-serif-m layout-padded\">Sara Svensson sier hun skj\u00f8t tre skudd mot Alexandra Fossmo. Tre kuler ble funnet og det finnes tre skuddhull p\u00e5 bildene fra etterforskningen. Men p\u00e5 ett bilde som ikke ble vist i retten, finnes det et bilde med to hull til, skriver Aftonbladet. If\u00f8lge kriminaltekniker og v\u00e5penekspert Sonny Bj\u00f6rk er den eneste rimelige forklaringen at det ble avfyrt fem skudd i soverommet.<\/p>\n<p><img alt=\"Flere kulehull?   Foto: Aftonbladet\" class=\"_image_qp4xg_65 layout-component layout-normal\" data-fullscreen- data-track-element-type=\"Article image fullscreen\" data-track-name=\"ImageFullscreen\" decoding=\"async\" loading=\"lazy\" height=\"1064\" itemprop=\"image\"  src=\"https:\/\/www.europesays.com\/no\/wp-content\/uploads\/2025\/11\/37c7de7b-76cc-4bb2-bb31-64f453283c47\"  style=\"object-position:0% 0%\" width=\"1895\"\/>Flere kulehull?   Foto: Aftonbladet<\/p>\n<p class=\"_paragraph_o9xde_4 _paragraph_xtcu6_10 layout-component text-serif-m layout-normal text-serif-m layout-padded\">\u2013 Det kan finnes en alternativ gjerningsmann, noen som har skutt Alexandra i hodet f\u00f8r Sara kommer dit. I og med at man ikke har unders\u00f8kt sengen, puten, sengekl\u00e6r eller noe annet som jeg kan se s\u00e5 kan man ikke si at det ikke finnes flere kuler i sengen, i veggen eller nede i gulvet, sier han.<\/p>\n<p class=\"_paragraph_o9xde_4 _paragraph_xtcu6_10 layout-component text-serif-m layout-normal text-serif-m layout-padded\"><strong class=\"_strong_o9xde_25\">2. V\u00e5penet<\/strong><\/p>\n<p class=\"_paragraph_o9xde_4 _paragraph_xtcu6_10 layout-component text-serif-m layout-normal text-serif-m layout-padded\">Aftonbladet skriver at det ikke g\u00e5r an \u00e5 sl\u00e5 fast at alle skuddene kommer fra samme v\u00e5pen, en Smith &amp; Wesson-revolver i kaliber 38 spesial som er en vanlig type.<\/p>\n<p class=\"_paragraph_o9xde_4 _paragraph_xtcu6_10 layout-component text-serif-m layout-normal text-serif-m layout-padded\"><strong class=\"_strong_o9xde_25\">3. Skuddvinklene<\/strong><\/p>\n<p class=\"_paragraph_o9xde_4 _paragraph_xtcu6_10 layout-component text-serif-m layout-normal text-serif-m layout-padded\">De ulike opplysningene om skuddvinklene stemmer ikke, if\u00f8lge Aftonbladet.<\/p>\n<p class=\"_paragraph_o9xde_4 _paragraph_xtcu6_10 layout-component text-serif-m layout-normal text-serif-m layout-padded\"><strong class=\"_strong_o9xde_25\">4. Blodp\u00f8len<\/strong><\/p>\n<p class=\"_paragraph_o9xde_4 _paragraph_xtcu6_10 layout-component text-serif-m layout-normal text-serif-m layout-padded\">Blodp\u00f8len under sengen tyder p\u00e5 at pastorens kone kan ha blitt drept tidligere, skriver Aftonbladet. Sara Svensson forteller at hun s\u00e5 en stor blodp\u00f8l under sengen bare minutter etter at hun hadde skutt. Men i 200 sekunders rekonstruksjon med blod fra en nyslaktet gris, renner ikke noe blod gjennom sengen i l\u00f8pet av en time.<\/p>\n<p class=\"_paragraph_o9xde_4 _paragraph_xtcu6_10 layout-component text-serif-m layout-normal text-serif-m layout-padded\">\u2013 At s\u00e5 mye blod havner p\u00e5 gulvet peker p\u00e5 at det har g\u00e5tt mye lengre tid, sier kriminaltekniker Jan Olsson til Aftonbladet.<\/p>\n<p class=\"_paragraph_o9xde_4 _paragraph_xtcu6_10 layout-component text-serif-m layout-normal text-serif-m layout-padded\"><strong class=\"_strong_o9xde_25\">5. Rekonstruksjonen<\/strong><\/p>\n<p class=\"_paragraph_o9xde_4 _paragraph_xtcu6_10 layout-component text-serif-m layout-normal text-serif-m layout-padded\">Politiet fors\u00f8ker if\u00f8lge Aftonbladet \u00e5 styre Sara Svenssons fremstilling av hva som skjedde og retten fikk if\u00f8lge avisen bare se en redigert og nedklippet rekonstruksjonsfilm. <\/p>\n<p class=\"_paragraph_o9xde_4 _paragraph_xtcu6_10 layout-component text-serif-m layout-normal text-serif-m layout-padded\">Avh\u00f8rslederen skal, if\u00f8lge Aftonbladet, ved flere tilfeller ha fors\u00f8kt \u00e5 f\u00e5 Svensson til \u00e5 g\u00e5 n\u00e6rmere sengen hvor Alexandra Fossmo l\u00e5. Skuddene i hodet var avfyrt p\u00e5 kloss hold.<\/p>\n<p class=\"_paragraph_o9xde_4 _paragraph_xtcu6_10 layout-component text-serif-m layout-normal text-serif-m layout-padded\"><strong class=\"_strong_o9xde_25\">6. Allerede d\u00f8d?<\/strong><\/p>\n<p class=\"_paragraph_o9xde_4 _paragraph_xtcu6_10 layout-component text-serif-m layout-normal text-serif-m layout-padded\">Sara Svensson sier at Alexandra Fossmo l\u00e5 helt stille etter at hun skj\u00f8t det f\u00f8rste skuddet i Fossmos hofte, deretter to mot hodet. <\/p>\n<p class=\"_paragraph_o9xde_4 _paragraph_xtcu6_10 layout-component text-serif-m layout-normal text-serif-m layout-padded\">\u2013 Skuddkanalen i den h\u00f8yre hoften passerer jo gjennom hoftebenet og det gir jo en veldig smerte. S\u00e5 at skulle hun ha levd, s\u00e5 hadde hun jo reagert med en kraftig kroppsbevegelse, sier Anders Eriksson, professor i rettsmedisin, i programmet.<\/p>\n<p class=\"_paragraph_o9xde_4 _paragraph_xtcu6_10 layout-component text-serif-m layout-normal text-serif-m layout-padded\">If\u00f8lge programmet fant rettsmedisinerne ikke bl\u00f8dninger ved inngangs\u00e5pningen til hofteskuddet noe som if\u00f8lge Eriksson betyr at det ikke var blodsirkulasjon.<\/p>\n<p class=\"_paragraph_o9xde_4 _paragraph_xtcu6_10 layout-component text-serif-m layout-normal text-serif-m layout-padded\">\u2013 Konklusjonen, med disse opplysningene, m\u00e5 v\u00e6re at Alexandra Fossmo var d\u00f8d n\u00e5r hun ble truffet i hoften av Saras, av barnepikens skudd, sier  Eriksson.<\/p>\n<p class=\"_paragraph_o9xde_4 _paragraph_xtcu6_10 layout-component text-serif-m layout-normal text-serif-m layout-padded\">De ansvarlige for Knutbyutredningen, aktorene Elin Blank og Anne Sj\u00f6blom samt politiets ansvarlige etterforsker Kenneth \u00c5gren, vil if\u00f8lge Aftonbladet ikke kommentere de nye opplysningene.<\/p>\n<p class=\"_paragraph_o9xde_4 _paragraph_xtcu6_10 layout-component text-serif-m layout-normal text-serif-m layout-padded\">Aftonbladets 200 sekunder kommer med flere program om saken.<\/p>\n","protected":false},"excerpt":{"rendered":"If\u00f8lge svenske Aftonbladet \u00e5pner nye funn for at drapsdommen mot barnepiken i Knutby-saken kan v\u00e6re feil. Foto: J\u00f8rgen&hellip;\n","protected":false},"author":2,"featured_media":95925,"comment_status":"","ping_status":"","sticky":false,"template":"","format":"standard","meta":{"footnotes":""},"categories":[12],"tags":[4035,20,21,24,25,15,22,23,13,30,28,29,14,16,1359,26,27,42,43,44,45],"class_list":{"0":"post-95924","1":"post","2":"type-post","3":"status-publish","4":"format-standard","5":"has-post-thumbnail","7":"category-verden","8":"tag-aftonbladet","9":"tag-breaking-news","10":"tag-breakingnews","11":"tag-featured-news","12":"tag-featurednews","13":"tag-headlines","14":"tag-latest-news","15":"tag-latestnews","16":"tag-news","17":"tag-no","18":"tag-norge","19":"tag-norway","20":"tag-nyheter","21":"tag-overskrifter","22":"tag-sverige","23":"tag-top-stories","24":"tag-topstories","25":"tag-verden","26":"tag-world","27":"tag-world-news","28":"tag-worldnews"},"share_on_mastodon":{"url":"https:\/\/pubeurope.com\/@no\/115608693850857363","error":""},"_links":{"self":[{"href":"https:\/\/www.europesays.com\/no\/wp-json\/wp\/v2\/posts\/95924","targetHints":{"allow":["GET"]}}],"collection":[{"href":"https:\/\/www.europesays.com\/no\/wp-json\/wp\/v2\/posts"}],"about":[{"href":"https:\/\/www.europesays.com\/no\/wp-json\/wp\/v2\/types\/post"}],"author":[{"embeddable":true,"href":"https:\/\/www.europesays.com\/no\/wp-json\/wp\/v2\/users\/2"}],"replies":[{"embeddable":true,"href":"https:\/\/www.europesays.com\/no\/wp-json\/wp\/v2\/comments?post=95924"}],"version-history":[{"count":0,"href":"https:\/\/www.europesays.com\/no\/wp-json\/wp\/v2\/posts\/95924\/revisions"}],"wp:featuredmedia":[{"embeddable":true,"href":"https:\/\/www.europesays.com\/no\/wp-json\/wp\/v2\/media\/95925"}],"wp:attachment":[{"href":"https:\/\/www.europesays.com\/no\/wp-json\/wp\/v2\/media?parent=95924"}],"wp:term":[{"taxonomy":"category","embeddable":true,"href":"https:\/\/www.europesays.com\/no\/wp-json\/wp\/v2\/categories?post=95924"},{"taxonomy":"post_tag","embeddable":true,"href":"https:\/\/www.europesays.com\/no\/wp-json\/wp\/v2\/tags?post=95924"}],"curies":[{"name":"wp","href":"https:\/\/api.w.org\/{rel}","templated":true}]}}