{"id":95926,"date":"2025-11-25T05:31:11","date_gmt":"2025-11-25T05:31:11","guid":{"rendered":"https:\/\/www.europesays.com\/no\/95926\/"},"modified":"2025-11-25T05:31:11","modified_gmt":"2025-11-25T05:31:11","slug":"ni-barn-drept-i-pakistansk-bombeangrep-i-afghanistan","status":"publish","type":"post","link":"https:\/\/www.europesays.com\/no\/95926\/","title":{"rendered":"Ni barn drept i pakistansk bombeangrep i Afghanistan"},"content":{"rendered":"\n<p class=\"_lead_o9xde_2 _lead_xtcu6_50 layout-component text-serif-m layout-normal text-serif-l layout-component layout-wide layout-padded _wide_17hqh_1 layout-padded\">Taliban-talsmann anklager Pakistan for \u00e5 ha bombet sivile.<\/p>\n<ul aria-hidden=\"true\" class=\"_images_18f0k_111\">\n<li><a class=\"_link_18f0k_116\" href=\"https:\/\/www.vg.no\/forfatter\/kari-aarstad-aase\" style=\"z-index:1\" title=\"Kari Aarstad Aase\" rel=\"nofollow noopener\" target=\"_blank\"><img alt=\"Bilde av Kari Aarstad Aase\" class=\"_image_18f0k_93\" fetchpriority=\"low\" loading=\"lazy\" decoding=\"async\" itemprop=\"image\"  src=\"https:\/\/www.europesays.com\/no\/wp-content\/uploads\/2025\/11\/1764048671_764_0dbde33e-6d8e-4680-8e4f-e2a64281e2b8\"  width=\"480\"\/><\/a><\/li>\n<\/ul>\n<p> Oppdatert tirsdag 25. november kl. 04:54     <\/p>\n<p class=\"_paragraph_o9xde_4 _paragraph_xtcu6_10 layout-component text-serif-m layout-normal text-serif-m layout-padded\">Minst ni barn og en kvinne ble drept da pakistanske styrker bombet hjemmet til en lokal innbygger i Khost-provinsen i <a href=\"https:\/\/www.vg.no\/tag\/afghanistan?utm_source=vg-article&amp;utm_medium=auto-tagger&amp;utm_campaign=xrAVGG\" class=\"_link_o9xde_39\" rel=\"nofollow noopener\" target=\"_blank\">Afghanistan<\/a>, if\u00f8lge Taliban-talsmann Zabihullah Mujahid.<\/p>\n<p class=\"_paragraph_o9xde_4 _paragraph_xtcu6_10 layout-component text-serif-m layout-normal text-serif-m layout-padded\">Mujahid sa tirsdag at Pakistan ogs\u00e5 gjennomf\u00f8rte angrep i provinsene Kunar og Paktika, hvor fire sivile ble skadet, melder Reuters.<\/p>\n<p class=\"_paragraph_o9xde_4 _paragraph_xtcu6_10 layout-component text-serif-m layout-normal text-serif-m layout-padded\">Angrepene skjer etter selvmordsangrep mot pakistanske sikkerhetsstyrker i Peshawar-provinsen n\u00e6r grensen til Afghanistan mandag, som ingen har p\u00e5tatt seg skylden for forel\u00f8pig. Tre personer ble drept.<\/p>\n<p class=\"_paragraph_o9xde_4 _paragraph_xtcu6_10 layout-component text-serif-m layout-normal text-serif-m layout-padded\">Konflikten mellom landene eskalerte med en rekke angrep langs grensen i oktober, men endte  i en skj\u00f8r v\u00e5penhvile. Forhandlinger har ikke f\u00f8rt til en varig fred.<\/p>\n","protected":false},"excerpt":{"rendered":"Taliban-talsmann anklager Pakistan for \u00e5 ha bombet sivile. Oppdatert tirsdag 25. november kl. 04:54 Minst ni barn og&hellip;\n","protected":false},"author":2,"featured_media":95927,"comment_status":"","ping_status":"","sticky":false,"template":"","format":"standard","meta":{"footnotes":""},"categories":[5],"tags":[3818,20,21,24,25,15,19,22,23,17,18,13,30,28,29,14,16,4359,26,27,46],"class_list":{"0":"post-95926","1":"post","2":"type-post","3":"status-publish","4":"format-standard","5":"has-post-thumbnail","7":"category-overskrifter","8":"tag-afghanistan","9":"tag-breaking-news","10":"tag-breakingnews","11":"tag-featured-news","12":"tag-featurednews","13":"tag-headlines","14":"tag-hovedoppslag","15":"tag-latest-news","16":"tag-latestnews","17":"tag-main-news","18":"tag-mainnews","19":"tag-news","20":"tag-no","21":"tag-norge","22":"tag-norway","23":"tag-nyheter","24":"tag-overskrifter","25":"tag-taliban","26":"tag-top-stories","27":"tag-topstories","28":"tag-vgai"},"share_on_mastodon":{"url":"https:\/\/pubeurope.com\/@no\/115608701188550100","error":""},"_links":{"self":[{"href":"https:\/\/www.europesays.com\/no\/wp-json\/wp\/v2\/posts\/95926","targetHints":{"allow":["GET"]}}],"collection":[{"href":"https:\/\/www.europesays.com\/no\/wp-json\/wp\/v2\/posts"}],"about":[{"href":"https:\/\/www.europesays.com\/no\/wp-json\/wp\/v2\/types\/post"}],"author":[{"embeddable":true,"href":"https:\/\/www.europesays.com\/no\/wp-json\/wp\/v2\/users\/2"}],"replies":[{"embeddable":true,"href":"https:\/\/www.europesays.com\/no\/wp-json\/wp\/v2\/comments?post=95926"}],"version-history":[{"count":0,"href":"https:\/\/www.europesays.com\/no\/wp-json\/wp\/v2\/posts\/95926\/revisions"}],"wp:featuredmedia":[{"embeddable":true,"href":"https:\/\/www.europesays.com\/no\/wp-json\/wp\/v2\/media\/95927"}],"wp:attachment":[{"href":"https:\/\/www.europesays.com\/no\/wp-json\/wp\/v2\/media?parent=95926"}],"wp:term":[{"taxonomy":"category","embeddable":true,"href":"https:\/\/www.europesays.com\/no\/wp-json\/wp\/v2\/categories?post=95926"},{"taxonomy":"post_tag","embeddable":true,"href":"https:\/\/www.europesays.com\/no\/wp-json\/wp\/v2\/tags?post=95926"}],"curies":[{"name":"wp","href":"https:\/\/api.w.org\/{rel}","templated":true}]}}