{"id":95942,"date":"2025-11-25T06:14:07","date_gmt":"2025-11-25T06:14:07","guid":{"rendered":"https:\/\/www.europesays.com\/no\/95942\/"},"modified":"2025-11-25T06:14:07","modified_gmt":"2025-11-25T06:14:07","slug":"norsk-politikk-avisrunden-politikk-de-viktigste-sakene-om-politikk-i-norske-aviser-tirsdag-25-november-2025","status":"publish","type":"post","link":"https:\/\/www.europesays.com\/no\/95942\/","title":{"rendered":"Norsk politikk, Avisrunden politikk | De viktigste sakene om politikk i norske aviser tirsdag 25. november 2025"},"content":{"rendered":"\n<p><b>DN: Forbudt \u00e5 bygge i strandsonen &#8211; kunnskapsministeren fikk unntak<\/b><br \/>Dagens N\u00e6ringsliv (DN) ruller opp en mulig skandale tirsdag der en av Aps statsr\u00e5der er innblandet.<\/p>\n<p>If\u00f8lge n\u00e6ringslivsavisen skal kunnskapsminister Kari Nessa Nordtun (Ap) og ektemannen ha f\u00e5tt gr\u00f8nt lys for oppf\u00f8ring av en arkitekttegnet hytte og ny brygge i vannkanten til tross for at ingen av vilk\u00e5rene for \u00e5 bygge i strandsonen var oppfylt, if\u00f8lge saksbehandlerne.<\/p>\n<p>Kari Nessa Nordtun sier hun ikke har trukket i noen tr\u00e5der i forbindelse med s\u00f8knadsbehandlingen, skriver DN.<\/p>\n<p>\u2013 Jeg har ikke hatt kontakt med hverken administrasjon eller politikere om denne s\u00f8knaden, skriver hun til DN, og understreker at s\u00f8keren er hennes svigerfar. <b><a href=\"https:\/\/www.dn.no\/eiendom\/forbudt-a-bygge-i-strandsonen-ga-unntak-for-hytta-til-kunnskapsministeren\/2-1-1903977\" rel=\"Follow nofollow noopener\" target=\"_blank\">Les mer<\/a><\/b><\/p>\n<p><b>Sp misforn\u00f8yd med regjeringens svar om gjeldssletting: \u2013 Pr\u00f8ver \u00e5 sno seg unna<\/b> (NTB)<br \/>Senterpartiet vil stille nye sp\u00f8rsm\u00e5l til regjeringen om budsjettfadesen der ordningen med sletting av studiel\u00e5n i distriktene ble kuttet.<\/p>\n<p>\u2013 Vi m\u00e5 stille nye sp\u00f8rsm\u00e5l fordi det virker som om statsr\u00e5den pr\u00f8ver \u00e5 sno seg unna \u00e5 gi en \u00e6rlig forklaring p\u00e5 hva som for\u00e5rsaket innskrenkingen av ordningen, sier stortingsrepresentant Geir Pollestad (Sp) til NTB.<\/p>\n<p>Tidligere i m\u00e5neden sendte kontrollkomiteen p\u00e5 Stortinget flere <a rel=\"noopener nofollow\" href=\"https:\/\/stortinget.no\/globalassets\/pdf\/initiativsaker\/gjeldssletteordningen\/brev_11november_gjeldssletteordningen.pdf\" target=\"_blank\">sp\u00f8rsm\u00e5l <\/a>til forsknings- og h\u00f8yere utdanningsminister Sigrun Aasland (Ap) om hva som skjedde da regjeringen foreslo \u00e5 kutte i ordningen med sletting av studiegjeld i distriktene i sitt budsjettforslag. Etter mye press valgte regjeringen \u00e5 snu og droppet kuttene.<\/p>\n<p>S\u00e6rlig Senterpartiet reagerte sterkt p\u00e5 saken, siden regjeringen tidligere hadde forsikret om at det ville komme penger til ordningen i budsjettet.<\/p>\n<p><b>MDG etter budsjettm\u00f8te: \u2013 Veldig langt igjen til enighet<\/b> (NTB)<br \/>Sentralstyret i Milj\u00f8partiet De Gr\u00f8nne ble ikke beroliget etter krisem\u00f8tet mandag kveld, opplyser de til NTB.<\/p>\n<p>\u2013 Jeg ble dessverre ikke roligere etter redegj\u00f8relsen, tvert imot ble jeg mer stresset. Det virker som at det er veldig langt igjen til enighet, men da m\u00e5 Ap v\u00e6re villig til \u00e5 strekke seg, skriver sentralstyremedlem Eivind Tr\u00e6dal i epost til NTB.<\/p>\n<p>Mandag kveld var sentralstyret samlet til et m\u00f8te om det de mener er manglende framdrift i budsjettforhandlingene. Partiet krever en sluttfaseplan for norsk olje- og gassproduksjon, men skal s\u00e5 langt ha m\u00f8tt stor motstand fra Ap og Sp.<\/p>\n<p>MDGs forhandlingsleder Ingrid Liland sier at hun har orientert sentralstyret om status i forhandlingene.<\/p>\n<p>\u2013 Vi har hele tiden sagt at han m\u00e5 levere store gjennomslag p\u00e5 kollektiv og olje, og at det trengs for at han skal ha flertall for sitt statsbudsjett, sier Liland.<\/p>\n<p><b>H\u00f8yre vil styrke sykehusene med 1,2 milliarder: \u2013 Bl\u00f8r penger<\/b> (NTB)<br \/>H\u00f8yre foresl\u00e5r i sitt alternative budsjett \u00e5 \u00f8ke bevilgningene til sykehusene med 1,2 milliarder kroner.<\/p>\n<p>\u2013 Vi ser at sykehusene bl\u00f8r penger. Flere steder kuttes det i viktige pasienttilbud og helsepersonell opplever \u00f8kt belastning. Det er en situasjon som gj\u00f8r meg dypt bekymret og jeg frykter for tilliten til helsetjenesten om vi ikke evner \u00e5 ta gode nok grep, sier H\u00f8yres helsetopp Erlend Svardal B\u00f8e til NTB.<\/p>\n<p>Tirsdag legger H\u00f8yre fram sitt alternative budsjett. Der foresl\u00e5r de \u00e5 bruke 1,2 milliarder kroner mer enn regjeringen p\u00e5 sykehusene.<\/p>\n<p>B\u00f8e viser til at flere av helseforetakene ligger an til \u00e5 g\u00e5 med underskudd, if\u00f8lge tall regjeringen delte i forbindelse med statsbudsjettet.<\/p>\n<p>\u2013 P\u00e5 Arbeiderpartiets vakt har sykehus\u00f8konomien blitt kraftig forverret, sier han.<\/p>\n<p><b>Zelenskyj om St\u00f8re-samtale: \u2013 Takknemlig for r\u00e5d og st\u00f8tte<\/b> (NTB)<br \/>Ukrainas president Volodymyr Zelenskyj og Norges statsminister Jonas Gahr St\u00f8re (Ap) har snakket p\u00e5 telefon.<\/p>\n<p>\u2013 Vi diskuterte den diplomatiske situasjonen og det bilaterale samarbeidet. Jeg er takknemlig for r\u00e5d og st\u00f8tte. Norge hjelper, som alltid, skriver Zelenskyj p\u00e5 <a rel=\"noopener nofollow\" href=\"https:\/\/x.com\/ZelenskyyUa\/status\/1992940880089551199\">X.<\/a><\/p>\n<p>I helgen m\u00f8ttes representanter fra Ukraina og USA i Gen\u00e8ve for \u00e5 diskutere USAs utkast til en s\u00e5kalt fredsplan for Ukraina.<\/p>\n<p>I telefonsamtalen med Zelenskyj ble St\u00f8re orientert om disse samtalene.<\/p>\n<p>\u2013 V\u00e5r delegasjon er n\u00e5 p\u00e5 vei hjem, og jeg forventer en fullstendig rapport i kveld om fremdriften i forhandlingene i Gen\u00e8ve og hovedpunktene til v\u00e5re partnere. Basert p\u00e5 disse rapportene skal vi beslutte de neste stegene og fremdriften. Vi skal fortsette \u00e5 koordinere med Europa og andre partnere rundt om i verden. Vi regner med \u00e5 oppn\u00e5 de n\u00f8dvendige resultatene, og jeg takker alle som st\u00e5r sammen med Ukraina, skriver Zelenskyj videre.<\/p>\n<p><b>Staten brukte 12,7 milliarder p\u00e5 konsulenter i fjor<\/b> (NTB)<br \/>Offentlige virksomheter har siden 2022 f\u00e5tt instruks om \u00e5 kutte i konsulentbruken. I fjor brukte staten 12,7 milliarder kroner p\u00e5 konsulenter.<\/p>\n<p>Det var Statens vegvesen, Forsvarsdepartementet og Arbeids- og velferdsetaten (Nav) som brukte mest penger p\u00e5 konsulenter i fjor, skriver <a rel=\"noopener nofollow\" href=\"https:\/\/klassekampen.no\/artikkel\/2025-11-25\/staten-punga-ut-127-milliarder-pa-konsulenter\" target=\"_blank\">Klassekampen<\/a>.<\/p>\n<p>Statens vegvesen betalte 2,3 milliarder kroner for konsulenter, mens Forsvarsdepartementet og Nav brukte henholdsvis 1,2 milliarder og 1 milliard. Det kommer fram i et svar fra Digitaliserings- og forvaltningsdepartementet p\u00e5 et sp\u00f8rsm\u00e5l fra R\u00f8dt til statsbudsjettet.<\/p>\n<p>Til tross for at alle offentlige virksomheter siden 2022 har f\u00e5tt instruks om \u00e5 kutte i konsulenter, har utgiftene holdt seg relativt stabilt. Fra 2023 til 2024 var det en reduksjon p\u00e5 500 millioner kroner, if\u00f8lge tall avisen har f\u00e5tt. Men Nav og Forsvaret har \u00f8kt sin konsulentbruk med henholdsvis 13,5 prosent og 16,7 prosent fra 2023.<\/p>\n<p><b>Takk, EU!<\/b> (Professor ved NTNU Jan Emblemsv\u00e5g) (Finansavisen)<br \/>EU har brukt 20 \u00e5r p\u00e5 \u00e5 underminere sitt eget energisystem, og det vil ta minst 20 \u00e5r \u00e5 rette opp i det. I mellomtiden m\u00e5 ikke Norge, som ett av EUs AAA-batterier, bli dratt ned i dragsuget. Det skriver Emblemsv\u00e5g i et innlegg tirsdag i Finansavisen.<\/p>\n<p>Norge m\u00e5 derfor l\u00e6re av EU at ogs\u00e5 v\u00e5re strategiske interesser teller mer enn E\u00d8S-avtalen, fortsetter han.<\/p>\n<p>Det mest effektive vil v\u00e6re \u00e5 strupe alle s\u00f8rg\u00e5ende kabler med 25 prosent av ettersp\u00f8rselen for \u00e5 forbedre situasjonen til industrien og befolkningen, spesielt i prisomr\u00e5dene NO1 og NO2.<\/p>\n<p>Det vil ikke v\u00e6re en straffereaksjon, men en handling basert p\u00e5 EUs nye fortolkning av E\u00d8S-avtalen der eget behov settes f\u00f8rst.<\/p>\n<p>Takk, EU! <b><a href=\"https:\/\/www.finansavisen.no\/energi\/2025\/11\/24\/8309389\/takk-eu\" rel=\"Follow nofollow noopener\" target=\"_blank\">Les mer<\/a><\/b><\/p>\n<p><b>Straffeskatt p\u00e5 aksjesparing: Paradokset politikerne ikke vil snakke om<\/b> (Bernt Bangstad, styreleder i Aksjon\u00e6rforeningen) (Finansavisen)<br \/>Mens politikere sl\u00e5ss om formuesskatten, f\u00e5r en annen og langt mer folkelig skatt g\u00e5 under radaren \u2013 den som rammer over to millioner nordmenn som sparer i aksjer og aksjefond.<\/p>\n<p>Hvorfor tar ingen til orde for \u00e5 fjerne straffeskatten p\u00e5 aksjesparing?<\/p>\n<p>Aksjespareren beskattes ikke bare for faktisk inntekt etter skjerming, men ogs\u00e5 for en imagin\u00e6r inntekt, som med dagens oppjusteringsfaktor tilsvarer inntil 72 prosent av den faktiske. Slik blir reell skattesats nesten 38 prosent.<\/p>\n<p>Vi har gjentatte ganger vist v\u00e5re folkevalgte hvordan inntekter som ikke kan inntektskiftes, enkelt kan skjermes for oppjustering uten \u00e5 undergrave form\u00e5let med ordningen. S\u00e5 langt uten respons.<\/p>\n<p>I et land der stadig flere investerer sparepenger i n\u00e6ringslivet, b\u00f8r det l\u00f8nne seg \u00e5 bidra uten \u00e5 bli straffet for det. <b><a href=\"https:\/\/www.finansavisen.no\/skatt\/2025\/11\/24\/8308258\/straffeskatt-pa-aksjesparing-paradokset-politikerne-ikke-vil-snakke-om\" rel=\"Follow nofollow noopener\" target=\"_blank\">Les mer<\/a><\/b><\/p>\n<p><b>Les ogs\u00e5: <a href=\"https:\/\/www.nettavisen.no\/okonomi\/de-viktigste-sakene-om-norsk-okonomi-mandag-24-november-2025\/s\/5-95-2743468\" rel=\"Follow nofollow noopener\" target=\"_blank\">Dette skriver avisene om norsk \u00f8konomi mandag 24. november<\/a><\/b><\/p>\n","protected":false},"excerpt":{"rendered":"DN: Forbudt \u00e5 bygge i strandsonen &#8211; kunnskapsministeren fikk unntakDagens N\u00e6ringsliv (DN) ruller opp en mulig skandale tirsdag&hellip;\n","protected":false},"author":2,"featured_media":95943,"comment_status":"","ping_status":"","sticky":false,"template":"","format":"standard","meta":{"footnotes":""},"categories":[5],"tags":[20,21,24,25,15,19,22,23,17,18,13,30,28,29,14,16,26,27],"class_list":{"0":"post-95942","1":"post","2":"type-post","3":"status-publish","4":"format-standard","5":"has-post-thumbnail","7":"category-overskrifter","8":"tag-breaking-news","9":"tag-breakingnews","10":"tag-featured-news","11":"tag-featurednews","12":"tag-headlines","13":"tag-hovedoppslag","14":"tag-latest-news","15":"tag-latestnews","16":"tag-main-news","17":"tag-mainnews","18":"tag-news","19":"tag-no","20":"tag-norge","21":"tag-norway","22":"tag-nyheter","23":"tag-overskrifter","24":"tag-top-stories","25":"tag-topstories"},"share_on_mastodon":{"url":"https:\/\/pubeurope.com\/@no\/115608870157839283","error":""},"_links":{"self":[{"href":"https:\/\/www.europesays.com\/no\/wp-json\/wp\/v2\/posts\/95942","targetHints":{"allow":["GET"]}}],"collection":[{"href":"https:\/\/www.europesays.com\/no\/wp-json\/wp\/v2\/posts"}],"about":[{"href":"https:\/\/www.europesays.com\/no\/wp-json\/wp\/v2\/types\/post"}],"author":[{"embeddable":true,"href":"https:\/\/www.europesays.com\/no\/wp-json\/wp\/v2\/users\/2"}],"replies":[{"embeddable":true,"href":"https:\/\/www.europesays.com\/no\/wp-json\/wp\/v2\/comments?post=95942"}],"version-history":[{"count":0,"href":"https:\/\/www.europesays.com\/no\/wp-json\/wp\/v2\/posts\/95942\/revisions"}],"wp:featuredmedia":[{"embeddable":true,"href":"https:\/\/www.europesays.com\/no\/wp-json\/wp\/v2\/media\/95943"}],"wp:attachment":[{"href":"https:\/\/www.europesays.com\/no\/wp-json\/wp\/v2\/media?parent=95942"}],"wp:term":[{"taxonomy":"category","embeddable":true,"href":"https:\/\/www.europesays.com\/no\/wp-json\/wp\/v2\/categories?post=95942"},{"taxonomy":"post_tag","embeddable":true,"href":"https:\/\/www.europesays.com\/no\/wp-json\/wp\/v2\/tags?post=95942"}],"curies":[{"name":"wp","href":"https:\/\/api.w.org\/{rel}","templated":true}]}}