{"id":95954,"date":"2025-11-25T06:27:08","date_gmt":"2025-11-25T06:27:08","guid":{"rendered":"https:\/\/www.europesays.com\/no\/95954\/"},"modified":"2025-11-25T06:27:08","modified_gmt":"2025-11-25T06:27:08","slug":"krigen-i-ukraina-ukraina-fredssamtaler-mellom-russland-og-ukraina-i-abu-dhabi","status":"publish","type":"post","link":"https:\/\/www.europesays.com\/no\/95954\/","title":{"rendered":"Krigen i Ukraina, Ukraina | Fredssamtaler mellom Russland og Ukraina i Abu Dhabi"},"content":{"rendered":"\n<p>USAs viseminister for h\u00e6ren, Daniel Driscoll, m\u00f8ter en ukrainsk etterretningssjef og en delegasjon fra Russland i Abu Dhabi.<\/p>\n<p>Der avholder partene fredssamtaler.<\/p>\n<p> Det skriver avisen <a href=\"https:\/\/www.ft.com\/content\/55a9f8cb-52fd-40f2-97ff-e0a13a17e5eb\" rel=\"nofollow noopener\" target=\"_blank\">Financial Times <\/a> basert p\u00e5 opplysninger fra anonyme kilder.<\/p>\n<p><b>Les ogs\u00e5: <a href=\"https:\/\/www.nettavisen.no\/nyheter\/ukraina-massivt-angrep-mot-energianlegg\/s\/5-95-2745519\" rel=\"Follow nofollow noopener\" target=\"_blank\">Massive angrep mot Ukraina natt til tirsdag<\/a><\/b><\/p>\n<p>M\u00f8tet skjer i kj\u00f8lvannet av at USA, Ukraina og europeiske ledere har m\u00f8ttes i Gen\u00e8ve de siste dagene for \u00e5 jobbe videre med Trump-administrasjonens fredsplan.<\/p>\n<p>En amerikansk tjenesteperson og to andre kilder med kjennskap til saken sier at Driscoll og den russiske delegasjonen innledet samtalene i De forente arabiske emirater mandag, og at de etter planen skal fortsette tirsdag.<\/p>\n<p>Det er uklart om partene m\u00f8tes ansikt til ansikt, eller om samtalene foreg\u00e5r seperat. Dersom de snakker sammen er det f\u00f8rste gang delegasjoner fra Ukraina og Russland m\u00f8tes ansikt til ansikt siden juli 2025. Den gang ble m\u00f8tet holdt i Istanbul, og de to partene ble stort sett bare enige om \u00e5 utveksle krigsfanger. Den russiske delegasjonslederen Vladimir Medinskij medga etter Istanbul-m\u00f8tet at utsiktene til en varig v\u00e5penhvile var sm\u00e5.<\/p>\n<p>\u2013 Standpunktene ligger ganske langt fra hverandre, sa han.<\/p>\n","protected":false},"excerpt":{"rendered":"USAs viseminister for h\u00e6ren, Daniel Driscoll, m\u00f8ter en ukrainsk etterretningssjef og en delegasjon fra Russland i Abu Dhabi.&hellip;\n","protected":false},"author":2,"featured_media":95955,"comment_status":"","ping_status":"","sticky":false,"template":"","format":"standard","meta":{"footnotes":""},"categories":[12],"tags":[20,21,24,25,15,22,23,13,30,28,29,14,16,26,27,42,43,44,45],"class_list":{"0":"post-95954","1":"post","2":"type-post","3":"status-publish","4":"format-standard","5":"has-post-thumbnail","7":"category-verden","8":"tag-breaking-news","9":"tag-breakingnews","10":"tag-featured-news","11":"tag-featurednews","12":"tag-headlines","13":"tag-latest-news","14":"tag-latestnews","15":"tag-news","16":"tag-no","17":"tag-norge","18":"tag-norway","19":"tag-nyheter","20":"tag-overskrifter","21":"tag-top-stories","22":"tag-topstories","23":"tag-verden","24":"tag-world","25":"tag-world-news","26":"tag-worldnews"},"share_on_mastodon":{"url":"https:\/\/pubeurope.com\/@no\/115608921328267184","error":""},"_links":{"self":[{"href":"https:\/\/www.europesays.com\/no\/wp-json\/wp\/v2\/posts\/95954","targetHints":{"allow":["GET"]}}],"collection":[{"href":"https:\/\/www.europesays.com\/no\/wp-json\/wp\/v2\/posts"}],"about":[{"href":"https:\/\/www.europesays.com\/no\/wp-json\/wp\/v2\/types\/post"}],"author":[{"embeddable":true,"href":"https:\/\/www.europesays.com\/no\/wp-json\/wp\/v2\/users\/2"}],"replies":[{"embeddable":true,"href":"https:\/\/www.europesays.com\/no\/wp-json\/wp\/v2\/comments?post=95954"}],"version-history":[{"count":0,"href":"https:\/\/www.europesays.com\/no\/wp-json\/wp\/v2\/posts\/95954\/revisions"}],"wp:featuredmedia":[{"embeddable":true,"href":"https:\/\/www.europesays.com\/no\/wp-json\/wp\/v2\/media\/95955"}],"wp:attachment":[{"href":"https:\/\/www.europesays.com\/no\/wp-json\/wp\/v2\/media?parent=95954"}],"wp:term":[{"taxonomy":"category","embeddable":true,"href":"https:\/\/www.europesays.com\/no\/wp-json\/wp\/v2\/categories?post=95954"},{"taxonomy":"post_tag","embeddable":true,"href":"https:\/\/www.europesays.com\/no\/wp-json\/wp\/v2\/tags?post=95954"}],"curies":[{"name":"wp","href":"https:\/\/api.w.org\/{rel}","templated":true}]}}