{"id":95956,"date":"2025-11-25T06:28:09","date_gmt":"2025-11-25T06:28:09","guid":{"rendered":"https:\/\/www.europesays.com\/no\/95956\/"},"modified":"2025-11-25T06:28:09","modified_gmt":"2025-11-25T06:28:09","slug":"noreg-ma-slanke-byrakratiet-fylkeskommunen-ma-vekk-nrk-vestland","status":"publish","type":"post","link":"https:\/\/www.europesays.com\/no\/95956\/","title":{"rendered":"Noreg m\u00e5 slanke byr\u00e5kratiet \u2013 fylkeskommunen m\u00e5 vekk \u2013 NRK Vestland"},"content":{"rendered":"<p>Saka oppsummert:<\/p>\n<p>\u2022 H\u00f8gre foresl\u00e5r \u00e5 avvikle fylkeskommunen for \u00e5 redusere byr\u00e5kratiet i Noreg.<br \/>\u2022 Arbeidsoppg\u00e5vene til fylkeskommunen skal fordelast mellom staten og kommunane.<br \/>\u2022 Erna Solberg meiner st\u00f8rre og meir robuste kommunar kan overta mange oppg\u00e5ver, men ser utfordringar med sm\u00e5 kommunar.<br \/>\u2022 Frp og Civita st\u00f8ttar forslaget og hevdar at fylkeskommunane manglar makt, innverknad og legitimitet.<br \/>\u2022 Sp \u00e5tvarar mot at avvikling av fylkeskommunane vil f\u00f8re til sentralisering og hardhendt kommunesamansl\u00e5ing.<br \/>\u2022 Solberg understrekar behovet for effektivisering, men rosar arbeidet fr\u00e5 fylkeskommunane med yrkesfagutdanning.<\/p>\n<p>Oppsummeringa er laga av ei KI-teneste fr\u00e5 OpenAI. Innhaldet er kvalitetssikra av NRKs journalistar f\u00f8r publisering.<\/p>\n<p>I eit nytt forslag til Stortinget skriv H\u00f8gre at gjentatte fors\u00f8k p\u00e5 \u00e5 gjere fylkeskommunen til eit \u00abmeir relevant styringsniv\u00e5\u00bb ikkje har f\u00f8rt fram, og at det er p\u00e5 tide \u00e5 gjere kort prosess: <\/p>\n<p>Avvikle fylkeskommunen \u00abraskast mogleg\u00bb eller \u00abinnan f\u00e5 \u00e5r\u00bb.<\/p>\n<p><strong>\u2013 Noreg m\u00e5 bli mindre byr\u00e5kratisk. Vi er tungrodde og overadministrerte og har for mange som berre flyttar papir, seier avtroppande H\u00f8gre-leiar Erna Solberg.<\/strong><\/p>\n<p>NRK m\u00f8ter henne eit par steinkast unna fylkeshuset i Vestland som stod ferdig for to \u00e5r sidan. Prislapp: 950 millionar kroner. <\/p>\n<p>I forslaget ber H\u00f8gre om at regjeringa sorterer arbeidsoppg\u00e5vene til fylkeskommunen i to kategoriar, og fordeler desse der dei best h\u00f8yrer heime \u2013 \u00abopp\u00bb til staten eller \u00abned\u00bb til kommunane.<\/p>\n<p><strong>For \u00e5 framskunde prosessen foresl\u00e5r partiet sju konkrete \u00abflyttelass\u00bb. Sj\u00e5 under. <\/strong><\/p>\n<ul data-scroll-container=\"\" role=\"list\">\n<li><img alt=\"FR\u00c5V\u00c6RSGRENSE F\u00d8RDE VGS\"  width=\"3840\" height=\"2159\" loading=\"lazy\"\/>Vidareg\u00e5ande oppl\u00e6ring\n<p>Overf\u00f8re ansvaret for vidareg\u00e5ande oppl\u00e6ring \u2013 inkludert skoleskyss \u2013 til kommunalt niv\u00e5. (\u00abDette vil skape eit meir heilskapleg oppl\u00e6ringsl\u00f8p og styrke samanhengen mellom grunnskole og vidareg\u00e5ande oppl\u00e6ring.\u00bb)<\/p>\n<\/li>\n<li><img alt=\"Fylkesveg 33 ved Skreifjella i Akershus\"  width=\"3840\" height=\"2160\" loading=\"lazy\"\/>\n<p>\n        Rolf Petter Olaisen\n      <\/p>\n<p>Vegnettet <\/p>\n<p>Dele vegnettet i to, og fjerne prinsippet om \u00abfylkesvegar\u00bb.<\/p>\n<\/li>\n<li><img alt=\"Overf\u00f8re dei fylkeskommunale integreringstenestene til kommunane.\"  width=\"3840\" height=\"2159\" loading=\"lazy\"\/>\n<p>\n        Vestland fylkeskommune\n      <\/p>\n<p>Integreringstenestene <\/p>\n<p>Overf\u00f8re dei fylkeskommunale integreringstenestene til kommunane.<\/p>\n<\/li>\n<li><img alt=\"Innovasjon Noreg\"  width=\"3840\" height=\"2157\" loading=\"lazy\"\/>\n<p>\n        Innovasjon Noreg\n      <\/p>\n<p>Innovasjon Noreg<\/p>\n<p>Overf\u00f8re Innovasjon Noreg til staten. I dag eig fylkeskommunane 49 prosent av selskapet.<\/p>\n<\/li>\n<li><img alt=\"Tunet p\u00e5 Sunnfjord Museum\"  width=\"3840\" height=\"2160\" loading=\"lazy\"\/>\n<p>\n        Jon Bolstad\n      <\/p>\n<p>Kunst og kultur<\/p>\n<p>Overf\u00f8re ansvaret for museum, musikk og visuell kunst\/kultur til kommunane \u2013 \u00abmed nasjonale st\u00f8ttetenester der det er naturleg\u00bb.<\/p>\n<\/li>\n<li><img alt=\"Bilete av buss og passasjerar i bybildet i Bergen sentrum.\"  width=\"3840\" height=\"2160\" loading=\"lazy\"\/>\n<p>\n        Brynjar Myrtveit Osgjerd\n      <\/p>\n<p>Kollektivtrafikken <\/p>\n<p>Overf\u00f8re kollektivtrafikken til byomr\u00e5de eller andre interkommunale samarbeid.<\/p>\n<\/li>\n<li><img alt=\"Bilde av ein tannleges stol med ulike instrument og ein elektronisk kontrollpanel i fokus. Det er fleire metalldeler med slangar plassert p\u00e5 ein kvit eining. Bakgrunnen viser utydelege element som gir inntrykk av et tannlegekontor. Lysforholda er mjuke og gir et profesjonelt inntrykk.\"  width=\"3840\" height=\"2159\" loading=\"lazy\"\/>Andre fordelingssaker\n<p>P\u00e5 toppen av dei \u00abenkle\u00bb fordelingssakene, ber H\u00f8gre om at regjeringa greier ut f\u00f8lgande:<\/p>\n<ul>\n<li>Om tannhelsetenester b\u00f8r ligge hos kommunehelsetenesta eller spesialisthelsetenesta.<\/li>\n<\/ul>\n<\/li>\n<li><img alt=\"ein stor b\u00e5t i vatnet\"  width=\"3840\" height=\"2160\" loading=\"lazy\"\/>\n<p>\n        Eli Bjelland \/ NRK\n      <\/p>\n<p>Ansvaret for ferjesamband<\/p>\n<ul>\n<li>Om staten b\u00f8r overta ansvaret for alle ferjesamband, etter Fot-rutemodellen.<\/li>\n<li>Om Riksantikvaren kan overta ansvaret for kulturminnevern.<\/li>\n<li>Korleis kommunale samarbeid kan handtere regionale planoppg\u00e5ver.<\/li>\n<\/ul>\n<\/li>\n<li><img alt=\"Ved Stavanger offshore tekniske fagskole har Frp gjort et brakvalg i skolevalet. Sindre Undheim er blant dei som stemte p\u00e5 Frp.\"  width=\"3840\" height=\"2160\" loading=\"lazy\"\/>\n<p>\n        Thomas Ystr\u00f8m\n      <\/p>\n<p>Ansvaret for fagskulane<\/p>\n<ul>\n<li>Om fagskulane b\u00f8r ha same eigarstruktur som universitet og h\u00f8gskolar, eller om dei b\u00f8r ha kommunal eigarskap.<\/li>\n<li>Korleis landbrukstiltak kan overf\u00f8rast tilbake til kommunane (ansvaret blei overf\u00f8rt motsett veg under regionreforma).<\/li>\n<\/ul>\n<\/li>\n<\/ul>\n<p>Nekrolog for fylkeskommunen<\/p>\n<p>Solberg seier til NRK at oppg\u00e5vene \u00abi st\u00f8rst mogleg grad\u00bb b\u00f8r flyttast ned p\u00e5 kommuneniv\u00e5, sj\u00f8lv om det er \u00abei utfordring at mange kommunar er sm\u00e5\u00bb. <\/p>\n<p>Resepten er legge til rette for \u00abst\u00f8rre og meir robuste kommunar\u00bb som i sin tur st\u00e5r fritt til \u00e5 finne saman i \u00abform\u00e5lstenlege samarbeidskonstellasjonar\u00bb.<\/p>\n<p>L\u00f8ysinga er i tr\u00e5d med eit nytt notat fr\u00e5 Civita, som hevdar at fylka verken har \u00abreell makt, innverknad eller legitimitet\u00bb:<\/p>\n<p><strong>\u00abDet finst berre \u00e9i verkeleg l\u00f8ysing: Legg ned fylkeskommunen\u00bb, konkluderer den liberal-konservative tankesmia.<\/strong><\/p>\n<p><img decoding=\"async\"   src=\"data:image\/gif;base64,R0lGODlhAQABAIAAAAAAAP\/\/\/yH5BAEAAAAALAAAAAABAAEAAAIBRAA7\" loading=\"eager\" alt=\"Norske fylker 2024\" title=\"\"\/><\/p>\n<p class=\"no-credit\">I fjor viste ei ny meiningsm\u00e5ling at 42 prosent av innbyggarane i Innlandet \u00f8nsker \u00e5 legge ned fylkeskommunen. Unders\u00f8kinga blei gjord i etterkant av dei omstridde skolenedleggingane.<\/p>\n<p>Solberg: \u2013 Vi m\u00e5 faktisk slanke Noreg<\/p>\n<p>\u2013 Litt st\u00f8rre kommunar hadde vore ein god id\u00e9, seier Solberg.<\/p>\n<p><strong>\u2013 Men vi vil ha f\u00f8rst og fremst fjerne eit ekstra ledd, som berre medf\u00f8rer meir byr\u00e5krati.<\/strong><\/p>\n<p>\u2013 Kva for ei av oppg\u00e5vene til fylkeskommunen er det mest vanskeleg \u00e5 avhende?<\/p>\n<p>\u2013 Eg trur det viktigaste blir \u00e5 finne ein god m\u00e5te \u00e5 dimensjonere fagskolane og den vidareg\u00e5ande utdanninga p\u00e5. Der m\u00e5 det gjerast eit grunnlagsarbeid. \u00c5 dele vegnettet i to er enklare. Det har vore greidd ut i 25 \u00e5r.<\/p>\n<p>\u2013 Korleis harmonerer det med H\u00f8gre si konservative \u00e5nd \u00e5 avvikle eit forvaltningsniv\u00e5 som har djupe historiske r\u00f8ter, og som folk er glade i?<\/p>\n<p>\u2013 Det er litt ulikt det der. Eg respekterer at nokon delar av landet har eit sterkare forhold til fylkeskommunen enn andre. Men vi har behov for fleire hender i omsorga og i n\u00e6ringslivet, og fylka vil jo framleis vere der. <\/p>\n<p><img decoding=\"async\"   src=\"data:image\/gif;base64,R0lGODlhAQABAIAAAAAAAP\/\/\/yH5BAEAAAAALAAAAAABAAEAAAIBRAA7\" loading=\"eager\" alt=\"Fylkeshuset i Bergen\" title=\"Foto: Simon Skjelvik Brandseth \/ NRK\"\/><\/p>\n<p class=\"\">Eg sp\u00f8rjeunders\u00f8king viste at berre \u00e9in av fire nordmenn (24 prosent) kjenner att fylkesordf\u00f8raren i sitt eige heimfylke. P\u00e5 fylkeshuset i Vestland (bilete) er det Jon Askeland (Sp) som er ordf\u00f8rar. <\/p>\n<p>Foto: Simon Skjelvik Brandseth \/ NRK<\/p>\n<p>\u2013 Dersom dette er d\u00f8dsleiet til fylkeskommunane, vil du gi dei ei avskilshelsing?<\/p>\n<p>\u2013 Eg er oppteken av utdanningssystemet v\u00e5rt, og vil gjerne gi ros til ein del fylkeskommunar som har vore kreative og gode p\u00e5 det som har med yrkesfagutdanninga \u00e5 gjere. Men vi m\u00e5 faktisk slanke Noreg. <\/p>\n<p>\u2013 Kva skal du no?<\/p>\n<p><strong>\u2013 No skal eg sj\u00e5 om det er nokre fylkespolitikarar som vil drikke kaffi med meg eller ikkje.<\/strong><\/p>\n<p><img decoding=\"async\"   src=\"data:image\/gif;base64,R0lGODlhAQABAIAAAAAAAP\/\/\/yH5BAEAAAAALAAAAAABAAEAAAIBRAA7\" loading=\"eager\" alt=\"En kvinne sitter alene ved et bord med mikrofoner i et TV-studio. Hun har p\u00e5 seg en m\u00f8rk dress og har kort, gr\u00e5tt h\u00e5r. Bakgrunnen er prydet med fargerike geometriske former. Det er flere mikrofoner plassert p\u00e5 bordet, og lys fra studioet skaper en profesjonell atmosf\u00e6re.\" title=\"Foto: Ismail Burak Akkan \/ NRK\"\/><\/p>\n<p class=\"\">Det er totalt 49.474 tilsette i fylkeskommunane (Oslo ikkje inkludert.)<\/p>\n<p>Foto: Ismail Burak Akkan \/ NRK<\/p>\n<p>Sp: \u2013 Vil medf\u00f8ra ei hardhendt kommunesamansl\u00e5ing<\/p>\n<p>I dag er det ni andre europeiske land utan eit ekstra forvaltningsniv\u00e5 mellom stat og kommune, blant anna Latvia og Slovenia. <\/p>\n<p>Resten er i all hovudsak s\u00e5kalla \u00abministatar\u00bb. <\/p>\n<p><strong>\u2013 Ingen andre land i Europa det er naturleg \u00e5 samanlikna seg med har to forvaltningsniv\u00e5, seier Jon Askeland (Sp), som er fylkesordf\u00f8rar i Vestland.<\/strong><\/p>\n<p>Han seier at Noreg treng tre forvaltningsniv\u00e5 og at alternativet vil medf\u00f8ra ei \u00abhardhendt kommunesamansl\u00e5ing\u00bb som det ikkje er grunnlag for langs kysten, der fjord og fjell skaper lange reiseavstandar.<\/p>\n<p>\u2013 Eit styresett med to forvaltningsniv\u00e5 vil svekke det lokale niv\u00e5et, og f\u00f8ra til meir sentralstyring. Staten vil alltid vera den sterke parten, og eg kan ikkje forst\u00e5 at H\u00f8gre vil svekke den lokale og regionale krafta p\u00e5 same tid som staten eser ut. <\/p>\n<p><strong>\u2013 Nei, det er p\u00e5 statleg niv\u00e5 det m\u00e5 kuttast!<\/strong><\/p>\n<ul data-scroll-container=\"\" role=\"list\">\n<li><img alt=\"Jon Askeland p\u00e5 \u00c5rskonferansen 2025 - Bergen n\u00e6ringsr\u00e5d\"  width=\"3840\" height=\"2160\" loading=\"lazy\"\/>\n<p>\n        Therese Grimstad Pisani \/ NRK\n      <\/p>\n<p>Jon Askeland (Sp), fylkesordf\u00f8rar i Vestland<\/p>\n<p>Kva er alternativet for mange av dei fylkeskommunale oppdraga? Eg fryktar eit kaos av interkommunale samarbeid med h\u00f8gt konfliktniv\u00e5, svak styring og for d\u00e5rleg folkevald kontroll med store tenesteomr\u00e5de om dette blir ein realitet.<\/p>\n<\/li>\n<li><img alt=\"Hans Andreas Limi (FrP) m\u00f8ter Emilie Enger Mehl (Sp) i politisk kvarter. \"  width=\"3840\" height=\"2160\" loading=\"lazy\"\/>\n<p>\n        Hanna Johre\n      <\/p>\n<p>Hans Andreas Limi, nestleiar i Framstegspartiet <\/p>\n<p>Vi har heile tida meint at fylkeskommunen er eit un\u00f8dvendig ekstra forvaltningsniv\u00e5. M\u00e5let v\u00e5rt er \u00e5 ha eit slankast mogleg byr\u00e5krati, som gir innbyggarane best tenester per krone brukt. Med denne bakgrunnen g\u00e5r vi igjen inn for \u00e5 legge ned fylkeskommunen i det alternative budsjettet v\u00e5rt. Mange av oppg\u00e5vene til fylkeskommunen kan varetakast betre innanfor andre forvaltningsniv\u00e5.<\/p>\n<\/li>\n<li><img alt=\"En mann i dress gestikulerer med h\u00e5nden under en samtale i en romslig bygning. Bakgrunnen viser keramiske detaljer og planter. En annen person st\u00e5r n\u00e6rmest til h\u00f8yre og lytter. Lyssettingen er naturlig og rommet har fliser p\u00e5 gulvet.\"  width=\"3840\" height=\"2160\" loading=\"lazy\"\/>\n<p>\n        William Jobling \/ NRK\n      <\/p>\n<p>Mudassar Kapur, kommunepolitisk talsperson i H\u00f8gre<\/p>\n<p>Alle parti som snakkar om forenkling, mindre byr\u00e5krati og betre tenester til innbyggarane m\u00e5 kjenne si bes\u00f8kstid. Vi har lagt oss p\u00e5 ei truverdig og gjennomf\u00f8rbar linje der vi startar med ein oppg\u00e5vegjennomgang. Sj\u00f8lv dei som er skeptiske b\u00f8r kunne seie ja til dette. Dette kjem vi til \u00e5 jobbe vidare med uansett slik at H\u00f8gre kan sette i gang dette n\u00e5r vi kjem i regjering i 2029.<\/p>\n<\/li>\n<li><img alt=\"Kristina Torbergsen\"  width=\"3840\" height=\"2160\" loading=\"lazy\"\/>\n<p>\n        Eskild Johansen \/ NRK\n      <\/p>\n<p>Kristina Torbergsen (Ap), fylkesordf\u00f8rar i Troms<\/p>\n<p>Eg opplever eit stort engasjement om dei sakene fylkeskommunen har ansvar for og leverer p\u00e5. Det er eit kjent triks i boka \u00e5 dreie diskusjonen mot forvaltningsniv\u00e5, i staden for \u00e5 snakke om dei tenestene som blir leverte. Uansett forvaltningsniv\u00e5, s\u00e5 handlar politikk om \u00e5 prioritere. Fylkeskommunen har ei viktig rolle n\u00e6rt kommunane som samfunnsutviklar og er med p\u00e5 \u00e5 knyte kommunane saman.<\/p>\n<\/li>\n<li><img alt=\"en mann i dress\"  width=\"3840\" height=\"2160\" loading=\"lazy\"\/>\n<p>\n        William Jobling \/ NRK\n      <\/p>\n<p>Tore Opdal Hansen (H), fylkesordf\u00f8rar i Buskerud<\/p>\n<p>Vi treng ikkje fylkeskommunen om vi f\u00e5r 100\u2013150 kommunar. Sj\u00f8lv utan den kommunereforma b\u00f8r det vere ukomplisert \u00e5 omfordele oppg\u00e5vene fr\u00e5 fylkeskommunen. Nye oppg\u00e5ver har ikkje i s\u00e6rleg grad blitt tilf\u00f8rt fylka. Det seier vel mykje om synet til staten p\u00e5 fylka.<\/p>\n<\/li>\n<li><img alt=\"Thomas Sj\u00f8vold, ordf\u00f8rer i Oppeg\u00e5rd\"  width=\"3840\" height=\"2158\" loading=\"lazy\"\/>\n<p>\n        Elin Martinsen\n      <\/p>\n<p>Thomas Sj\u00f8vold (H), fylkesordf\u00f8rar i Akershus<\/p>\n<p>Fylkeskommunane b\u00f8r leggast ned, men da m\u00e5 vi ha kommunar som er store nok til \u00e5 kunne overta oppg\u00e5vene. Fleire interkommunale samarbeid er ikkje ein effektiv m\u00e5te \u00e5 samhandle p\u00e5. Overf\u00f8ring av oppg\u00e5ver til staten er heller ikkje ei god l\u00f8ysing. Da er det betre \u00e5 halde oppe det fylkeskommunale direktestyrte folkevalde niv\u00e5et.<\/p>\n<\/li>\n<li><img alt=\"Anders Riise\"  width=\"3840\" height=\"2159\" loading=\"lazy\"\/>\n<p>\n        Mia Sofie Ytreberg \/ NRK\n      <\/p>\n<p>Anders Riise (H), fylkesordf\u00f8rar i M\u00f8re og Romsdal<\/p>\n<p>Fylkeskommunen er framleis liv laga fordi han leverer viktige teneste til innbyggjarane. Det er pr. no ingen forvaltningsniv\u00e5 som er budde p\u00e5 eller i stand til \u00e5 levere dei same tenestene. Skal ein vurdere fylkeskommunen, m\u00e5 ein sj\u00e5 det i heilskap med kommune og stat. P\u00e5 lengre sikt er eg samd i at fylkeskommunen sine oppg\u00e5ver kan fordelast mellom robuste kommunar og staten.<\/p>\n<\/li>\n<\/ul>\n<p>Publisert<\/p>\n<p>25.11.2025, kl. 05.46<\/p>\n","protected":false},"excerpt":{"rendered":"Saka oppsummert: \u2022 H\u00f8gre foresl\u00e5r \u00e5 avvikle fylkeskommunen for \u00e5 redusere byr\u00e5kratiet i Noreg.\u2022 Arbeidsoppg\u00e5vene til fylkeskommunen skal&hellip;\n","protected":false},"author":2,"featured_media":95957,"comment_status":"","ping_status":"","sticky":false,"template":"","format":"standard","meta":{"footnotes":""},"categories":[10],"tags":[20,21,24,25,15,22,23,13,30,28,29,14,16,26,27],"class_list":{"0":"post-95956","1":"post","2":"type-post","3":"status-publish","4":"format-standard","5":"has-post-thumbnail","7":"category-norge","8":"tag-breaking-news","9":"tag-breakingnews","10":"tag-featured-news","11":"tag-featurednews","12":"tag-headlines","13":"tag-latest-news","14":"tag-latestnews","15":"tag-news","16":"tag-no","17":"tag-norge","18":"tag-norway","19":"tag-nyheter","20":"tag-overskrifter","21":"tag-top-stories","22":"tag-topstories"},"share_on_mastodon":{"url":"https:\/\/pubeurope.com\/@no\/115608925469303207","error":""},"_links":{"self":[{"href":"https:\/\/www.europesays.com\/no\/wp-json\/wp\/v2\/posts\/95956","targetHints":{"allow":["GET"]}}],"collection":[{"href":"https:\/\/www.europesays.com\/no\/wp-json\/wp\/v2\/posts"}],"about":[{"href":"https:\/\/www.europesays.com\/no\/wp-json\/wp\/v2\/types\/post"}],"author":[{"embeddable":true,"href":"https:\/\/www.europesays.com\/no\/wp-json\/wp\/v2\/users\/2"}],"replies":[{"embeddable":true,"href":"https:\/\/www.europesays.com\/no\/wp-json\/wp\/v2\/comments?post=95956"}],"version-history":[{"count":0,"href":"https:\/\/www.europesays.com\/no\/wp-json\/wp\/v2\/posts\/95956\/revisions"}],"wp:featuredmedia":[{"embeddable":true,"href":"https:\/\/www.europesays.com\/no\/wp-json\/wp\/v2\/media\/95957"}],"wp:attachment":[{"href":"https:\/\/www.europesays.com\/no\/wp-json\/wp\/v2\/media?parent=95956"}],"wp:term":[{"taxonomy":"category","embeddable":true,"href":"https:\/\/www.europesays.com\/no\/wp-json\/wp\/v2\/categories?post=95956"},{"taxonomy":"post_tag","embeddable":true,"href":"https:\/\/www.europesays.com\/no\/wp-json\/wp\/v2\/tags?post=95956"}],"curies":[{"name":"wp","href":"https:\/\/api.w.org\/{rel}","templated":true}]}}