{"id":95966,"date":"2025-11-25T06:38:10","date_gmt":"2025-11-25T06:38:10","guid":{"rendered":"https:\/\/www.europesays.com\/no\/95966\/"},"modified":"2025-11-25T06:38:10","modified_gmt":"2025-11-25T06:38:10","slug":"premier-league-rykter-liverpool-tirsdagens-premier-league-rykter","status":"publish","type":"post","link":"https:\/\/www.europesays.com\/no\/95966\/","title":{"rendered":"Premier League-rykter, Liverpool | Tirsdagens Premier League-rykter"},"content":{"rendered":"\n<p>Den brasilianske kantspilleren<b> Vinicius Junior (25)<\/b> har if\u00f8lge The Athletic fortalt <b>Real Madrid<\/b> at han ikke har til hensikt \u00e5 fornye kontrakten sin, som utl\u00f8per sommeren 2027, p\u00e5 grunn av et anstrengt forhold til manager Xabi Alonso.<\/p>\n<p><b>Liverpool<\/b>, <b>Manchester United <\/b>og flere andre Premier League-klubber f\u00f8lger n\u00f8ye med p\u00e5 Vinicius&#8217; situasjon, if\u00f8lge Mirror.<\/p>\n<p><b>Les ogs\u00e5: <a href=\"https:\/\/www.nettavisen.no\/sport\/sjokkerende-scener-i-united-kampen-i-alle-dager\/s\/5-95-2745377\" rel=\"Follow nofollow noopener\" target=\"_blank\">Sjokkerende scener i Premier League-kampen: \u2013 I alle dager?<\/a><\/b><\/p>\n<p>Og brasilianeren er ikke den eneste kantspilleren Arne Slots menn f\u00f8lger tett.<b> Liverpool <\/b>har if\u00f8lge Florian Plettenberg allerede holdt konkrete samtaler om en overgang for <b>Bournemouths<\/b> Antoine Semenyo (25), og er klar over utkj\u00f8psklausulen hans p\u00e5 65 millioner pund.<\/p>\n<p>   <img decoding=\"async\" width=\"6000\" height=\"4000\" fetchpriority=\"low\"  loading=\"lazy\"  src=\"https:\/\/www.europesays.com\/no\/wp-content\/uploads\/2025\/11\/NTB_axLSLYT6kUM.jpg\" alt=\"Bournemouth's Antoine Semenyo celebrates scoring his team's first goal from a free kick, during the Premier League match at Elland Road, Leeds. Picture date: Saturday September 27, 2025.\" class=\"brick-c-cFOWSL\" style=\"--brick-image-ratio: 6000 \/ 4000;\"\/><\/p>\n<p>      HERJER: Bournemouth&#8217;s Antoine Semenyo har herjet i Premier League de siste \u00e5rene.<br \/>\n      Foto: Danny Lawson\n    <\/p>\n<p>B\u00e5de<b> Manchester United <\/b>og <b>Chelsea <\/b>har if\u00f8lge Sky Sports Germany speidet p\u00e5 RB Leipzigs Assan Ouedraogo (19). Midtbanespilleren regnes som et enormt talent.<\/p>\n<p><b>Marseille<\/b> \u00f8nsker if\u00f8lge Sky Sports \u00e5 holde samtaler med <b>Brighton <\/b>om \u00e5 signere midtbanespiller <b>Matt O&#8217;Riley (25)<\/b> permanent i januar.<\/p>\n<p>Og apropos Marseille: <b>Atl\u00e9tico Madrid<\/b> vurderer if\u00f8lge Fichajes en overgang for <b>Marseille-spissen Mason Greenwood (24). <\/b>Engelskmannen er verdsatt til rundt 70 millioner pund.<\/p>\n<p>   <img decoding=\"async\" width=\"1158\" height=\"772\" fetchpriority=\"low\"  loading=\"lazy\"  src=\"https:\/\/www.europesays.com\/no\/wp-content\/uploads\/2025\/11\/BB241108BB786.jpg\" alt=\"\" class=\"brick-c-cFOWSL\" style=\"--brick-image-ratio: 1158 \/ 772;\"\/><\/p>\n<p>      ETTERTRAKTET? Mason Greenwood b\u00f8tter inn m\u00e5l i Ligue 1, og jaktes n\u00e5 av en europeisk toppklubb.<br \/>\n      Foto: Johnny Fidelin (Bildbyr\u00e5n)\n    <\/p>\n<p>If\u00f8lge Teamtalk planlegger den europeiske giganten <b>AC Milan<\/b> en spektakul\u00e6r overgang for <b>Crystal Palace-spiss Jean-Philippe Mateta (28).<\/b><\/p>\n<p>Premier League-klubber forventes if\u00f8lge Sky Sports \u00e5 st\u00e5 i k\u00f8 for \u00e5 signere <b>Atletico Madrid<\/b>s midtbanespiller <b>Conor Gallagher (25)<\/b> i januar, forutsatt at den spanske klubben godtar \u00e5 selge eller l\u00e5ne ut den tidligere Chelsea-spilleren.<\/p>\n<p><b>Les ogs\u00e5: <a href=\"https:\/\/www.nettavisen.no\/sport\/ny-norge-frykt-i-italia-skummelt\/s\/5-95-2743609\" rel=\"Follow nofollow noopener\" target=\"_blank\">Ny Norge-frykt i Italia: \u2013 Skummelt<\/a><\/b><\/p>\n<p><b>Wolves&#8217; Joao Gomes (24)<\/b> har if\u00f8lge Teamtalk blitt fristet av <b>Manchester Uniteds<\/b> interesse og vil v\u00e6re interessert i en overgang i januar.<\/p>\n<p>If\u00f8lge Fabrizio Romano vil Portugals midtbanespiller <b>Bernardo Silva (31)<\/b> sannsynligvis forlate <b>Manchester City<\/b> n\u00e5r kontrakten hans utl\u00f8per p\u00e5 slutten av sesongen.<\/p>\n<p><b>Paris St-Germain<\/b> har if\u00f8lge tyske Sky Sports sluttet seg til<b> Real Madrid<\/b> i kampen om Bayern M\u00fcnchens midtstopper <b>Dayot Upamecano (27)<\/b>, som ser ut til \u00e5 bli Bosman-spiller p\u00e5 slutten av sesongen.<\/p>\n","protected":false},"excerpt":{"rendered":"Den brasilianske kantspilleren Vinicius Junior (25) har if\u00f8lge The Athletic fortalt Real Madrid at han ikke har til&hellip;\n","protected":false},"author":2,"featured_media":95967,"comment_status":"","ping_status":"","sticky":false,"template":"","format":"standard","meta":{"footnotes":""},"categories":[59],"tags":[30,28,29,83,82],"class_list":{"0":"post-95966","1":"post","2":"type-post","3":"status-publish","4":"format-standard","5":"has-post-thumbnail","7":"category-sport","8":"tag-no","9":"tag-norge","10":"tag-norway","11":"tag-sport","12":"tag-sports"},"share_on_mastodon":{"url":"https:\/\/pubeurope.com\/@no\/115608964699190402","error":""},"_links":{"self":[{"href":"https:\/\/www.europesays.com\/no\/wp-json\/wp\/v2\/posts\/95966","targetHints":{"allow":["GET"]}}],"collection":[{"href":"https:\/\/www.europesays.com\/no\/wp-json\/wp\/v2\/posts"}],"about":[{"href":"https:\/\/www.europesays.com\/no\/wp-json\/wp\/v2\/types\/post"}],"author":[{"embeddable":true,"href":"https:\/\/www.europesays.com\/no\/wp-json\/wp\/v2\/users\/2"}],"replies":[{"embeddable":true,"href":"https:\/\/www.europesays.com\/no\/wp-json\/wp\/v2\/comments?post=95966"}],"version-history":[{"count":0,"href":"https:\/\/www.europesays.com\/no\/wp-json\/wp\/v2\/posts\/95966\/revisions"}],"wp:featuredmedia":[{"embeddable":true,"href":"https:\/\/www.europesays.com\/no\/wp-json\/wp\/v2\/media\/95967"}],"wp:attachment":[{"href":"https:\/\/www.europesays.com\/no\/wp-json\/wp\/v2\/media?parent=95966"}],"wp:term":[{"taxonomy":"category","embeddable":true,"href":"https:\/\/www.europesays.com\/no\/wp-json\/wp\/v2\/categories?post=95966"},{"taxonomy":"post_tag","embeddable":true,"href":"https:\/\/www.europesays.com\/no\/wp-json\/wp\/v2\/tags?post=95966"}],"curies":[{"name":"wp","href":"https:\/\/api.w.org\/{rel}","templated":true}]}}