{"id":95976,"date":"2025-11-25T06:50:15","date_gmt":"2025-11-25T06:50:15","guid":{"rendered":"https:\/\/www.europesays.com\/no\/95976\/"},"modified":"2025-11-25T06:50:15","modified_gmt":"2025-11-25T06:50:15","slug":"advarer-vil-bli-sarbare","status":"publish","type":"post","link":"https:\/\/www.europesays.com\/no\/95976\/","title":{"rendered":"Advarer: &#8211; Vil bli s\u00e5rbare"},"content":{"rendered":"<p class=\"kicker \" style=\"\">Organisert kriminalitet<\/p>\n<p>  Norge st\u00e5r uten viktige verkt\u00f8y i kampen mot organisert kriminalitet. Det gj\u00f8r Norges menn i Eurojust oppriktig bekymret.<\/p>\n<p>\n    RAMMES: Norges mulighet for \u00e5 bekjempe organisert kriminalitet, vil bli svekket av manglende tilganger, mener p\u00e5tale-toppene. Foto: Lars Eivind Bones \/ Dagbladet\n  <\/p>\n<p>HAAG, NEDERLAND (Dagbladet): Da Dagbladet m\u00f8ter liaison prosecutor Rudolf Christoffersen og politiadvokat Knut Jostein S\u00e6tnan hos Eurojust, blir tonen etter hvert alvorlig.<\/p>\n<p> Som Norges representanter i Eurojust, er de tett p\u00e5 den organiserte kriminaliteten som g\u00e5r p\u00e5 tvers av landegrenser. Antall saker <a href=\"https:\/\/www.dagbladet.no\/nyheter\/star-midt-i-stormen\/83876901\" rel=\"nofollow noopener\" target=\"_blank\">har aldri v\u00e6rt h\u00f8yere<\/a>, og de <a href=\"https:\/\/www.dagbladet.no\/nyheter\/star-midt-i-stormen\/83876901\" rel=\"nofollow noopener\" target=\"_blank\">st\u00e5r\u00a0\u00abmidt i stormen\u00bb<\/a> av en ny type kriminalitet.\u00a0<\/p>\n<p>Men det er ikke det som bekymrer mest.<\/p>\n<p>&#8211; Vi m\u00e5 snakke litt om dette fordi vi er bekymret. Vi er alvorlig bekymret, sier Christoffersen.\u00a0<\/p>\n<p>          <img loading=\"lazy\" decoding=\"async\" src=\"https:\/\/www.europesays.com\/no\/wp-content\/uploads\/2025\/11\/83885106.webp\" width=\"686\" height=\"515\" title=\"BEKYMRET: Rudolf Christoffersen (t.v.) og Knut Jostein S\u00e6tnan frykter konsekvensene av at Norge st\u00e5r uten verkt\u00f8y som EU-landene benytter. Foto: Angelica Hagen \/ Dagbladet\" alt=\"\" class=\"\" style=\"--aspect-ratio-image: 1.33; \"\/><\/p>\n<p>\n          BEKYMRET: Rudolf Christoffersen (t.v.) og Knut Jostein S\u00e6tnan frykter konsekvensene av at Norge st\u00e5r uten verkt\u00f8y som EU-landene benytter. Foto: Angelica Hagen \/ Dagbladet\n      <\/p>\n<p>De peker p\u00e5 alt Norge g\u00e5r glipp av ved \u00e5 st\u00e5 utenfor EU og som gj\u00f8r etterforskning i andre land vanskeligere og mer tidkrevende.<\/p>\n<p>&#8211; Det er mange utfordringer ved \u00e5 v\u00e6re utenfor EU. Det m\u00e5 vi p\u00e5 strafferettens omr\u00e5de \u00e6rlig erkjenne. Det er en rekke verkt\u00f8y som EU-landene bruker som vi ikke har tilgang til, sier han.\u00a0<\/p>\n<p>De trekker fram:\u00a0<\/p>\n<ul>\n<li>European Investigation Order (EIO) &#8211; ordre for \u00e5 be om bevisinnhenting<\/li>\n<li>ECRIS &#8211;\u00a0 et europeisk strafferegister <\/li>\n<li>E-evidence &#8211; gir EU-land mulighet til \u00e5 be om tilgang til elektronisk bevismateriale direkte fra en tjenesteyter i et annen medlemsland<\/li>\n<li>Nytt regelverk for overf\u00f8ring av straffesaker\u00a0<\/li>\n<li>Inndragningsdirektivet<\/li>\n<li>European Protection Order (EPO)<\/li>\n<li> Justice Digital Exchange System (JUDEX) &#8211;\u00a0et felles system for \u00e5 utveksle informasjon i straffesaker p\u00e5 judisielt niv\u00e5<\/li>\n<\/ul>\n<p>    <a itemprop=\"url\" href=\"https:\/\/www.dagbladet.no\/nyheter\/star-midt-i-stormen\/83876901\" rel=\"nofollow noopener\" target=\"_blank\"><\/p>\n<p>      <img loading=\"lazy\" decoding=\"async\" src=\"https:\/\/www.europesays.com\/no\/wp-content\/uploads\/2025\/11\/83882219.webp\" width=\"980\" height=\"441\" title=\"- St\u00e5r midt i stormen\" alt=\"\" class=\"lazyload\" style=\"--aspect-ratio-image: 2.22; \"\/><\/p>\n<p>        &#8211; St\u00e5r midt i stormen<\/p>\n<p>    <\/a><\/p>\n<p>&#8211; Ville hatt enorm gevinst\t<\/p>\n<p>Med en European Investigation Order (EIO) kan ett EU-land be et annet om \u00e5 innhente bevis i en straffesak. Gjennom anerkjennelsesprinsippet i EU, er mottakerlandet i prinsippet forpliktet til \u00e5 anerkjenne og gjennomf\u00f8re en ordre fra et annet EU-land.\u00a0<\/p>\n<p>Norge, som ikke er omfattet av dette, m\u00e5 sende rettsanmodninger som medf\u00f8rer en mye mer omfattende prosess.<\/p>\n<p>&#8211; Vi er helt sikre p\u00e5 at det ville v\u00e6rt en enorm gevinst for bekjempelse av kriminalitet som rammer Norge, dersom Norge hadde v\u00e6rt en del av European Investigation Order, sier Christoffersen.<\/p>\n<p>Han utdyper:\u00a0\u00a0<\/p>\n<p>&#8211; Nettopp fordi at kriminaliteten \u00f8ker og det er flere alvorlige straffbare handlinger som beg\u00e5s i Norge av kriminelle nettverk, hvor det er behov for \u00e5 innhente bevis mye raskere enn det rettsanmodningsinstituttet gir mulighet for.<\/p>\n<p>        MELDING: Oslo-politiet etterforsker \u00e5tte barn i forbindelse med\u00a0granateksplosjonen i Pilestredet og en skyting i Sarpsborg. Laget av Marte Nyl\u00f8kken Helseth og Angelica Hagen. <\/p>\n<p>Har tidsfrist\t<\/p>\n<p>B\u00e5de en EIO og e-evidensdirektivet som trer i kraft til sommeren &#8211; der p\u00e5talemyndigheten for eksempel kan be Facebook direkte om bevismateriale &#8211; har en frist p\u00e5 ti dager.<\/p>\n<p>Rettsanmodninger fra Norge har ingen tidsfrist.<\/p>\n<p>&#8211; N\u00e5r dette regelverket er oppe og g\u00e5r til sommeren, er vi alvorlig bekymret for konsekvensene det f\u00e5r for norske rettsanmodninger knyttet til samme type datainformasjon, sier Christoffersen.<\/p>\n<p>S\u00e6tnan f\u00f8lger opp:\u00a0<\/p>\n<p>&#8211; Og grunnen til det er at volumet p\u00e5 henvendelser er stort. Jo st\u00f8rre volum det er p\u00e5 saker med frister, jo st\u00f8rre backlog vil de ha, og jo mer s\u00e5rbare vil vi v\u00e6re.<\/p>\n<p>Hadde Norge hatt tilgang til ECRIS &#8211; det europeiske strafferegisteret &#8211; hadde vi ogs\u00e5 sluppet \u00e5 sende rettsanmodninger for \u00e5 be om straffehistorikk, som ville v\u00e6rt tidsbesparende, p\u00e5peker dem.\u00a0<\/p>\n<p>    <a itemprop=\"url\" href=\"https:\/\/www.dagbladet.no\/nyheter\/reagerer-utrolig-misvisende\/83801961\" rel=\"nofollow noopener\" target=\"_blank\"><\/p>\n<p>      <img loading=\"lazy\" decoding=\"async\" src=\"https:\/\/www.europesays.com\/no\/wp-content\/uploads\/2025\/11\/1764053413_578_83801976.webp\" width=\"980\" height=\"441\" title=\"Reagerer: - Utrolig misvisende\" alt=\"\" class=\"lazyload\" style=\"--aspect-ratio-image: 2.22; \"\/><\/p>\n<p>        Reagerer: &#8211; Utrolig misvisende<\/p>\n<p>    <\/a><\/p>\n<p>&#8211; Ble veldig overrasket\t<\/p>\n<p>Et annet perspektiv som trekkes fram, er at et bes\u00f8ksforbud utstedt i Norge bare gjelder i Norge, mens et bes\u00f8ksforbud i EU kan gj\u00f8res gjeldende for hele EU gjennom European Protection Order (EPO).<\/p>\n<p>&#8211; Bakgrunnen for dette er at ofre for kriminalitet skal ha lik beskyttelse i hele EU. Da jeg oppdaget at EU har hatt dette siden 2015,\u00a0ble jeg veldig overrasket over at man fra norsk side ikke har gjort noe for \u00e5 bli en del av det. For jeg kan ikke se noe kontroversielt i dette. Det handler jo om \u00e5 gi de mest s\u00e5rbare blant oss et bedre vern, sier Christoffersen.<\/p>\n<p> Norge er tilknyttet EU gjennom blant annet Schengen-avtalen, Den Europeiske Arrest ordre (EAW) og MLA-2000 (Mutual Legal Assistance Convention), som gir muligheter til \u00e5 ta del i EUs verkt\u00f8y uten \u00e5 v\u00e6re medlem. <\/p>\n<p class=\"italic m-italic\" data-lab-italic=\"italic\">&#8211; Hvorfor snakker man ikke om disse tingene inn i debatten som n\u00e5 i stor grad handler om strengere straffer og aldersgrense p\u00e5 sosiale medier?<\/p>\n<p>&#8211; Dette er noe som har g\u00e5tt under radaren over lang tid. Vi er ikke politikere. Det vi pr\u00f8ver \u00e5 gi et bilde p\u00e5, er praktiske erfaringer og hindringer som vi m\u00f8ter, sier S\u00e6tnan.\u00a0<\/p>\n<p>Han forklarer:<\/p>\n<p>&#8211; Uten at vi er politikere, s\u00e5 er det ikke tvil om at det var en periode hvor det var helt umulig \u00e5 f\u00e5 gjennom noe som helst som hadde med EU \u00e5 gj\u00f8re. Det var jo en brems s\u00e5 lenge Senterpartiet hadde justisministeren for eksempel, og det er deres rett \u00e5 gjennomf\u00f8re egen politikk. N\u00e5 er det en \u00e5pning igjen, men s\u00e5 g\u00e5r det litt fram og tilbake og da tar det tid.<\/p>\n<p>    <a itemprop=\"url\" href=\"https:\/\/www.dagbladet.no\/nyheter\/advarer-kan-ikke-stoppes\/83774337\" rel=\"nofollow noopener\" target=\"_blank\"><\/p>\n<p>      <img loading=\"lazy\" decoding=\"async\" src=\"https:\/\/www.europesays.com\/no\/wp-content\/uploads\/2025\/11\/1764053415_229_83780533.webp\" width=\"980\" height=\"441\" title=\"Advarer: - Kan ikke stoppes\" alt=\"\" class=\"lazyload\" style=\"--aspect-ratio-image: 2.22; \"\/><\/p>\n<p>        Advarer: &#8211; Kan ikke stoppes<\/p>\n<p>    <\/a><\/p>\n<p>&#8211; En stor utfordring\t<\/p>\n<p>N\u00e5 jobber EU med \u00e5 innf\u00f8re JUDEX &#8211;\u00a0Justice Digital Exchange System, som er et felles system for \u00e5 utveksle informasjon i straffesaker p\u00e5 judisielt niv\u00e5.<\/p>\n<p>Christoffersen forklarer at man i dag aksepterer at rettsanmodninger sendes som vedlegg p\u00e5 e-post i mangel p\u00e5 noe annet. N\u00e5r dette systemet &#8211; som skal v\u00e6re sikrere &#8211; kommer p\u00e5 plass, er det usikkert om EU-landene vil dele utenfor systemet.\u00a0<\/p>\n<p>&#8211; Det kan bli en stor utfordring for oss. Konsekvensene for Norge ved \u00e5 st\u00e5 utenfor kan bli ganske store fordi det kan p\u00e5virke viljen i andre EU-land til \u00e5 sende informasjon til oss.<\/p>\n<p>Christoffersen understreker:<\/p>\n<p>&#8211; Lista eller omfanget av verkt\u00f8y og instrumenter som EU-landene har tilgang til, begynner n\u00e5 \u00e5 bli ganske lang. Vi er bekymret for konsekvensene for Norge ved \u00e5 st\u00e5 utenfor dette. Det vil ha stor betydning b\u00e5de for muligheten v\u00e5r til \u00e5 oppklare straffesaker p\u00e5 en god og effektiv m\u00e5te, men ogs\u00e5 ved at noen av disse instrumentene ogs\u00e5 har en preventiv funksjon for \u00e5 forhindre kriminalitet.<\/p>\n","protected":false},"excerpt":{"rendered":"Organisert kriminalitet Norge st\u00e5r uten viktige verkt\u00f8y i kampen mot organisert kriminalitet. Det gj\u00f8r Norges menn i Eurojust&hellip;\n","protected":false},"author":2,"featured_media":95977,"comment_status":"","ping_status":"","sticky":false,"template":"","format":"standard","meta":{"footnotes":""},"categories":[10],"tags":[20,21,24,25,15,2539,22,23,13,30,28,29,14,12227,16,26,27],"class_list":{"0":"post-95976","1":"post","2":"type-post","3":"status-publish","4":"format-standard","5":"has-post-thumbnail","7":"category-norge","8":"tag-breaking-news","9":"tag-breakingnews","10":"tag-featured-news","11":"tag-featurednews","12":"tag-headlines","13":"tag-innenriks","14":"tag-latest-news","15":"tag-latestnews","16":"tag-news","17":"tag-no","18":"tag-norge","19":"tag-norway","20":"tag-nyheter","21":"tag-organisert_kriminalitet","22":"tag-overskrifter","23":"tag-top-stories","24":"tag-topstories"},"share_on_mastodon":{"url":"https:\/\/pubeurope.com\/@no\/115609011900195416","error":""},"_links":{"self":[{"href":"https:\/\/www.europesays.com\/no\/wp-json\/wp\/v2\/posts\/95976","targetHints":{"allow":["GET"]}}],"collection":[{"href":"https:\/\/www.europesays.com\/no\/wp-json\/wp\/v2\/posts"}],"about":[{"href":"https:\/\/www.europesays.com\/no\/wp-json\/wp\/v2\/types\/post"}],"author":[{"embeddable":true,"href":"https:\/\/www.europesays.com\/no\/wp-json\/wp\/v2\/users\/2"}],"replies":[{"embeddable":true,"href":"https:\/\/www.europesays.com\/no\/wp-json\/wp\/v2\/comments?post=95976"}],"version-history":[{"count":0,"href":"https:\/\/www.europesays.com\/no\/wp-json\/wp\/v2\/posts\/95976\/revisions"}],"wp:featuredmedia":[{"embeddable":true,"href":"https:\/\/www.europesays.com\/no\/wp-json\/wp\/v2\/media\/95977"}],"wp:attachment":[{"href":"https:\/\/www.europesays.com\/no\/wp-json\/wp\/v2\/media?parent=95976"}],"wp:term":[{"taxonomy":"category","embeddable":true,"href":"https:\/\/www.europesays.com\/no\/wp-json\/wp\/v2\/categories?post=95976"},{"taxonomy":"post_tag","embeddable":true,"href":"https:\/\/www.europesays.com\/no\/wp-json\/wp\/v2\/tags?post=95976"}],"curies":[{"name":"wp","href":"https:\/\/api.w.org\/{rel}","templated":true}]}}