{"id":95978,"date":"2025-11-25T06:51:20","date_gmt":"2025-11-25T06:51:20","guid":{"rendered":"https:\/\/www.europesays.com\/no\/95978\/"},"modified":"2025-11-25T06:51:20","modified_gmt":"2025-11-25T06:51:20","slug":"kan-vaere-vanskelig-for-de-uten-vedfyring-nrk-troms-og-finnmark","status":"publish","type":"post","link":"https:\/\/www.europesays.com\/no\/95978\/","title":{"rendered":"\u2013 Kan v\u00e6re vanskelig for de uten vedfyring \u2013 NRK Troms og Finnmark"},"content":{"rendered":"<p>\u2013 For de som ikke har vedfyring, kan det nok v\u00e6re litt vanskelig akkurat n\u00e5.<\/p>\n<p>Det sier John Roald Vassboten i nettselskapet Vissi.<\/p>\n<p>P\u00e5 grunn av feil i h\u00f8yspentnettet er 68 kunder p\u00e5 strekningen reinslakteriet til Avzze fri for str\u00f8m. Denne meldingen la nettselskapet ut p\u00e5 <a href=\"http:\/\/www.vissi.no\/strombrudd\/\" ec-id=\"http:\/\/www.vissi.no\/strombrudd\/\" ec-name=\"sine nettsider\" rel=\"nofollow noopener\" target=\"_blank\">sine nettsider<\/a> mandag ettermiddag.<\/p>\n<p>\u2013 Blant de som er uten str\u00f8m er det flere hyttekunder, i tillegg til en del eneboliger.<\/p>\n<p>I omr\u00e5det er det mandag kveld rundt 30 kuldegrader. I ett d\u00f8gn fremover skal det v\u00e6re mellom 20 og 30 minusgrader i Kautokeino. Derfor jobbes det p\u00e5 spreng med \u00e5 finne feilen.<\/p>\n<p>\u2013 F\u00f8lger med<\/p>\n<p>Karin H\u00e6tta, kommunedirekt\u00f8r i Kautokeino, sier at de f\u00f8lger situasjonen n\u00f8ye.<\/p>\n<p>\u2013 Jeg har v\u00e6rt i kontakt med kommunallederen for helse og omsorg for \u00e5 finne ut om det bor noen alene i omr\u00e5det som f\u00e5r hjemmetjenester fra oss. Det gjorde det ikke. Jeg har ogs\u00e5 v\u00e6rt i kontakt med ordf\u00f8reren, og ikke minst nettselskapet Vissi for \u00e5 h\u00f8re om hvor lang tid det vil ta \u00e5 f\u00e5 reparert feilen.<\/p>\n<p>H\u00e6tta sier at de s\u00e5 langt ikke har f\u00e5tt meldinger om noen som trenger bistand til \u00e5 holde varmen i huset.<\/p>\n<p>Men som hun sier:<\/p>\n<p>\u2013 De fleste som bor her har nok vedfyring i husene. Vi h\u00e5per likevel at de som trenger bistand tar kontakt. Og s\u00e5 h\u00e5per vi selvf\u00f8lgelig at feilen blir rettet s\u00e5 fort som mulig, sier kommunedirekt\u00f8ren.<\/p>\n<p><img decoding=\"async\"   src=\"data:image\/gif;base64,R0lGODlhAQABAIAAAAAAAP\/\/\/yH5BAEAAAAALAAAAAABAAEAAAIBRAA7\" loading=\"eager\" alt=\"Karin H\u00e6tta, kommunedirekt\u00f8r i Kautokeino.\" title=\"Foto: J\u00f8rn \u00d8stby \/ NRK Sapmi\"\/><\/p>\n<p class=\"\">Karin H\u00e6tta, kommunedirekt\u00f8r i Kautokeino, f\u00f8lger situasjonen n\u00f8ye og h\u00e5per str\u00f8mmen vil v\u00e6re tilbake snart.<\/p>\n<p>Foto: J\u00f8rn \u00d8stby \/ NRK Sapmi<\/p>\n<p>\u2013 Leter etter feilen<\/p>\n<p>If\u00f8lge Vassboten har str\u00f8mselskapet n\u00e5 tilkalt tilgjengelig personell i s\u00f8ket etter feilen.<\/p>\n<p>F\u00f8r dette er gjort er det vanskelig \u00e5 si noe om hvor lang tid det vil ta f\u00f8r feilen er reparert og str\u00f8mmen er tilbake.<\/p>\n<p>\u2013 Vi har personell som akkurat n\u00e5 er ute p\u00e5 sn\u00f8skuter for \u00e5 finne feilen. N\u00e5r dette er gjort vil vi g\u00e5 i gang med rettingen. Vi vil oppdatere nettsiden v\u00e5r s\u00e5 fort vi vet noe nytt, sier Vassboten.<\/p>\n<p>Publisert<\/p>\n<p>24.11.2025, kl. 20.25<\/p>\n<p>Oppdatert<\/p>\n<p>24.11.2025, kl. 20.48<\/p>\n","protected":false},"excerpt":{"rendered":"\u2013 For de som ikke har vedfyring, kan det nok v\u00e6re litt vanskelig akkurat n\u00e5. Det sier John&hellip;\n","protected":false},"author":2,"featured_media":95979,"comment_status":"","ping_status":"","sticky":false,"template":"","format":"standard","meta":{"footnotes":""},"categories":[5],"tags":[20,21,24,25,15,19,22,23,17,18,13,30,28,29,14,16,26,27],"class_list":{"0":"post-95978","1":"post","2":"type-post","3":"status-publish","4":"format-standard","5":"has-post-thumbnail","7":"category-overskrifter","8":"tag-breaking-news","9":"tag-breakingnews","10":"tag-featured-news","11":"tag-featurednews","12":"tag-headlines","13":"tag-hovedoppslag","14":"tag-latest-news","15":"tag-latestnews","16":"tag-main-news","17":"tag-mainnews","18":"tag-news","19":"tag-no","20":"tag-norge","21":"tag-norway","22":"tag-nyheter","23":"tag-overskrifter","24":"tag-top-stories","25":"tag-topstories"},"share_on_mastodon":{"url":"https:\/\/pubeurope.com\/@no\/115609015688210592","error":""},"_links":{"self":[{"href":"https:\/\/www.europesays.com\/no\/wp-json\/wp\/v2\/posts\/95978","targetHints":{"allow":["GET"]}}],"collection":[{"href":"https:\/\/www.europesays.com\/no\/wp-json\/wp\/v2\/posts"}],"about":[{"href":"https:\/\/www.europesays.com\/no\/wp-json\/wp\/v2\/types\/post"}],"author":[{"embeddable":true,"href":"https:\/\/www.europesays.com\/no\/wp-json\/wp\/v2\/users\/2"}],"replies":[{"embeddable":true,"href":"https:\/\/www.europesays.com\/no\/wp-json\/wp\/v2\/comments?post=95978"}],"version-history":[{"count":0,"href":"https:\/\/www.europesays.com\/no\/wp-json\/wp\/v2\/posts\/95978\/revisions"}],"wp:featuredmedia":[{"embeddable":true,"href":"https:\/\/www.europesays.com\/no\/wp-json\/wp\/v2\/media\/95979"}],"wp:attachment":[{"href":"https:\/\/www.europesays.com\/no\/wp-json\/wp\/v2\/media?parent=95978"}],"wp:term":[{"taxonomy":"category","embeddable":true,"href":"https:\/\/www.europesays.com\/no\/wp-json\/wp\/v2\/categories?post=95978"},{"taxonomy":"post_tag","embeddable":true,"href":"https:\/\/www.europesays.com\/no\/wp-json\/wp\/v2\/tags?post=95978"}],"curies":[{"name":"wp","href":"https:\/\/api.w.org\/{rel}","templated":true}]}}