{"id":95998,"date":"2025-11-25T07:21:11","date_gmt":"2025-11-25T07:21:11","guid":{"rendered":"https:\/\/www.europesays.com\/no\/95998\/"},"modified":"2025-11-25T07:21:11","modified_gmt":"2025-11-25T07:21:11","slug":"dette-er-deltagerne-i-farmen-kjendis-2026","status":"publish","type":"post","link":"https:\/\/www.europesays.com\/no\/95998\/","title":{"rendered":"Dette er deltagerne i \u00abFarmen kjendis\u00bb 2026"},"content":{"rendered":"\n<p class=\"_lead_o9xde_2 _lead_xtcu6_50 layout-component text-serif-m layout-normal text-serif-l layout-component layout-wide layout-padded _wide_17hqh_1 layout-padded\">Nok en gjeng med kjendiser skal n\u00e5 reise 100 \u00e5r tilbake i tid, men denne gangen med en tvist.<\/p>\n<p> <img class=\"_image_qp4xg_65 layout-component layout-wide\" data-fullscreen- data-track-element-type=\"Article image fullscreen\" data-track-name=\"ImageFullscreen\" fetchpriority=\"high\" decoding=\"sync\" loading=\"eager\" height=\"181\" itemprop=\"image\"  src=\"https:\/\/www.europesays.com\/no\/wp-content\/uploads\/2025\/11\/5d177b9a9b24af193b815acabe0d52b0.jpg\"  style=\"object-position:50% 50%;aspect-ratio:1.75;height:auto;object-fit:cover;width:100%\" width=\"102\"\/>  <\/p>\n<ul aria-hidden=\"true\" class=\"_images_18f0k_111\">\n<li><a class=\"_link_18f0k_116\" href=\"https:\/\/www.vg.no\/forfatter\/hannah-solstad-klepp\" style=\"z-index:2\" title=\"Hannah Solstad Klepp\" rel=\"nofollow noopener\" target=\"_blank\"><img alt=\"Bilde av Hannah Solstad Klepp\" class=\"_image_18f0k_93\" fetchpriority=\"low\" loading=\"lazy\" decoding=\"async\" itemprop=\"image\"  src=\"https:\/\/www.europesays.com\/no\/wp-content\/uploads\/2025\/11\/1764055270_842_f811f9c1-64f7-4c50-9133-b5735831a650\"  width=\"480\"\/><\/a><\/li>\n<li><a class=\"_link_18f0k_116\" href=\"https:\/\/www.vg.no\/forfatter\/steffen-pettersen-2\" style=\"z-index:1\" title=\"Steffen Pettersen\" rel=\"nofollow noopener\" target=\"_blank\"><img alt=\"Bilde av Steffen Pettersen\" class=\"_image_18f0k_93\" fetchpriority=\"low\" loading=\"lazy\" decoding=\"async\" itemprop=\"image\"  src=\"https:\/\/www.europesays.com\/no\/wp-content\/uploads\/2025\/11\/1764055271_255_31f8141a-a663-4901-a90a-8372d20392c3\"  width=\"480\"\/><\/a><\/li>\n<\/ul>\n<p> Oppdatert tirsdag 25. november kl. 08:00     <\/p>\n<p class=\"_paragraph_o9xde_4 _paragraph_xtcu6_10 layout-component text-serif-m layout-normal text-serif-m layout-padded\">13 profiler er klare for \u00e5 flytte inn p\u00e5 Fredheim G\u00e5rd i S\u00f8gne, men nytt for<br \/>\u00e5ret er at det ogs\u00e5 vil v\u00e6re en informant iblant dem. Informanten er opprinnelig en av<br \/>deltagerne p\u00e5 Torpet.<\/p>\n<p class=\"_paragraph_o9xde_4 _paragraph_xtcu6_10 layout-component text-serif-m layout-normal text-serif-m layout-padded\">Blant deltagerne finner vi mor og s\u00f8nn Mari og Stinius Maurstad. Mari klarte \u00e5 holde deltagelsen hemmelig helt til de m\u00f8ttes p\u00e5 g\u00e5rden.<\/p>\n<p class=\"_paragraph_o9xde_4 _paragraph_xtcu6_10 layout-component text-serif-m layout-normal text-serif-m layout-padded\"><strong class=\"_strong_o9xde_25\">Se alle deltagerne lenger ned i saken.<\/strong><\/p>\n<p class=\"_paragraph_o9xde_4 _paragraph_xtcu6_10 layout-component text-serif-m layout-normal text-serif-m layout-padded\">\u2013 Jeg ble veldig overrasket over \u00e5 se mamma, fordi hun har v\u00e6rt s\u00e5 steilt imot \u00e5 v\u00e6re med n\u00e5r hun har blitt spurt tidligere, sier Stinius.<\/p>\n<p class=\"_paragraph_o9xde_4 _paragraph_xtcu6_10 layout-component text-serif-m layout-normal text-serif-m layout-padded\">Han forteller at moren fungerte som r\u00e5dgiver f\u00f8r han dro inn p\u00e5 g\u00e5rden og ga ham tips om \u00e5 hjelpe alle sammen.<\/p>\n<p class=\"_paragraph_o9xde_4 _paragraph_xtcu6_10 layout-component text-serif-m layout-normal text-serif-m layout-padded\">\u2013 S\u00e5 skj\u00f8nner jeg n\u00e5 at det var fordi hun skulle v\u00e6re med selv, sier han og ler.<\/p>\n<p class=\"_paragraph_o9xde_4 _paragraph_xtcu6_10 layout-component text-serif-m layout-normal text-serif-m layout-padded\">En annen deltager er skuespiller Kim Kolstad, mest kjent som Jens August i \u00abHotel C\u00e6sar\u00bb. Han lager n\u00e5 \u00abGenerasjonspodden\u00bb sammen med datteren Chlo\u00e9-Fleur, som overtalte ham til \u00e5 delta.<\/p>\n<p class=\"_paragraph_o9xde_4 _paragraph_xtcu6_10 layout-component text-serif-m layout-normal text-serif-m layout-padded\">\u2013 Ungene mine var veldig positive. De mente at \u00ab<a href=\"https:\/\/www.vg.no\/tag\/farmen-kjendis?utm_source=vg-article&amp;utm_medium=auto-tagger&amp;utm_campaign=V6ldrW\" class=\"_link_o9xde_39\" rel=\"nofollow noopener\" target=\"_blank\">Farmen kjendis<\/a>\u00bb var midt i blinken for meg, forteller Kolstad.<\/p>\n<p> Disse skal delta p\u00e5 \u00abFarmen kjendis\u00bb:<\/p>\n<ul class=\"_list_o9xde_3 _list_xtcu6_9 _unordered_o9xde_106 layout-component text-serif-m layout-normal text-serif-m layout-padded\">\n<li class=\"_item_o9xde_30\">Kim Kolstad \u2013 skuespiller og gr\u00fcnder<\/li>\n<li class=\"_item_o9xde_30\">Henriette Lien \u2013 skuespiller og yogal\u00e6rer<\/li>\n<li class=\"_item_o9xde_30\">Fritz Aanes \u2013 brytetrener og TV-profil<\/li>\n<li class=\"_item_o9xde_30\">Trude Vasstrand \u2013 l\u00e6rer og TV-profil<\/li>\n<li class=\"_item_o9xde_30\">Stinius Maurstad \u2013 stemmeskuespiller og fiolinist<\/li>\n<li class=\"_item_o9xde_30\">Heidi R\u00f8neid \u2013 programleder og sjakk-kommentator<\/li>\n<li class=\"_item_o9xde_30\">Jonas Lihaug Fredriksen \u2013 Youtuber<\/li>\n<li class=\"_item_o9xde_30\">Karsten Blomvik \u2013 komiker og programleder<\/li>\n<li class=\"_item_o9xde_30\">Victoria Frostmann Skau \u2013 programleder og influencer<\/li>\n<li class=\"_item_o9xde_30\">Peder Christopher Braastad \u2013 g\u00e5rdsvert<\/li>\n<li class=\"_item_o9xde_30\">Kristine Arntzen \u2013 programleder<\/li>\n<li class=\"_item_o9xde_30\">Sondre Sundby \u2013 personlig trener<\/li>\n<li class=\"_item_o9xde_30\">Mari Maurstad \u2013 skuespiller<\/li>\n<\/ul>\n<p>Kim Kolstad. Foto: Foto: Anton Soggiu \/ TV 2<\/p>\n<p class=\"_paragraph_o9xde_4 _paragraph_xtcu6_10 layout-component text-serif-m layout-normal text-serif-m layout-padded\">Dorthe Skappel fortsetter som programleder. Hun var selv deltager i den sjette sesongen av serien, som ble sendt p\u00e5 TV i 2022.<\/p>\n<p class=\"_paragraph_o9xde_4 _paragraph_xtcu6_10 layout-component text-serif-m layout-normal text-serif-m layout-padded\">\u00abFarmen kjendis\u00bb har premiere 6. januar.<\/p>\n<p><img alt=\"Deltagerne i \u00abFarmen kjendis\u00bb 2026.  Foto: Foto: Anton Soggiu \/ TV 2\" class=\"_image_qp4xg_65 layout-component layout-normal\" data-fullscreen- data-track-element-type=\"Article image fullscreen\" data-track-name=\"ImageFullscreen\" decoding=\"async\" loading=\"lazy\" height=\"5464\" itemprop=\"image\"  src=\"https:\/\/www.europesays.com\/no\/wp-content\/uploads\/2025\/11\/6c8772fd-740f-451b-a5ab-a5d0c60a2ea9\"  style=\"object-position:0% 0%\" width=\"8192\"\/>Deltagerne i \u00abFarmen kjendis\u00bb 2026.  Foto: Foto: Anton Soggiu \/ TV 2<br \/>\nLes ogs\u00e5<\/p>\n","protected":false},"excerpt":{"rendered":"Nok en gjeng med kjendiser skal n\u00e5 reise 100 \u00e5r tilbake i tid, men denne gangen med en&hellip;\n","protected":false},"author":2,"featured_media":95999,"comment_status":"","ping_status":"","sticky":false,"template":"","format":"standard","meta":{"footnotes":""},"categories":[5],"tags":[20,21,9467,24,25,15,19,22,23,17,18,13,30,28,29,14,16,2177,26,27],"class_list":{"0":"post-95998","1":"post","2":"type-post","3":"status-publish","4":"format-standard","5":"has-post-thumbnail","7":"category-overskrifter","8":"tag-breaking-news","9":"tag-breakingnews","10":"tag-farmen-kjendis","11":"tag-featured-news","12":"tag-featurednews","13":"tag-headlines","14":"tag-hovedoppslag","15":"tag-latest-news","16":"tag-latestnews","17":"tag-main-news","18":"tag-mainnews","19":"tag-news","20":"tag-no","21":"tag-norge","22":"tag-norway","23":"tag-nyheter","24":"tag-overskrifter","25":"tag-reality-tv","26":"tag-top-stories","27":"tag-topstories"},"share_on_mastodon":{"url":"https:\/\/pubeurope.com\/@no\/115609134026729137","error":""},"_links":{"self":[{"href":"https:\/\/www.europesays.com\/no\/wp-json\/wp\/v2\/posts\/95998","targetHints":{"allow":["GET"]}}],"collection":[{"href":"https:\/\/www.europesays.com\/no\/wp-json\/wp\/v2\/posts"}],"about":[{"href":"https:\/\/www.europesays.com\/no\/wp-json\/wp\/v2\/types\/post"}],"author":[{"embeddable":true,"href":"https:\/\/www.europesays.com\/no\/wp-json\/wp\/v2\/users\/2"}],"replies":[{"embeddable":true,"href":"https:\/\/www.europesays.com\/no\/wp-json\/wp\/v2\/comments?post=95998"}],"version-history":[{"count":0,"href":"https:\/\/www.europesays.com\/no\/wp-json\/wp\/v2\/posts\/95998\/revisions"}],"wp:featuredmedia":[{"embeddable":true,"href":"https:\/\/www.europesays.com\/no\/wp-json\/wp\/v2\/media\/95999"}],"wp:attachment":[{"href":"https:\/\/www.europesays.com\/no\/wp-json\/wp\/v2\/media?parent=95998"}],"wp:term":[{"taxonomy":"category","embeddable":true,"href":"https:\/\/www.europesays.com\/no\/wp-json\/wp\/v2\/categories?post=95998"},{"taxonomy":"post_tag","embeddable":true,"href":"https:\/\/www.europesays.com\/no\/wp-json\/wp\/v2\/tags?post=95998"}],"curies":[{"name":"wp","href":"https:\/\/api.w.org\/{rel}","templated":true}]}}