{"id":96104,"date":"2025-11-25T09:29:13","date_gmt":"2025-11-25T09:29:13","guid":{"rendered":"https:\/\/www.europesays.com\/no\/96104\/"},"modified":"2025-11-25T09:29:13","modified_gmt":"2025-11-25T09:29:13","slug":"kunnskapsministeren-har-fatt-ja-til-hyttebygging-naer-vannkanten-2","status":"publish","type":"post","link":"https:\/\/www.europesays.com\/no\/96104\/","title":{"rendered":"Kunnskapsministeren har f\u00e5tt ja til hyttebygging n\u00e6r vannkanten"},"content":{"rendered":"\n<p class=\"_lead_o9xde_2 _lead_xtcu6_50 layout-component text-serif-m layout-normal text-serif-l layout-component layout-wide layout-padded _wide_17hqh_1 layout-padded\">Kunnskapsminister Kari Nessa Nordtun (Ap) og familie har f\u00e5tt godkjennelse til \u00e5 bygge ny hytte 11,5 meter fra vannkanten i Farsund kommune. <\/p>\n<p><img alt=\"Kunnskapsminister Kari Nessa Nordtun (Ap) sier hun ikke har kontakt verken med administrasjon eller politikere om hyttes\u00f8knaden. Hun understreker at s\u00f8keren er hennes svigerfar.&#10;Foto: Carina Johansen \/ NTB\" class=\"_image_qp4xg_65 layout-component layout-wide\" data-fullscreen- data-track-element-type=\"Article image fullscreen\" data-track-name=\"ImageFullscreen\" fetchpriority=\"high\" decoding=\"sync\" loading=\"eager\" height=\"5270\" itemprop=\"image\"  src=\"https:\/\/www.europesays.com\/no\/wp-content\/uploads\/2025\/11\/78deacf0-dbc6-4a56-bc5a-8e5617c26bc7\"  style=\"object-position:0% 0%\" width=\"7906\"\/>Kunnskapsminister Kari Nessa Nordtun (Ap) sier hun ikke har kontakt verken med administrasjon eller politikere om hyttes\u00f8knaden. Hun understreker at s\u00f8keren er hennes svigerfar.<br \/>\nFoto: Carina Johansen \/ NTB<\/p>\n<ul aria-hidden=\"true\" class=\"_images_18f0k_111\">\n<li><a class=\"_link_18f0k_116\" href=\"https:\/\/www.vg.no\/forfatter\/ntb\" style=\"z-index:1\" title=\"NTB\" rel=\"nofollow noopener\" target=\"_blank\"><img alt=\"Bilde av NTB\" class=\"_image_18f0k_93\" fetchpriority=\"low\" loading=\"lazy\" decoding=\"async\" itemprop=\"image\"  src=\"https:\/\/www.europesays.com\/no\/wp-content\/uploads\/2025\/11\/1764062953_695_c33980b0-5d07-4027-84a1-813f90a7c8d6\"  width=\"480\"\/><\/a><\/li>\n<\/ul>\n<p> Oppdatert tirsdag 25. november kl. 09:37    <\/p>\n<ul class=\"_list_o9xde_3 _list_64s2r_85 _unordered_o9xde_106 text-sans-m\">\n<li class=\"_item_o9xde_30\">Kunnskapsminister Kari Nessa Nordtun har f\u00e5tt byggetillatelse for ny hytte ved vannkanten i Farsund.<\/li>\n<li class=\"_item_o9xde_30\">Lokalpolitikere fra H\u00f8yre, Frp og INP godkjente s\u00f8knaden, mot kommunedirekt\u00f8rens innstilling.<\/li>\n<li class=\"_item_o9xde_30\">Hytta skal v\u00e6re 130 kvadratmeter, moderne med store glassflater.<\/li>\n<\/ul>\n<p>Vis mer <\/p>\n<p class=\"_paragraph_o9xde_4 _paragraph_xtcu6_10 layout-component text-serif-m layout-normal text-serif-m layout-padded\"> Statsr\u00e5den og ektemannen sikret seg alle n\u00f8dvendige godkjennelser etter at kommunepolitikerne i Farsund kommune p\u00e5 S\u00f8rlandet overpr\u00f8vde kommunedirekt\u00f8rens innstilling om \u00e5 avsl\u00e5 s\u00f8knaden, skriver <a href=\"https:\/\/www.dn.no\/eiendom\/forbudt-a-bygge-i-strandsonen-ga-unntak-for-hytta-til-kunnskapsministeren\/2-1-1903977\" class=\"_link_o9xde_39\" rel=\"nofollow noopener\" target=\"_blank\">Dagens N\u00e6ringsliv.<\/a><\/p>\n<p class=\"_paragraph_o9xde_4 _paragraph_xtcu6_10 layout-component text-serif-m layout-normal text-serif-m layout-padded\">Hytta blir p\u00e5 rundt 130 kvadratmeter, skal bygges i moderne stil med store glassflater, og skal st\u00e5 11,5 meter fra vannkanten, viser innsendte tegninger.<\/p>\n<p class=\"_paragraph_o9xde_4 _paragraph_xtcu6_10 layout-component text-serif-m layout-normal text-serif-m layout-padded\">Det stilles fire kriterier for \u00e5 f\u00e5 innvilget dispensasjon fra byggeforbudet, som alle m\u00e5 v\u00e6re innfridd. Kommunens saksbehandlere skrev i februar at ingen av kriteriene er oppfylt.<\/p>\n<p class=\"_paragraph_o9xde_4 _paragraph_xtcu6_10 layout-component text-serif-m layout-normal text-serif-m layout-padded\">Det var lokalpolitikere fra H\u00f8yre, Frp og Industri- og N\u00e6ringspartiet i Farsund kommune som innvilget dispensasjonen.<\/p>\n<p class=\"_paragraph_o9xde_4 _paragraph_xtcu6_10 layout-component text-serif-m layout-normal text-serif-m layout-padded\">Avisen har spurt kunnskapsministeren om hun st\u00f8tter Aps partiprogram om blant annet \u00e5 redusere bruken av dispensasjoner i pressomr\u00e5der som langs sj\u00f8en og om hennes private hyttebygging bidrar til \u00e5 svekke allmennhetens tilgang. De sp\u00f8rsm\u00e5lene har hun ikke \u00f8nsket \u00e5 svare p\u00e5.<\/p>\n<p class=\"_paragraph_o9xde_4 _paragraph_xtcu6_10 layout-component text-serif-m layout-normal text-serif-m layout-padded\">Nordtun sier hun ikke har trukket noen tr\u00e5der med s\u00f8knaden.<\/p>\n<p class=\"_paragraph_o9xde_4 _paragraph_xtcu6_10 layout-component text-serif-m layout-normal text-serif-m layout-padded\"> \u2013 Jeg har ikke hatt kontakt med verken administrasjon eller politikere om denne s\u00f8knaden, skriver hun til DN, og understreker at s\u00f8keren er hennes svigerfar.<\/p>\n<p class=\"_paragraph_o9xde_4 _paragraph_xtcu6_10 layout-component text-serif-m layout-normal text-serif-m layout-padded\">Den arkitekttegnede hytta kommer i tillegg til en eksisterende fritidsbolig p\u00e5 den familieeide eiendommen, som Nessa Nordtuns ektemann nylig overdro fra sin far, if\u00f8lge en tinglysning.<\/p>\n","protected":false},"excerpt":{"rendered":"Kunnskapsminister Kari Nessa Nordtun (Ap) og familie har f\u00e5tt godkjennelse til \u00e5 bygge ny hytte 11,5 meter fra&hellip;\n","protected":false},"author":2,"featured_media":96105,"comment_status":"","ping_status":"","sticky":false,"template":"","format":"standard","meta":{"footnotes":""},"categories":[10],"tags":[20,21,5878,24,25,15,1688,22,23,13,30,28,29,14,16,26,27],"class_list":{"0":"post-96104","1":"post","2":"type-post","3":"status-publish","4":"format-standard","5":"has-post-thumbnail","7":"category-norge","8":"tag-breaking-news","9":"tag-breakingnews","10":"tag-farsund","11":"tag-featured-news","12":"tag-featurednews","13":"tag-headlines","14":"tag-kari-nessa-nordtun","15":"tag-latest-news","16":"tag-latestnews","17":"tag-news","18":"tag-no","19":"tag-norge","20":"tag-norway","21":"tag-nyheter","22":"tag-overskrifter","23":"tag-top-stories","24":"tag-topstories"},"share_on_mastodon":{"url":"https:\/\/pubeurope.com\/@no\/115609637563712718","error":""},"_links":{"self":[{"href":"https:\/\/www.europesays.com\/no\/wp-json\/wp\/v2\/posts\/96104","targetHints":{"allow":["GET"]}}],"collection":[{"href":"https:\/\/www.europesays.com\/no\/wp-json\/wp\/v2\/posts"}],"about":[{"href":"https:\/\/www.europesays.com\/no\/wp-json\/wp\/v2\/types\/post"}],"author":[{"embeddable":true,"href":"https:\/\/www.europesays.com\/no\/wp-json\/wp\/v2\/users\/2"}],"replies":[{"embeddable":true,"href":"https:\/\/www.europesays.com\/no\/wp-json\/wp\/v2\/comments?post=96104"}],"version-history":[{"count":0,"href":"https:\/\/www.europesays.com\/no\/wp-json\/wp\/v2\/posts\/96104\/revisions"}],"wp:featuredmedia":[{"embeddable":true,"href":"https:\/\/www.europesays.com\/no\/wp-json\/wp\/v2\/media\/96105"}],"wp:attachment":[{"href":"https:\/\/www.europesays.com\/no\/wp-json\/wp\/v2\/media?parent=96104"}],"wp:term":[{"taxonomy":"category","embeddable":true,"href":"https:\/\/www.europesays.com\/no\/wp-json\/wp\/v2\/categories?post=96104"},{"taxonomy":"post_tag","embeddable":true,"href":"https:\/\/www.europesays.com\/no\/wp-json\/wp\/v2\/tags?post=96104"}],"curies":[{"name":"wp","href":"https:\/\/api.w.org\/{rel}","templated":true}]}}