{"id":96120,"date":"2025-11-25T09:48:09","date_gmt":"2025-11-25T09:48:09","guid":{"rendered":"https:\/\/www.europesays.com\/no\/96120\/"},"modified":"2025-11-25T09:48:09","modified_gmt":"2025-11-25T09:48:09","slug":"mors-ekskjaereste-domt-for-a-lime-igjen-oyet-pa-gutt-mens-han-sov-nrk-sorlandet-lokale-nyheter-tv-og-radio","status":"publish","type":"post","link":"https:\/\/www.europesays.com\/no\/96120\/","title":{"rendered":"Mors ekskj\u00e6reste d\u00f8mt for \u00e5 lime igjen \u00f8yet p\u00e5 gutt mens han sov \u2013 NRK S\u00f8rlandet \u2013 Lokale nyheter, TV og radio"},"content":{"rendered":"<p>Da den spesielle saken gikk i Agder tingrett, nektet mannen straffskyld.<\/p>\n<p>Han er n\u00e5 d\u00f8mt til ti m\u00e5neders fengsel, og til \u00e5 betale ekskj\u00e6restens s\u00f8nn 75.000 kroner i erstatning.<\/p>\n<p>I dommen st\u00e5r det:<\/p>\n<p><strong>\u00abVoldsut\u00f8velsen er beg\u00e5tt mot et lite og forsvarsl\u00f8st barn om natten og mens det har sovet i sin egen seng og sammen med sin egen mor og hennes nye kj\u00e6reste.\u00bb<\/strong><\/p>\n<p>Mannen helte ved to anledninger flytende lim over gutten mens han sov, if\u00f8lge dommen.<\/p>\n<p>Den f\u00f8rste gangen sov gutten alene i sin egen seng, mens siste gang l\u00e5 gutten i senga med tiltalte og mor.<\/p>\n<p><strong>\u00abTiltalte ga seg ikke etter den f\u00f8rste hendelsen, og viste ved gang nummer to at han hadde et s\u00e5kalt fast forbrytersk forsett \u2013 noe han fastholdt og gjentatt \u00f8nsket \u00e5 ut\u00f8ve. Handlingene fremst\u00e5r ogs\u00e5 som planlagte, ved innkj\u00f8p og medbringelse av lim &#8230;\u00bb<\/strong><\/p>\n<p>Aktor Vanja Bruvoll ba om at mannen d\u00f8mmes til ett \u00e5rs fengsel.\n<\/p>\n<p><img decoding=\"async\"   src=\"data:image\/gif;base64,R0lGODlhAQABAIAAAAAAAP\/\/\/yH5BAEAAAAALAAAAAABAAEAAAIBRAA7\" loading=\"eager\" alt=\"Vanja Bruvoll\" title=\"Foto: Kari Jeppest\u00f8l Arntzen \/ NRK\"\/><\/p>\n<p class=\"\">Aktor Vanja Bruvoll mener tiltalte med overlegg har skadet gutten ved \u00e5 p\u00e5f\u00f8re han superlim. <\/p>\n<p>Foto: Kari Jeppest\u00f8l Arntzen \/ NRK<\/p>\n<p>Hun mener det er vanskelig \u00e5 finne noe annet motiv enn at barnet \u00absto i veien\u00bb, og at tiltalte tok ut egen frustrasjon p\u00e5 gutten.<\/p>\n<p>Heller ikke retten har funnet noe klart motiv:<\/p>\n<p><strong>\u00abVoldshandlingens form\u00e5l og motiv fremst\u00e5r som nevnt ukjent og handlingene er vanskelig \u00e5 forst\u00e5. Ut fra de ytre omstendigheter fremst\u00e5r motivet vanskelig \u00e5 v\u00e6re noe annet enn \u00e5 p\u00e5f\u00f8re NN skader og foreldrene hans traumer og usikkerhet.\u00bb<\/strong><\/p>\n<p>Forsvarer Ole Joakim Devold ba om at klienten skulle frifinnes.<\/p>\n<p>Han anf\u00f8rte i retten at det ikke kunne utelukkes at gutten selv hadde f\u00e5tt tak i limet.<\/p>\n<p>Det ser retten helt bort fra, if\u00f8lge dommen.\n<\/p>\n<p><img decoding=\"async\"   src=\"data:image\/gif;base64,R0lGODlhAQABAIAAAAAAAP\/\/\/yH5BAEAAAAALAAAAAABAAEAAAIBRAA7\" loading=\"eager\" alt=\"ole j devold\" title=\"Foto: Kari Jeppest\u00f8l Arntzen\"\/><\/p>\n<p class=\"\">Forsvarer Ole Joakim Devold. <\/p>\n<p>Foto: Kari Jeppest\u00f8l Arntzen<\/p>\n<p>S\u00f8kte p\u00e5 lim samme dag<\/p>\n<p>Den f\u00f8rste hendelsen skjedde natt til 13. desember 2023. Da skal gutten ha v\u00e5knet gr\u00e5tende p\u00e5 natta med et gjenlimt \u00f8ye.<\/p>\n<p>Han m\u00e5tte i narkose og klippe opp \u00f8yelokket.<\/p>\n<p>Den tiltalte mannen overnatta hos mor til gutten.<\/p>\n<p>I retten kom det ogs\u00e5 frem at tiltalte denne dagen hadde s\u00f8kt p\u00e5 lim og limprodukter hos Biltema, Clas Ohlsson og Panduro hobby.<\/p>\n<p>If\u00f8lge etterforskningen hadde han ogs\u00e5 gjort s\u00f8k p\u00e5 \u00abetseskader i ansikt\u00bb, \u00absaltsyre\u00bb, \u00abkjemisk branns\u00e5r\u00bb og \u00abverdens mest etsende syre\u00bb.\n<\/p>\n<p><img decoding=\"async\"   src=\"data:image\/gif;base64,R0lGODlhAQABAIAAAAAAAP\/\/\/yH5BAEAAAAALAAAAAABAAEAAAIBRAA7\" loading=\"eager\" alt=\"superlim\" title=\"Foto: Kari Jeppest\u00f8l Arntzen\"\/><\/p>\n<p class=\"\">Denne tomme pakken med ekstremt sterkt lim ble funnet i s\u00f8pla hos tiltalte da politiet ransaket boligen. Pr\u00f8ver fra limrestene p\u00e5 gutten stemmer med typen, if\u00f8lge Kripos.<\/p>\n<p>Foto: Kari Jeppest\u00f8l Arntzen<\/p>\n<p>DNA p\u00e5 limtube<\/p>\n<p><strong>Mannen mener gutten selv m\u00e5tte ha f\u00e5tt med seg lim hjem fra barnehagen. <\/strong><\/p>\n<p>I dommen st\u00e5r det at man ser bort fra tiltaltes forklaring, som fremst\u00e5r oppkonstruert og tilpasset.<\/p>\n<p>En tid etter episoden med \u00f8yet, fant gutten selv en tube med hurtiglim under sin egen seng, if\u00f8lge politiet.<\/p>\n<p><strong>I avh\u00f8r nektet mannen for kjennskap til limet. <\/strong><\/p>\n<p><strong>Kripos fant tiltaltes DNA 26 steder p\u00e5 tuben. <\/strong><\/p>\n<p>I dommen st\u00e5r det:<\/p>\n<p><strong>\u00abEtter rettens syn er det denne limtuben som er benyttet av tiltalte til \u00e5 lime igjen \u00f8yet til NN denne natta.\u00bb<\/strong><\/p>\n<p>Filmet gutten da han gr\u00e5t<\/p>\n<p>Det er funnet over 200 bilder av gutten p\u00e5 tiltaltes mobil.<\/p>\n<p>Flere av dem viser guttens s\u00e5r.<\/p>\n<p>Retten fikk se flere videoklipp der tiltalte filmet gutten mens han gr\u00e5ter, og der tiltalte zoomer inn p\u00e5 s\u00e5rene.<\/p>\n<p>Mor til barnet sa i retten at hun ikke ante noe om at mannen som var hennes kj\u00e6reste tok bilder av barnet og filmet han.<\/p>\n<p>I retten ble det spilt av lydopptak tiltalte hadde tatt av seg selv p\u00e5 mobilen.<\/p>\n<p><strong>\u00abDu m\u00e5 v\u00e5kne n\u00e5, ellers skal du d\u00f8. Jeg skal drepe deg.\u00bb<\/strong><\/p>\n<p>P\u00e5 opptakene kan man h\u00f8re tiltalte snakke med ulike stemmer.<\/p>\n<p>Han sier navnet p\u00e5 gutten om igjen og om igjen.<\/p>\n<p>    Tips oss<\/p>\n<p>Hei!\u00a0<\/p>\n<p>Har du tanker eller tips? Send meg gjerne en mail!\u00a0<\/p>\n<p>Jeg jobber mye med helse- og krimsaker. Kanskje du har h\u00f8rt podkasten <a href=\"https:\/\/radio.nrk.no\/podkast\/hele_historien\/sesong\/kirurgen\" rel=\"nofollow noopener\" target=\"_blank\">Kirurgen<\/a>, eller lest historien om <a href=\"https:\/\/www.nrk.no\/sorlandet\/xl\/tidligere-flekkefjord-lensmann-anmeldt-for-darlig-etterforskning-av-overgrepssaker-1.16850934\" rel=\"nofollow noopener\" target=\"_blank\">lensmannen<\/a>?<\/p>\n<p>Publisert<\/p>\n<p>25.11.2025, kl. 10.03<\/p>\n<p>Oppdatert<\/p>\n<p>25.11.2025, kl. 10.09<\/p>\n","protected":false},"excerpt":{"rendered":"Da den spesielle saken gikk i Agder tingrett, nektet mannen straffskyld. Han er n\u00e5 d\u00f8mt til ti m\u00e5neders&hellip;\n","protected":false},"author":2,"featured_media":96121,"comment_status":"","ping_status":"","sticky":false,"template":"","format":"standard","meta":{"footnotes":""},"categories":[10],"tags":[20,21,24,25,15,22,23,13,30,28,29,14,16,26,27],"class_list":{"0":"post-96120","1":"post","2":"type-post","3":"status-publish","4":"format-standard","5":"has-post-thumbnail","7":"category-norge","8":"tag-breaking-news","9":"tag-breakingnews","10":"tag-featured-news","11":"tag-featurednews","12":"tag-headlines","13":"tag-latest-news","14":"tag-latestnews","15":"tag-news","16":"tag-no","17":"tag-norge","18":"tag-norway","19":"tag-nyheter","20":"tag-overskrifter","21":"tag-top-stories","22":"tag-topstories"},"share_on_mastodon":{"url":"https:\/\/pubeurope.com\/@no\/115609711748032729","error":""},"_links":{"self":[{"href":"https:\/\/www.europesays.com\/no\/wp-json\/wp\/v2\/posts\/96120","targetHints":{"allow":["GET"]}}],"collection":[{"href":"https:\/\/www.europesays.com\/no\/wp-json\/wp\/v2\/posts"}],"about":[{"href":"https:\/\/www.europesays.com\/no\/wp-json\/wp\/v2\/types\/post"}],"author":[{"embeddable":true,"href":"https:\/\/www.europesays.com\/no\/wp-json\/wp\/v2\/users\/2"}],"replies":[{"embeddable":true,"href":"https:\/\/www.europesays.com\/no\/wp-json\/wp\/v2\/comments?post=96120"}],"version-history":[{"count":0,"href":"https:\/\/www.europesays.com\/no\/wp-json\/wp\/v2\/posts\/96120\/revisions"}],"wp:featuredmedia":[{"embeddable":true,"href":"https:\/\/www.europesays.com\/no\/wp-json\/wp\/v2\/media\/96121"}],"wp:attachment":[{"href":"https:\/\/www.europesays.com\/no\/wp-json\/wp\/v2\/media?parent=96120"}],"wp:term":[{"taxonomy":"category","embeddable":true,"href":"https:\/\/www.europesays.com\/no\/wp-json\/wp\/v2\/categories?post=96120"},{"taxonomy":"post_tag","embeddable":true,"href":"https:\/\/www.europesays.com\/no\/wp-json\/wp\/v2\/tags?post=96120"}],"curies":[{"name":"wp","href":"https:\/\/api.w.org\/{rel}","templated":true}]}}