{"id":96132,"date":"2025-11-25T09:56:08","date_gmt":"2025-11-25T09:56:08","guid":{"rendered":"https:\/\/www.europesays.com\/no\/96132\/"},"modified":"2025-11-25T09:56:08","modified_gmt":"2025-11-25T09:56:08","slug":"ukraina-russland-ukraina-zelenskyj-besoker-usa-for-maneden-er-over","status":"publish","type":"post","link":"https:\/\/www.europesays.com\/no\/96132\/","title":{"rendered":"Ukraina, Russland | Ukraina: \u2013 Zelenskyj bes\u00f8ker USA f\u00f8r m\u00e5neden er over"},"content":{"rendered":"\n<p>Ukrainas nasjonale sikkerhetsr\u00e5dgiver Rustem Umerov skriver p\u00e5 X at de ser frem til \u00e5 bes\u00f8ke USA:<\/p>\n<p>\u2013 Vi ser frem til \u00e5 organisere et Zelenskyj-bes\u00f8k til USA s\u00e5 snart som mulig i november for \u00e5 fullf\u00f8re de siste stegene og inng\u00e5 en avtale med president Trump, skriver Umerov.<\/p>\n<p>\u2013 Vi setter pris p\u00e5 de produktive og konstruktive m\u00f8tene som ble holdt i Gen\u00e8ve mellom den ukrainske og amerikanske delegasjonen, samt president Trumps standhaftige innsats for \u00e5 f\u00e5 slutt p\u00e5 krigen, legger Umerov til.<\/p>\n<p>Han skriver videre at delegasjonene kom til en \u00abfelles forst\u00e5else\u00bb av n\u00f8kkelpunktene i avtalen.<\/p>\n","protected":false},"excerpt":{"rendered":"Ukrainas nasjonale sikkerhetsr\u00e5dgiver Rustem Umerov skriver p\u00e5 X at de ser frem til \u00e5 bes\u00f8ke USA: \u2013 Vi&hellip;\n","protected":false},"author":2,"featured_media":3844,"comment_status":"","ping_status":"","sticky":false,"template":"","format":"standard","meta":{"footnotes":""},"categories":[5],"tags":[20,21,24,25,15,19,22,23,17,18,13,30,28,29,14,16,26,27],"class_list":{"0":"post-96132","1":"post","2":"type-post","3":"status-publish","4":"format-standard","5":"has-post-thumbnail","7":"category-overskrifter","8":"tag-breaking-news","9":"tag-breakingnews","10":"tag-featured-news","11":"tag-featurednews","12":"tag-headlines","13":"tag-hovedoppslag","14":"tag-latest-news","15":"tag-latestnews","16":"tag-main-news","17":"tag-mainnews","18":"tag-news","19":"tag-no","20":"tag-norge","21":"tag-norway","22":"tag-nyheter","23":"tag-overskrifter","24":"tag-top-stories","25":"tag-topstories"},"share_on_mastodon":{"url":"https:\/\/pubeurope.com\/@no\/115609743082259974","error":""},"_links":{"self":[{"href":"https:\/\/www.europesays.com\/no\/wp-json\/wp\/v2\/posts\/96132","targetHints":{"allow":["GET"]}}],"collection":[{"href":"https:\/\/www.europesays.com\/no\/wp-json\/wp\/v2\/posts"}],"about":[{"href":"https:\/\/www.europesays.com\/no\/wp-json\/wp\/v2\/types\/post"}],"author":[{"embeddable":true,"href":"https:\/\/www.europesays.com\/no\/wp-json\/wp\/v2\/users\/2"}],"replies":[{"embeddable":true,"href":"https:\/\/www.europesays.com\/no\/wp-json\/wp\/v2\/comments?post=96132"}],"version-history":[{"count":0,"href":"https:\/\/www.europesays.com\/no\/wp-json\/wp\/v2\/posts\/96132\/revisions"}],"wp:featuredmedia":[{"embeddable":true,"href":"https:\/\/www.europesays.com\/no\/wp-json\/wp\/v2\/media\/3844"}],"wp:attachment":[{"href":"https:\/\/www.europesays.com\/no\/wp-json\/wp\/v2\/media?parent=96132"}],"wp:term":[{"taxonomy":"category","embeddable":true,"href":"https:\/\/www.europesays.com\/no\/wp-json\/wp\/v2\/categories?post=96132"},{"taxonomy":"post_tag","embeddable":true,"href":"https:\/\/www.europesays.com\/no\/wp-json\/wp\/v2\/tags?post=96132"}],"curies":[{"name":"wp","href":"https:\/\/api.w.org\/{rel}","templated":true}]}}