{"id":96139,"date":"2025-11-25T10:03:51","date_gmt":"2025-11-25T10:03:51","guid":{"rendered":"https:\/\/www.europesays.com\/no\/96139\/"},"modified":"2025-11-25T10:03:51","modified_gmt":"2025-11-25T10:03:51","slug":"patrick-berg-spiller-mer-enn-mange-mesterliga-stjerner-nrk-nordland","status":"publish","type":"post","link":"https:\/\/www.europesays.com\/no\/96139\/","title":{"rendered":"Patrick Berg spiller mer enn mange Mesterliga-stjerner \u2013 NRK Nordland"},"content":{"rendered":"<p>Saken oppsummert<\/p>\n<ul>\n<li>Patrick Berg har spilt 4289 minutter i 2025.<\/li>\n<li>Han har deltatt i 50 av 54 mulige kamper for Bod\u00f8\/Glimt og landslaget, og kan n\u00e5 4559 minutter totalt denne sesongen. Det er mer enn flere Mesterliga-stjerner.<\/li>\n<li>Bergs suksess skyldes if\u00f8lge han selv genetikk, \u00absmartness\u00bb spill og en rolig livsstil utenfor banen, men han innr\u00f8mmer at det g\u00e5r utover familielivet.<\/li>\n<li>NRKs ekspert Carl Erik Torp beskriver Berg som en \u00abpr\u00f8vekanin\u00bb og mener prestasjonene hans er eksepsjonelle, men advarer om risikoen for fysisk og mental slitasje.<\/li>\n<li>Glimt kjemper fortsatt om seriegullet i Eliteserien, men ligger ett poeng bak Viking med en runde igjen.<\/li>\n<\/ul>\n<p>Oppsummeringen er laget av en KI-tjeneste fra OpenAI. Innholdet er kvalitetssikret av NRKs journalister f\u00f8r publisering.<\/p>\n<p>VM-kvalifisering. Europaligaen. Mesterligaen. Eliteserien. NM.<\/p>\n<p>Glimt-kaptein Patrick Berg er s\u00e5 \u00e5 si alltid med.<\/p>\n<p>I fjor var han spilleren i Eliteserien med klart flest minutter p\u00e5 en fotballbane. I 2025 spiller han enda mer.<\/p>\n<p><strong>S\u00e5 langt i \u00e5r har Berg spilt 4289 minutter, if\u00f8lge fotballnettstedet <a href=\"https:\/\/www.transfermarkt.com\/patrick-berg\/leistungsdatendetails\/spieler\/308439\" ec-id=\"https:\/\/www.transfermarkt.com\/patrick-berg\/leistungsdatendetails\/spieler\/308439\" ec-name=\"Transfermarkt\" rel=\"nofollow noopener\" target=\"_blank\">Transfermarkt<\/a>. Han har v\u00e6rt p\u00e5 banen i 50 av 54 mulige kamper for Glimt og landslaget.<\/strong><\/p>\n<p>Klubben har tre kamper igjen dette \u00e5ret. Juventus p\u00e5 tirsdag, Fredrikstad 30. november og Borussia Dortmund 10. desember.<\/p>\n<p>Dersom Berg spiller samtlige minutter i disse kampene, blir fasiten 4559 minutter i 2025.<\/p>\n<p>Det er tall som overg\u00e5r en rekke Mesterliga-stjerner. Tyske Florian Wirtz, Manchester Citys R\u00faben Dias og PSG-spiller Vitinha spilte alle mindre <a href=\"https:\/\/football-observatory.com\/WeeklyPost485\" ec-id=\"https:\/\/football-observatory.com\/WeeklyPost485\" ec-name=\"i fjor\" rel=\"nofollow noopener\" target=\"_blank\">i fjor<\/a>.<\/p>\n<p><strong>\u2013 Jeg elsker \u00e5 spille fotball, og det \u00e5 spille kamp er det artigste jeg vet, sier Patrick Berg til NRK og legger til:<\/strong><\/p>\n<p>\u2013 S\u00e5nn sett f\u00f8ler jeg meg veldig privilegert. Kroppen har fungert veldig godt s\u00e5 langt. Bank i bordet.<\/p>\n<p>Til sammeligning spilte Barcelonas Jules Kound\u00e9 mest i Europa i fjor, med 5872 minutter p\u00e5. Berg har fortsatt et stykke opp til franskmannen og spillere som van Dijk og Valverde. Alle spilte over 5000 minutter.<\/p>\n<p>Norges st\u00f8rste stjerne Erling Braut Haaland kan vise til 4786 minutter i fjor.<\/p>\n<p>\u2013 S\u00e6rdeles kjedelig liv<\/p>\n<p>P\u00e5 sp\u00f8rsm\u00e5l om hvorfor han t\u00e5ler belastningen s\u00e5 godt, peker han p\u00e5 en kombinasjon av genetikk, smartness i duellspillet og livet utenfor banen.<\/p>\n<p><strong>\u2013 Jeg tror jeg lever et s\u00e6rdeles kjedelig liv utenom fotballen. Det handler mye om \u00e5 spare krefter der man kan, og bruke energien der den skal brukes. Jeg er veldig sjelden ute p\u00e5 farten hvis jeg ikke absolutt m\u00e5.<\/strong><\/p>\n<p>Med spill for b\u00e5de Glimt og landslaget blir det mange reised\u00f8gn vekk fra familien og de to barna. Berg innr\u00f8mmer at det kjennes p\u00e5 samvittigheten.<\/p>\n<p><img decoding=\"async\"   src=\"data:image\/gif;base64,R0lGODlhAQABAIAAAAAAAP\/\/\/yH5BAEAAAAALAAAAAABAAEAAAIBRAA7\" loading=\"eager\" alt=\"6nz4KucBVLQ\" title=\"Foto: NTB\"\/><\/p>\n<p class=\"\">Patrick Berg peker p\u00e5 genetikk, smart spillestil og et rolig liv utenfor banen som \u00e5rsaker til at han t\u00e5ler belastningen. <\/p>\n<p>Foto: NTB<\/p>\n<p>\u2013 Det er egentlig samboeren og barna jeg f\u00e5r d\u00e5rlig samvittighet overfor. Men jeg synes Rikke gj\u00f8r en helt fantastisk jobb. Jeg kunne aldri ha klart dette livet uten henne, s\u00e5 jeg er evig takknemlig for det hun gj\u00f8r p\u00e5 hjemmebane.<\/p>\n<p>Han er tydelig p\u00e5 at han m\u00e5 utnytte tiden han har som toppspiller.<\/p>\n<p>\u2013 Det er en begrenset karriere, s\u00e5 man f\u00e5r smi mens jernet er varmt, og s\u00e5 forh\u00e5pentligvis ha mange gode \u00e5r med familien i tiden etter at jeg legger skoene p\u00e5 hylla, avslutter Berg.<\/p>\n<p>NRKs fotballekspert, Carl Erik Torp, mener Bergs prestasjon er eksepsjonell.<\/p>\n<p>\u2013 Pr\u00f8vekanin<\/p>\n<p>\u2013 Det er ekstremt. I Norsk m\u00e5lestokk er han en pr\u00f8vekanin. Det er ingen andre spillere som har v\u00e6rt i n\u00e6rheten av det kj\u00f8ret han har st\u00e5tt i, sier Torp.<\/p>\n<p>Han sliter med \u00e5 se for seg at andre spillere vil n\u00e5 det samme antallet kamper og spilleminutter som det Patrick Berg har hatt de to siste \u00e5rene.<\/p>\n<p><strong>\u2013 Det er eksepsjonelt. Det har aldri skjedd med en norsk spiller f\u00f8r. Det som er fascinerende er at han nesten ikke har v\u00e6rt skadet.<\/strong><\/p>\n<p><img decoding=\"async\"   src=\"data:image\/gif;base64,R0lGODlhAQABAIAAAAAAAP\/\/\/yH5BAEAAAAALAAAAAABAAEAAAIBRAA7\" loading=\"eager\" alt=\"NRKs fotballekspert Carl-Erik Torp avbildet p\u00e5 fotballkamp i Istanbul\" title=\"Foto: J\u00f8rund Wessel Carlsen \/ NRK\"\/><\/p>\n<p class=\"\">Fotballekspert Carl Erik Torp beskriver Berg som en \u00abpr\u00f8vekanin\u00bb i norsk fotball, med en unik evne til \u00e5 prestere under ekstrem belastning.<\/p>\n<p>Foto: J\u00f8rund Wessel Carlsen \/ NRK<\/p>\n<p>Det er ogs\u00e5 grunn til bekymring, for det er nok grenser for hvor lenge han kan holde p\u00e5 s\u00e5nn, if\u00f8lge Torp.<\/p>\n<p>\u2013 Hva gj\u00f8r det med kroppen \u00e5 aldri f\u00e5 hvile?<\/p>\n<p>\u2013 Det er risiko for slitasje b\u00e5de mentalt og fysisk.<\/p>\n<p>Torp forteller at fotballspillere lever under konstant press. Det er grenser for hvor lenge man klarer det f\u00f8r det g\u00e5r galt.<\/p>\n<p>\u2013 Belastningen mentalt er vanvittig.<\/p>\n<p>Torp mener Patrick Berg er unik fordi han klarer \u00e5 st\u00e5 i det.<\/p>\n<p>    <img decoding=\"async\" class=\"dh-video-videoLoop__fallbackImage\" src=\"https:\/\/www.europesays.com\/no\/wp-content\/uploads\/2025\/11\/588fc3e1-bb30-4342-8fc3-e1bb30b3420e_360.jpg\" alt=\"\"\/><video preload=\"none\" muted=\"\" poster=\"https:\/\/www.europesays.com\/no\/wp-content\/uploads\/2025\/11\/588fc3e1-bb30-4342-8fc3-e1bb30b3420e_360.jpg\" style=\"--poster:url(https:\/\/www.europesays.com\/no\/wp-content\/uploads\/2025\/11\/588fc3e1-bb30-4342-8fc3-e1bb30b3420e_360.jpg);\"><\/video><img decoding=\"async\" class=\"dh-video-videoLoop__fallbackImage\" src=\"https:\/\/www.europesays.com\/no\/wp-content\/uploads\/2025\/11\/588fc3e1-bb30-4342-8fc3-e1bb30b3420e_720.jpg\" alt=\"\"\/><video preload=\"none\" muted=\"\" poster=\"https:\/\/www.europesays.com\/no\/wp-content\/uploads\/2025\/11\/588fc3e1-bb30-4342-8fc3-e1bb30b3420e_720.jpg\" style=\"--poster:url(https:\/\/www.europesays.com\/no\/wp-content\/uploads\/2025\/11\/588fc3e1-bb30-4342-8fc3-e1bb30b3420e_720.jpg);\"><\/video><img decoding=\"async\" class=\"dh-video-videoLoop__fallbackImage\" src=\"https:\/\/www.europesays.com\/no\/wp-content\/uploads\/2025\/11\/588fc3e1-bb30-4342-8fc3-e1bb30b3420e_1080.jpg\" alt=\"\"\/><video preload=\"none\" muted=\"\" poster=\"https:\/\/www.europesays.com\/no\/wp-content\/uploads\/2025\/11\/588fc3e1-bb30-4342-8fc3-e1bb30b3420e_1080.jpg\" style=\"--poster:url(https:\/\/www.europesays.com\/no\/wp-content\/uploads\/2025\/11\/588fc3e1-bb30-4342-8fc3-e1bb30b3420e_1080.jpg);\"><\/video><\/p>\n<p>Patrick Berg p\u00e5 trening med Bod\u00f8\/Glimt f\u00f8r kampen mot KFUM Oslo <\/p>\n<p>Lars-Bj\u00f8rn Martinsen\/NRK<\/p>\n<p>\u2013 Prestasjonene taler for seg selv. Det er kanskje det mest imponerende. Det er ikke 4\u20135 kamper hvor han ser sliten ut. Det er ekstremt h\u00f8yt bunniv\u00e5 til \u00e5 ha den belastningen han har. Jeg skj\u00f8nner nesten ikke at det er mulig. Men det viser hvilket milj\u00f8 de har i Glimt.<\/p>\n<p><strong>Du kan f\u00f8lge <a href=\"https:\/\/resultater.nrk.no\/fotball\/1\/2025-11-25\/kamp\/2701136\" ec-id=\"https:\/\/resultater.nrk.no\/fotball\/1\/2025-11-25\/kamp\/2701136\" ec-name=\"Bod\u00f8\/Glimt \u2013 Juventus direkte her\" rel=\"nofollow noopener\" target=\"_blank\">Bod\u00f8\/Glimt \u2013 Juventus direkte her<\/a>, eller h\u00f8re den i NRK Sport.<\/strong><\/p>\n<p>Publisert<\/p>\n<p>25.11.2025, kl. 07.41<\/p>\n<p>Oppdatert<\/p>\n<p>25.11.2025, kl. 10.16<\/p>\n","protected":false},"excerpt":{"rendered":"Saken oppsummert Patrick Berg har spilt 4289 minutter i 2025. Han har deltatt i 50 av 54 mulige&hellip;\n","protected":false},"author":2,"featured_media":96140,"comment_status":"","ping_status":"","sticky":false,"template":"","format":"standard","meta":{"footnotes":""},"categories":[5],"tags":[20,21,24,25,15,19,22,23,17,18,13,30,28,29,14,16,26,27],"class_list":{"0":"post-96139","1":"post","2":"type-post","3":"status-publish","4":"format-standard","5":"has-post-thumbnail","7":"category-overskrifter","8":"tag-breaking-news","9":"tag-breakingnews","10":"tag-featured-news","11":"tag-featurednews","12":"tag-headlines","13":"tag-hovedoppslag","14":"tag-latest-news","15":"tag-latestnews","16":"tag-main-news","17":"tag-mainnews","18":"tag-news","19":"tag-no","20":"tag-norge","21":"tag-norway","22":"tag-nyheter","23":"tag-overskrifter","24":"tag-top-stories","25":"tag-topstories"},"share_on_mastodon":{"url":"https:\/\/pubeurope.com\/@no\/115609774674455944","error":""},"_links":{"self":[{"href":"https:\/\/www.europesays.com\/no\/wp-json\/wp\/v2\/posts\/96139","targetHints":{"allow":["GET"]}}],"collection":[{"href":"https:\/\/www.europesays.com\/no\/wp-json\/wp\/v2\/posts"}],"about":[{"href":"https:\/\/www.europesays.com\/no\/wp-json\/wp\/v2\/types\/post"}],"author":[{"embeddable":true,"href":"https:\/\/www.europesays.com\/no\/wp-json\/wp\/v2\/users\/2"}],"replies":[{"embeddable":true,"href":"https:\/\/www.europesays.com\/no\/wp-json\/wp\/v2\/comments?post=96139"}],"version-history":[{"count":0,"href":"https:\/\/www.europesays.com\/no\/wp-json\/wp\/v2\/posts\/96139\/revisions"}],"wp:featuredmedia":[{"embeddable":true,"href":"https:\/\/www.europesays.com\/no\/wp-json\/wp\/v2\/media\/96140"}],"wp:attachment":[{"href":"https:\/\/www.europesays.com\/no\/wp-json\/wp\/v2\/media?parent=96139"}],"wp:term":[{"taxonomy":"category","embeddable":true,"href":"https:\/\/www.europesays.com\/no\/wp-json\/wp\/v2\/categories?post=96139"},{"taxonomy":"post_tag","embeddable":true,"href":"https:\/\/www.europesays.com\/no\/wp-json\/wp\/v2\/tags?post=96139"}],"curies":[{"name":"wp","href":"https:\/\/api.w.org\/{rel}","templated":true}]}}