{"id":96163,"date":"2025-11-25T10:28:10","date_gmt":"2025-11-25T10:28:10","guid":{"rendered":"https:\/\/www.europesays.com\/no\/96163\/"},"modified":"2025-11-25T10:28:10","modified_gmt":"2025-11-25T10:28:10","slug":"bergen-lufthavn-flesland-na-blir-det-slutt-pa-dette-pa-flesland-alltid-litt-spenning-nar-vi-innforer-noe-nytt","status":"publish","type":"post","link":"https:\/\/www.europesays.com\/no\/96163\/","title":{"rendered":"Bergen Lufthavn, Flesland | N\u00e5 blir det slutt p\u00e5 dette p\u00e5 Flesland: \u2013 Alltid litt spenning n\u00e5r vi innf\u00f8rer noe nytt"},"content":{"rendered":"\n<p>Fra og med klokken 1200 tirsdag er det slutt p\u00e5 taxier ved inn- og utgangen til Flesland.<\/p>\n<p><b>\u2013 Vi har montert bestillingskiosker inne i terminalen og ute, s\u00e5 fritt taxivalg blir enklere, sier kommunikasjonssjef for Bergen lufthavn, Cathrine Fuglesang Framholt til BA. <\/b><\/p>\n<p>Enklere som for eksempel i valg av selskap, type bil, forh\u00e5ndsbestemt pris og tilrettelegging for barneseter eller rullestol. Alt kan gj\u00f8res i bestillingskiosken, s\u00e5 man f\u00e5r taxien man \u00f8nsker.<\/p>\n<p>Taxiene vil st\u00e5 i et depot ved helikopterterminalen, og kj\u00f8re til Flesland etter bestilling.<\/p>\n<p>  <a href=\"https:\/\/www.ba.no\/5-8-3161844\" class=\"related-teaser has-image default-story-teaser article--c-eRUmMG article--c-eRUmMG-jKCPdD-design-default\" rel=\"nofollow noopener\" target=\"_blank\"><\/p>\n<p>    <img decoding=\"async\" loading=\"lazy\"  src=\"https:\/\/www.europesays.com\/no\/wp-content\/uploads\/2025\/11\/EH9_1983__1_+(1)_1.jpg\" alt=\"\" class=\"brick-c-cFOWSL\" style=\"\"\/><\/p>\n<p>\n            Les ogs\u00e5<\/p>\n<p>              Taxibransjen ble beskyldt for \u00e5 svindle kundene sine. N\u00e5 tas det grep p\u00e5 Flesland.\n        <\/p>\n<p>  <\/a><\/p>\n<p>   <img decoding=\"async\" width=\"2048\" height=\"1366\" fetchpriority=\"low\"  loading=\"lazy\"  src=\"https:\/\/www.europesays.com\/no\/wp-content\/uploads\/2025\/11\/_PNL1734-M__1_+%281%29.jpg\" alt=\"Presse og illustrasjonsbilder. Fast Travel. Oslo Lufthavn Gardermoen&#10;&#10;FOTO: Espen Solli\" class=\"brick-c-cFOWSL\" style=\"--brick-image-ratio: 2048 \/ 1366;\"\/><\/p>\n<p>      Slik ser automatene ut.<br \/>\n      Foto: Espen Solli\n    <\/p>\n<p>  Blitt brukt i Oslo<\/p>\n<p>Det er selskapet Fast Travel som n\u00e5 tar over driften av taxiplassene.<\/p>\n<p>\u2013 Alle l\u00f8yvehavere som \u00f8nsker \u00e5 hente passasjerer p\u00e5 lufthavnen signerer en ny passeringsavtale. Sj\u00e5f\u00f8rene f\u00e5r tilgang til en sj\u00e5f\u00f8rapp med funksjoner som blant annet viser forventet ventetid, skriver Avinor i en pressemelding.<\/p>\n<p>Daglig leder i Fast Travel, Ole Amundsen, har store ord om den nye l\u00f8sningen.<\/p>\n<p>\u2013 Dette er en norsk innovasjon med globalt potensial. V\u00e5r ambisjon er \u00e5 ta konseptet videre ut i verden, og vise hvordan teknologi og god organisering kan forbedre transportopplevelsen for millioner av reisende, sier han.<\/p>\n<p><b>Du kan ogs\u00e5 fortsatt bestille taxi direkte fra selskapet enten gjennom app eller \u00e5 ringe. <\/b><\/p>\n<p>\u2013 Det er alltid litt spenning n\u00e5r vi innf\u00f8rer noe nytt, sier Framholt, noen timer f\u00f8r automatene blir tatt i bruk.<\/p>\n<p>Ordningen har blitt brukt p\u00e5 Oslo Gardermoen i flere \u00e5r.<\/p>\n<p>   <img decoding=\"async\" width=\"1200\" height=\"800\" fetchpriority=\"low\"  loading=\"lazy\"  src=\"https:\/\/www.europesays.com\/no\/wp-content\/uploads\/2025\/11\/SE1_8876%2B29.jpg\" alt=\"\" class=\"brick-c-cFOWSL\" style=\"--brick-image-ratio: 1200 \/ 800;\"\/><\/p>\n<p>      \u2013 Dette har vi ventet p\u00e5! sa reiselivsdirekt\u00f8r Anders Nyland til BA i september. Han fortalte om at de fikk flere klager fra turister som mener de har betalt for mye med taxi.<br \/>\n      Foto: SKJALG EKELAND (arkiv)\n    <\/p>\n<p>  Bare to spr\u00e5k<\/p>\n<p>Automatene kommer kun til \u00e5 ha to spr\u00e5k, norsk og engelsk, som selvf\u00f8lgelig vil kunne by p\u00e5 utfordringer hvis en ikke kan noen av disse spr\u00e5kene.<\/p>\n<p>\u2013 I Oslo har vi hatt det kun p\u00e5 norsk og engelsk, og vi har aldri fanget opp behov for andre spr\u00e5k. Skulle det v\u00e6re et spesielt behov i Bergen, s\u00e5 er det raskt \u00e5 legge til flere spr\u00e5k. Det ble vurdert, men det ble bestemt norsk og engelsk siden resten av reisen g\u00e5r kun p\u00e5 de spr\u00e5kene, sier kommunikasjonssjefen.<\/p>\n<p>BA sp\u00f8r ogs\u00e5 om denne l\u00f8sningen vil kunne by p\u00e5 problemer for folk som ikke er flink med ny teknologi, som for eksempel noen eldre.<\/p>\n<p>\u2013 Det er veldig mye selvbetjening ellers i en flyreise. De er veldig intuitive, s\u00e5 jeg tror ikke det vil by p\u00e5 problemer.<\/p>\n<p>Se ogs\u00e5:<\/p>\n<p>    Vil du se neste video?<\/p>\n<p>    <a href=\"https:\/\/www.ba.no\/kvinnene-fikk-90-minutter-med-velvare-helt-gratis\/v\/5-8-3227922\" class=\"recommend-poster\" data-adp-clicklabel=\"video-recommend\" data-adp-clickvalue=\"poster\" rel=\"nofollow noopener\" target=\"_blank\"><br \/>\n      <img decoding=\"async\" width=\"200\" height=\"200\" loading=\"lazy\" src=\"https:\/\/www.europesays.com\/no\/wp-content\/uploads\/2025\/11\/v-i-c186c0f4-4782-4fe7-a8e8-b640275ddab8-1763561146063.jpg\" alt=\"\" class=\"brick-c-cFOWSL\" style=\"--brick-image-ratio: 200 \/ 200;\"\/><\/p>\n<p>Kvinnene fikk 90 minutter med velv\u00e6re, helt gratis1:05<\/p>\n<p>    <\/a><\/p>\n","protected":false},"excerpt":{"rendered":"Fra og med klokken 1200 tirsdag er det slutt p\u00e5 taxier ved inn- og utgangen til Flesland. \u2013&hellip;\n","protected":false},"author":2,"featured_media":96164,"comment_status":"","ping_status":"","sticky":false,"template":"","format":"standard","meta":{"footnotes":""},"categories":[5],"tags":[36,12418,20,21,12419,24,25,1872,15,19,22,23,17,18,13,30,28,29,14,16,1510,9846,26,27],"class_list":{"0":"post-96163","1":"post","2":"type-post","3":"status-publish","4":"format-standard","5":"has-post-thumbnail","7":"category-overskrifter","8":"tag-art","9":"tag-bergen-lufthavn","10":"tag-breaking-news","11":"tag-breakingnews","12":"tag-fast-travel","13":"tag-featured-news","14":"tag-featurednews","15":"tag-flesland","16":"tag-headlines","17":"tag-hovedoppslag","18":"tag-latest-news","19":"tag-latestnews","20":"tag-main-news","21":"tag-mainnews","22":"tag-news","23":"tag-no","24":"tag-norge","25":"tag-norway","26":"tag-nyheter","27":"tag-overskrifter","28":"tag-story","29":"tag-taxi","30":"tag-top-stories","31":"tag-topstories"},"share_on_mastodon":{"url":"https:\/\/pubeurope.com\/@no\/115609869300853455","error":""},"_links":{"self":[{"href":"https:\/\/www.europesays.com\/no\/wp-json\/wp\/v2\/posts\/96163","targetHints":{"allow":["GET"]}}],"collection":[{"href":"https:\/\/www.europesays.com\/no\/wp-json\/wp\/v2\/posts"}],"about":[{"href":"https:\/\/www.europesays.com\/no\/wp-json\/wp\/v2\/types\/post"}],"author":[{"embeddable":true,"href":"https:\/\/www.europesays.com\/no\/wp-json\/wp\/v2\/users\/2"}],"replies":[{"embeddable":true,"href":"https:\/\/www.europesays.com\/no\/wp-json\/wp\/v2\/comments?post=96163"}],"version-history":[{"count":0,"href":"https:\/\/www.europesays.com\/no\/wp-json\/wp\/v2\/posts\/96163\/revisions"}],"wp:featuredmedia":[{"embeddable":true,"href":"https:\/\/www.europesays.com\/no\/wp-json\/wp\/v2\/media\/96164"}],"wp:attachment":[{"href":"https:\/\/www.europesays.com\/no\/wp-json\/wp\/v2\/media?parent=96163"}],"wp:term":[{"taxonomy":"category","embeddable":true,"href":"https:\/\/www.europesays.com\/no\/wp-json\/wp\/v2\/categories?post=96163"},{"taxonomy":"post_tag","embeddable":true,"href":"https:\/\/www.europesays.com\/no\/wp-json\/wp\/v2\/tags?post=96163"}],"curies":[{"name":"wp","href":"https:\/\/api.w.org\/{rel}","templated":true}]}}