{"id":96193,"date":"2025-11-25T11:03:14","date_gmt":"2025-11-25T11:03:14","guid":{"rendered":"https:\/\/www.europesays.com\/no\/96193\/"},"modified":"2025-11-25T11:03:14","modified_gmt":"2025-11-25T11:03:14","slug":"ingen-har-solgt-flere-biler-i-lopet-av-ett-ar","status":"publish","type":"post","link":"https:\/\/www.europesays.com\/no\/96193\/","title":{"rendered":"Ingen har solgt flere biler i l\u00f8pet av ett \u00e5r"},"content":{"rendered":"<p>        Saken oppsummert<\/p>\n<ul lang=\"nb-NO\">\n<li>Tesla har satt ny Norgesrekord i bilsalg p\u00e5 26.649 nyregistrerte biler s\u00e5 langt i \u00e5r.<\/li>\n<li>Den tidligere rekorden tilh\u00f8rte Volkswagen med 26.575 biler, i 2016.<\/li>\n<li>Tesla har n\u00e5 en markedsandel p\u00e5 19 prosent i Norge, hovedsakelig med Model 3 og Model Y.<\/li>\n<li>Regjeringens forslag om \u00e5 senke momsgrensen p\u00e5 elbiler har \u00f8kt ettersp\u00f8rselen f\u00f8r \u00e5rsskiftet.<\/li>\n<\/ul>\n<p class=\"italic ai-disclaimer\" data-lab-italic=\"italic\">Oppsummeringen er laget med kunstig intelligens (KI) fra OpenAI. Innholdet er kvalitetssikret av TV 2s journalister. <a target=\"_blank\" href=\"https:\/\/hjelp.tv2.no\/info\/artikkel\/slik-jobber-vi-med-ki-i-tv-2\" title=\"Les om hvordan vi jobber med KI\" rel=\"nofollow noopener\">Les om hvordan vi jobber med KI<\/a><\/p>\n<p>Norge er det store unntakslandet for Tesla i Europa. Salget har bremset kraftig de fleste andre steder. Men i Norge g\u00e5r det s\u00e5 det griner.\u00a0<\/p>\n<p>N\u00e5 er det akkurat klart at Tesla setter ny Norgesrekord i bilsalg. I g\u00e5r passerte de 26.649 nyregistrerte biler s\u00e5 langt i \u00e5r. Og det alts\u00e5 med over \u00e9n m\u00e5ned igen av \u00e5ret.\u00a0<\/p>\n<p>Dermed ligger det an til at Tesla-tallet er betydelig h\u00f8yere, n\u00e5r nytt\u00e5rsrakettene g\u00e5r til v\u00e6rs.\u00a0<\/p>\n<p>        <img class=\"image__img lazyload\" itemprop=\"image\" title=\"Foto: Broom.\" alt=\"NUMMER EN: Tesla Model Y blir med solid margin Norges mest solgte personbil i 2025. Foto: Broom.\" width=\"675\" height=\"379\" bad-src=\"https:\/\/www.europesays.com\/no\/wp-content\/uploads\/2025\/11\/1764068591_772_18134700.webp\" fetchpriority=\"auto\" \/><\/p>\n<p>      NUMMER EN: Tesla Model Y blir med solid margin Norges mest solgte personbil i 2025.<br \/>\n         Foto: Broom.<\/p>\n<p>Takket v\u00e6re to modeller<\/p>\n<p><a href=\"https:\/\/www.bilnytt.no\/subscriber\/showArticle.aspx?articleid=13603\" rel=\"nofollow noopener\" target=\"_blank\">Bransje-nettstedet BilNytt.no <\/a>har sett n\u00e6rmere p\u00e5 disse tallene.\u00a0 Den tidligere bilsalgsrekorden i Norge tilh\u00f8rte Volkwagen og ble satt tilbake i 2016: Da solgte og registrerte VW\u00a026.575 biler her til lands. Da alts\u00e5 over 12 m\u00e5neder.\u00a0<\/p>\n<p>Tesla er n\u00e5 oppe i en markedsandel p\u00e5 19 prosent i Norge. Med det stikker de av med s\u00e5 godt som \u00e9n av fem norske bilkj\u00f8pere.\u00a0<\/p>\n<p>Prestasjonen er ekstra sterk n\u00e5r vi vet at det i praksis bare er to modeller som drar salget: Model 3 og Model Y. Flere av konkurrentene, Volkswagen inkludert, har et bredere modellutvalg.\u00a0<\/p>\n<p><a href=\"https:\/\/www.tv2.no\/broom\/na-far-du-klassikeren-til-svaert-hyggelig-pris\/8023469\/\" rel=\"nofollow noopener\" target=\"_blank\">Tilbake i 1986: Da satte Ford ny rekord i Norge<\/a><\/p>\n<p>        <img class=\"image__img lazyload\" itemprop=\"image\" title=\"Foto: Broom.\" alt=\"STARTEN: Tesla Model S kom til Norge i 2013 og ble starten p\u00e5 et skikkelig eventyr for merket her til lands. Foto: Broom.\" width=\"978\" height=\"551\" bad-src=\"https:\/\/www.europesays.com\/no\/wp-content\/uploads\/2025\/11\/13866742.webp\" fetchpriority=\"auto\" \/><\/p>\n<p>      STARTEN: Tesla Model S kom til Norge i 2013 og ble starten p\u00e5 et skikkelig eventyr for merket her til lands.<br \/>\n         Foto: Broom.<\/p>\n<p>Tar regningen for kundene<\/p>\n<p>Flere merker melder n\u00e5 om sv\u00e6rt h\u00f8y aktivitet p\u00e5 nybilfronten. Etter at regjeringen la fram forslag om \u00e5 senke momsgrensen p\u00e5 elbiler fra 500.000 til 300.000 kroner, \u00f8nsker mange \u00e5 sikre seg ny bil f\u00f8r \u00e5rsskiftet.<\/p>\n<p>En elbil til 500.000 kroner, vil bli 50.000 kroner dyrere hvis regjeringen f\u00e5r det som den vil. Planen er s\u00e5 \u00e5 innf\u00f8re full moms p\u00e5 alle elbiler fra 2027.<\/p>\n<p>Utfordringen for mange import\u00f8rer og forhandlere er \u00e5 klare \u00e5 f\u00e5 nok biler til landet f\u00f8r \u00e5ret er omme. En rekke merker har ogs\u00e5 g\u00e5tt ut med \u00abmomsgaranti\u00bb, at de dekker moms\u00f8kningen p\u00e5 biler som blir bestilt i \u00e5r, men ikke kan utleveres f\u00f8r til neste \u00e5r.\u00a0<\/p>\n<p><a href=\"https:\/\/www.tv2.no\/broom\/forste-test-godt-kjop-men-dette-ma-du-ofre\/18285201\/\" rel=\"nofollow noopener\" target=\"_blank\">Ny og billigere Tesla: Dette m\u00e5 du ofre<\/a><\/p>\n<p class=\"bold m-bold\" data-lab-font_weight=\"bold\">Slik l\u00f8ser Tesla det, les mer i artikkelen under:<\/p>\n<p>    <a class=\"article__link\" data-ga-active-label=\"\" data-ga-active-label-animation=\"\" href=\"https:\/\/www.tv2.no\/broom\/utsolgt-gir-bonus-pa-50000\/18253014\/\" rel=\"nofollow noopener\" target=\"_blank\"><\/p>\n<p>    <img class=\"image__img lazyload\" itemprop=\"image\" title=\"\" alt=\"\" width=\"978\" height=\"411\" bad-src=\"https:\/\/www.europesays.com\/no\/wp-content\/uploads\/2025\/11\/1764068594_763_18134700.webp\" fetchpriority=\"auto\" \/><\/p>\n<p>            Utsolgt: Gir \u00abbonus\u00bb p\u00e5 50.000<\/p>\n<p>    <\/a><\/p>\n","protected":false},"excerpt":{"rendered":"Saken oppsummert Tesla har satt ny Norgesrekord i bilsalg p\u00e5 26.649 nyregistrerte biler s\u00e5 langt i \u00e5r. Den&hellip;\n","protected":false},"author":2,"featured_media":96194,"comment_status":"","ping_status":"","sticky":false,"template":"","format":"standard","meta":{"footnotes":""},"categories":[56],"tags":[60,61,62,30,28,29],"class_list":{"0":"post-96193","1":"post","2":"type-post","3":"status-publish","4":"format-standard","5":"has-post-thumbnail","7":"category-naeringsliv","8":"tag-business","9":"tag-economy","10":"tag-naeringsliv","11":"tag-no","12":"tag-norge","13":"tag-norway"},"share_on_mastodon":{"url":"https:\/\/pubeurope.com\/@no\/115610006553134804","error":""},"_links":{"self":[{"href":"https:\/\/www.europesays.com\/no\/wp-json\/wp\/v2\/posts\/96193","targetHints":{"allow":["GET"]}}],"collection":[{"href":"https:\/\/www.europesays.com\/no\/wp-json\/wp\/v2\/posts"}],"about":[{"href":"https:\/\/www.europesays.com\/no\/wp-json\/wp\/v2\/types\/post"}],"author":[{"embeddable":true,"href":"https:\/\/www.europesays.com\/no\/wp-json\/wp\/v2\/users\/2"}],"replies":[{"embeddable":true,"href":"https:\/\/www.europesays.com\/no\/wp-json\/wp\/v2\/comments?post=96193"}],"version-history":[{"count":0,"href":"https:\/\/www.europesays.com\/no\/wp-json\/wp\/v2\/posts\/96193\/revisions"}],"wp:featuredmedia":[{"embeddable":true,"href":"https:\/\/www.europesays.com\/no\/wp-json\/wp\/v2\/media\/96194"}],"wp:attachment":[{"href":"https:\/\/www.europesays.com\/no\/wp-json\/wp\/v2\/media?parent=96193"}],"wp:term":[{"taxonomy":"category","embeddable":true,"href":"https:\/\/www.europesays.com\/no\/wp-json\/wp\/v2\/categories?post=96193"},{"taxonomy":"post_tag","embeddable":true,"href":"https:\/\/www.europesays.com\/no\/wp-json\/wp\/v2\/tags?post=96193"}],"curies":[{"name":"wp","href":"https:\/\/api.w.org\/{rel}","templated":true}]}}