{"id":96197,"date":"2025-11-25T11:08:37","date_gmt":"2025-11-25T11:08:37","guid":{"rendered":"https:\/\/www.europesays.com\/no\/96197\/"},"modified":"2025-11-25T11:08:37","modified_gmt":"2025-11-25T11:08:37","slug":"elisabeth-andreassen-i-retten-for-a-beholde-strandhus-og-badebrygge","status":"publish","type":"post","link":"https:\/\/www.europesays.com\/no\/96197\/","title":{"rendered":"Elisabeth Andreassen i retten for \u00e5 beholde strandhus og badebrygge"},"content":{"rendered":"<p class=\"kicker t20\" style=\"\">Elisabeth \u00abBettan\u00bb Andreassen:<\/p>\n<p>  Elisabeth \u00abBettan\u00bb Andreassen har hyret inn Elden, og m\u00f8ter denne uka i retten p\u00e5 grunn av en \u00e5relang konflikt.<\/p>\n<p>    Kort fortalt<\/p>\n<ul lang=\"nb-NO\">\n<li>Elisabeth Andreassen m\u00f8ter i retten for \u00e5 beholde badebrygge, strandhus og utepeis p\u00e5 Br\u00f8nn\u00f8ya.<\/li>\n<li>Myndighetene mener fasilitetene er ulovlige og krever riving, mens Andreassen har ansatt advokat for \u00e5 kjempe imot.<\/li>\n<li>Saken har p\u00e5g\u00e5tt siden 2013, og kommunen har tidligere vedtatt riving og ilagt tvangsmulkt.<\/li>\n<li>Andreassen hevder hun kj\u00f8pte eiendommen i god tro, og saken har v\u00e6rt b\u00e5de psykisk og \u00f8konomisk belastende for henne.<\/li>\n<\/ul>\n<p class=\"italic ai-disclaimer\" data-lab-italic=\"italic\">Sammendraget er laget av ChatGPT og godkjent av Dagbladet.<\/p>\n<p>      Vis mer<br \/>\n      Vis mindre<\/p>\n<p>B\u00c6RUM (Dagbladet): Elisabeth \u00abBettan\u00bb Andreassen (67) m\u00f8ter denne uka i retten for \u00e5 f\u00e5 beholde badebrygge, strandhus og utepeis p\u00e5 eiendommen p\u00e5 Br\u00f8nn\u00f8ya i Asker.\u00a0<\/p>\n<p>    <a itemprop=\"url\" href=\"https:\/\/www.dagbladet.no\/kjendis\/boligdrommen-satt-pa-vent\/83890658\" rel=\"nofollow noopener\" target=\"_blank\"><\/p>\n<p>      <img loading=\"lazy\" decoding=\"async\" src=\"https:\/\/www.europesays.com\/no\/wp-content\/uploads\/2025\/11\/83890896.webp\" width=\"147\" height=\"98\" title=\"Boligdr\u00f8mmen satt p\u00e5 vent\" alt=\"\" class=\"lazyload\" style=\"--aspect-ratio-image: 1.50; \"\/><\/p>\n<p>        Boligdr\u00f8mmen satt p\u00e5 vent<\/p>\n<p>    <\/a><\/p>\n<p>Artisten har i ei \u00e5rrekke kjempet for \u00e5 f\u00e5 beholde de overnevnte fasilitetene p\u00e5 fritidseiendommen. Myndighetene mener tiltakene er ulovlige og krever riving.\u00a0<\/p>\n<p>I forbindelse med rettssaken fikk pressen v\u00e6re med p\u00e5 befaring av hytta til Andreassen, som viste fram fasilitetene p\u00e5 fritidseiendommen.<\/p>\n<p>          <img loading=\"lazy\" decoding=\"async\" src=\"https:\/\/www.europesays.com\/no\/wp-content\/uploads\/2025\/11\/83894670.webp\" width=\"686\" height=\"460\" title=\"EIENDOMMEN: Fritidseiendommen p\u00e5 Br\u00f8nn\u00f8ya som er bakgrunnen for den \u00e5relange konflikten. Foto: Bj\u00f8rn Langsem \/ Dagbladet\" alt=\"\" class=\"\" style=\"--aspect-ratio-image: 1.49; \"\/><\/p>\n<p>\n          EIENDOMMEN: Fritidseiendommen p\u00e5 Br\u00f8nn\u00f8ya som er bakgrunnen for den \u00e5relange konflikten. Foto: Bj\u00f8rn Langsem \/ Dagbladet\n      <\/p>\n<p>&#8211; En krevende prosess\t<\/p>\n<p>N\u00e5 har hun ansatt advokat John Christian Elden og tar saken til retten. Mandag m\u00f8tes de i Asker og B\u00e6rum tingrett.<\/p>\n<p>Andreassen kj\u00f8pte hytta i 1992, og striden har p\u00e5g\u00e5tt siden 2013.\u00a0<\/p>\n<p>Ti \u00e5r seinere gjorde Asker kommune et fors\u00f8k p\u00e5 \u00e5 ende saken, med vedtak om riving og tvangsmulkt, skriver <a href=\"https:\/\/www.budstikka.no\/krangler-om-bronnoya-eiendom-her-er-bettan-i-retten\/s\/5-55-2147701\" target=\"_blank\" rel=\"nofollow noopener\">Budstikka<\/a>.\u00a0<\/p>\n<p>          <img loading=\"lazy\" decoding=\"async\" src=\"https:\/\/www.europesays.com\/no\/wp-content\/uploads\/2025\/11\/83893544.webp\" width=\"686\" height=\"460\" title=\"I RETTEN: Elisabeth Andreassen p\u00e5 plass i retten, mandag. Foto: Bj\u00f8rn Langsem \/ Dagbladet\" alt=\"\" class=\"\" style=\"--aspect-ratio-image: 1.49; \"\/><\/p>\n<p>\n          I RETTEN: Elisabeth Andreassen p\u00e5 plass i retten, mandag. Foto: Bj\u00f8rn Langsem \/ Dagbladet\n      <\/p>\n<p>\u00abMed tilbakef\u00f8ring\/retting menes at du m\u00e5 rive,\u00bb st\u00e5r det i vedtaket fra kommunen fra mars 2023. I starten av juli 2024 var det krevd inn 27 000 kroner i tvangsmulkt, if\u00f8lge opplysninger Asker kommune tidligere har gitt til Budstikka.\u00a0<\/p>\n<p>    <a itemprop=\"url\" href=\"https:\/\/www.dagbladet.no\/kjendis\/hun-unnet-meg-a-dra\/83864357\" rel=\"nofollow noopener\" target=\"_blank\"><\/p>\n<p>      <img loading=\"lazy\" decoding=\"async\" src=\"https:\/\/www.europesays.com\/no\/wp-content\/uploads\/2025\/11\/1764068909_864_83864907.webp\" width=\"980\" height=\"441\" title=\"- Hun unnet meg \u00e5 dra\" alt=\"\" class=\"lazyload\" style=\"--aspect-ratio-image: 2.22; \"\/><\/p>\n<p>        &#8211; Hun unnet meg \u00e5 dra<\/p>\n<p>    <\/a><\/p>\n<p>Andreassens klager til b\u00e5de Statsforvalteren og Kommunal- og distriktsdepartementet har blitt avvist. Saken ble ogs\u00e5 forelagt Sivilombudet, som ikke tok den til videre behandling. <\/p>\n<p>          <img loading=\"lazy\" decoding=\"async\" src=\"https:\/\/www.europesays.com\/no\/wp-content\/uploads\/2025\/11\/83894740.webp\" width=\"686\" height=\"460\" title=\"VISTE FRAM: Bettan viste fram fasilitetene p\u00e5 fritidseiendommen, som hun selv mener ikke er ulovlige. Foto: Bj\u00f8rn Langsem \/ Dagbladet\" alt=\"\" class=\"\" style=\"--aspect-ratio-image: 1.49; \"\/><\/p>\n<p>\n          VISTE FRAM: Bettan viste fram fasilitetene p\u00e5 fritidseiendommen, som hun selv mener ikke er ulovlige. Foto: Bj\u00f8rn Langsem \/ Dagbladet\n      <\/p>\n<p>Overfor <a href=\"https:\/\/www.tv2.no\/underholdning\/her-er-bettan-i-retten\/18303581\/\" rel=\"nofollow noopener\" target=\"_blank\">TV 2<\/a> uttalte advokatfullmektig Mathias Helseth i Elden Advokatfirma f\u00f8lgende f\u00f8r rettssaken:<\/p>\n<p>&#8211; Dette har v\u00e6rt en langvarig og krevende prosess, og min klient ser fram til at den kommer opp for retten. Vi \u00f8nsker ikke \u00e5 forh\u00e5ndsprosedere saken i media, og \u00f8nsker derfor ikke \u00e5 kommentere dette n\u00e6rmere n\u00e5.<\/p>\n<p>        GLEMTE: \u00abSkal vi danse\u00bb-dommer Jan Thomas blir tatt p\u00e5 senga av reporterens sp\u00f8rsm\u00e5l. Video: Nora Skavhaug\/R\u00f8d l\u00f8per. Reporter: Thea Hope\/R\u00f8d l\u00f8per<\/p>\n<p>&#8211; Veldig belastende\t<\/p>\n<p> Elisabeth Andreassen opplyste utenfor retten at hun ikke har \u00abkommentert saken p\u00e5 13 \u00e5r\u00bb, s\u00e5 lenge konflikten har p\u00e5g\u00e5tt, og \u00f8nsker heller ikke \u00e5 kommentere saken i dag. <\/p>\n<p>          <img loading=\"lazy\" decoding=\"async\" src=\"https:\/\/www.europesays.com\/no\/wp-content\/uploads\/2025\/11\/83893543.webp\" width=\"686\" height=\"460\" title=\"MED ADVOKATEN: Elisabeth Andreassen sammen med advokatfullmektig Mathias Helseth i Elden Advokatfirma. Foto: Bj\u00f8rn Langsem \/ Dagbladet\" alt=\"\" class=\"\" style=\"--aspect-ratio-image: 1.49; \"\/><\/p>\n<p>\n          MED ADVOKATEN: Elisabeth Andreassen sammen med advokatfullmektig Mathias Helseth i Elden Advokatfirma. Foto: Bj\u00f8rn Langsem \/ Dagbladet\n      <\/p>\n<p class=\"font-weight-bold m-font-weight-bold\" data-lab-font_weight=\"font-weight-bold\">Kjernen i saken er om tiltakene var s\u00f8knadspliktige p\u00e5 tidspunktet de ble utf\u00f8rt. Under rettsforhandlingene p\u00e5peker Andreassens advokat innledningsvis at den aktuelle strandboden ble oppf\u00f8rt i 1983, alts\u00e5 f\u00f8r Andreassen overtok hytta.\u00a0<\/p>\n<p>          <img loading=\"lazy\" decoding=\"async\" src=\"https:\/\/www.europesays.com\/no\/wp-content\/uploads\/2025\/11\/83892956.webp\" width=\"980\" height=\"559\" title=\"HINDRER FRI FERDSEL: Statens representant, advokat Andreas Hjetland, mener at strandboden hindrer fri ferdsel p\u00e5 offentlig omr\u00e5de. Foto: Bj\u00f8rn Langsem \/ Dagbladet\" alt=\"\" class=\"\" style=\"--aspect-ratio-image: 1.75; \"\/><\/p>\n<p>\n          HINDRER FRI FERDSEL: Statens representant, advokat Andreas Hjetland, mener at strandboden hindrer fri ferdsel p\u00e5 offentlig omr\u00e5de. Foto: Bj\u00f8rn Langsem \/ Dagbladet\n      <\/p>\n<p>Advokat Andreas Hjetland ved Regjeringsadvokaten, som f\u00f8rer saken for Kommunal- og distriktsdepartementet, forteller i retten av strandboden hinderer fri ferdsel p\u00e5 offentlig omr\u00e5de.\u00a0<\/p>\n<p>        \u00abFORR\u00c6DER\u00bb-VILLAEN: Slik ser den nesten 100 \u00e5r gamle villaen ut n\u00e5r Mads Hansen ikke er spillmester. Reporter: Sanne Holt. Video: Thale Kristensen\/ TV 2\/ \u00abForr\u00e6der\u00bb<\/p>\n<p>Uavhengig av om det ble oppsatt i 1983 eller 1985, mener han at strandboden var s\u00f8knadspliktig.<\/p>\n<p>&#8211; Kort oppsummert er de tiltakene som v\u00e5r sak gjelder ulovlige, fordi de var s\u00f8knadspliktige, og det aldri ble s\u00f8kt, konkluderer Hjetland.<\/p>\n<p>          <img loading=\"lazy\" decoding=\"async\" src=\"https:\/\/www.europesays.com\/no\/wp-content\/uploads\/2025\/11\/83893542.webp\" width=\"686\" height=\"460\" title=\"Foto: Bj\u00f8rn Langsem \/ Dagbladet\" alt=\"\" class=\"\" style=\"--aspect-ratio-image: 1.49; \"\/><\/p>\n<p>\n          Foto: Bj\u00f8rn Langsem \/ Dagbladet\n      <\/p>\n<p>Like f\u00f8r klokka 11:30 er det Andreassens tur til \u00e5 snakke i retten.<\/p>\n<p>&#8211; Alt var der da jeg kj\u00f8pte i 1992, og jeg kj\u00f8pte i god tro, sier Andreassen om det hun omtaler som\u00a0\u00absitt paradis\u00bb p\u00e5 Br\u00f8nn\u00f8ya.<\/p>\n<p>Hun beskriver henvendelsen i 2012 som \u00aboverraskende\u00bb.<\/p>\n<p>        AVSL\u00d8RER: S\u00f8strene Gry Lofsberg og Nina Pedersen Ellevog r\u00f8per at \u00abCharterfeber\u00bb ikke alltid er helt slik det ser ut p\u00e5 TV. Video: Stian Ludvigsen \/ Kine Falch<\/p>\n<p class=\"font-weight-bold m-font-weight-bold\" data-lab-font_weight=\"font-weight-bold\">&#8211; Hytter i Norge &#8211;\u00a0 alle har jo en bod. Man har en bod for praktiske ting. Det er veldig rart \u00e5 h\u00f8re retten beskrive med paragrafer og regler v\u00e5rt liv som vi har p\u00e5 Br\u00f8nn\u00f8ya. Vi bor der og vi elsker dette stedet, og det er veldig belastende \u00e5 h\u00f8re, sier Andreassen, mens hun titter bort p\u00e5 naboer som har m\u00f8tt opp i retten for \u00e5 vise sin st\u00f8tte.<\/p>\n<p>          <img loading=\"lazy\" decoding=\"async\" src=\"https:\/\/www.europesays.com\/no\/wp-content\/uploads\/2025\/11\/83893541.webp\" width=\"686\" height=\"460\" title=\"VISER SIN ST\u00d8TTE: Andreassen sammen med Br\u00f8nn\u00f8ya-naboer, som har m\u00f8tt opp for \u00e5 vise sin st\u00f8tte til artisten. Foto: Bj\u00f8rn Langsem \/ Dagbladet\" alt=\"\" class=\"\" style=\"--aspect-ratio-image: 1.49; \"\/><\/p>\n<p>\n          VISER SIN ST\u00d8TTE: Andreassen sammen med Br\u00f8nn\u00f8ya-naboer, som har m\u00f8tt opp for \u00e5 vise sin st\u00f8tte til artisten. Foto: Bj\u00f8rn Langsem \/ Dagbladet\n      <\/p>\n<p>&#8211; Jeg er veldig opptatt av rettferdighet. Jeg vil gj\u00f8re alt riktig, jeg er et ordentlig menneske og er godt oppdratt. For Tor (Andreassen, avd\u00f8d ektemann red.anm.) og meg var det viktig \u00e5 gj\u00f8re alt riktig, og vi kunne ikke ane at dette skulle bli en s\u00e5 vanvittig sak over s\u00e5 mange \u00e5r.\u00a0<\/p>\n<p>          <img loading=\"lazy\" decoding=\"async\" src=\"https:\/\/www.europesays.com\/no\/wp-content\/uploads\/2025\/11\/83893239.webp\" width=\"686\" height=\"1029\" title=\"VILLE GJ\u00d8RE DET RIKTIG: Elisabeth Andreassen og ektemannen Tor var opptatt av hytta, forteller hun i retten. Tor gikk bort i 2016, etter et hjerteinfarkt p\u00e5 hytta p\u00e5 Br\u00f8nn\u00f8ya. Her er de i 2009. Foto: NTB\" alt=\"\" class=\"\" style=\"--aspect-ratio-image: 0.67; \"\/><\/p>\n<p>\n          VILLE GJ\u00d8RE DET RIKTIG: Elisabeth Andreassen og ektemannen Tor var opptatt av hytta, forteller hun i retten. Tor gikk bort i 2016, etter et hjerteinfarkt p\u00e5 hytta p\u00e5 Br\u00f8nn\u00f8ya. Her er de i 2009. Foto: NTB\n      <\/p>\n<p class=\"font-weight-bold m-font-weight-bold\" data-lab-font_weight=\"font-weight-bold\">Artisten beskriver hvor belastende og vanskelig saken har v\u00e6rt for henne, b\u00e5de psykisk, men ogs\u00e5 \u00f8konomisk. Saken har blant annet g\u00e5tt hardt utover sparekontoen.\u00a0<\/p>\n<p>&#8211; Det er boden som er viktigst for meg. Hvis jeg ikke har den boden vet jeg nesten ikke hva jeg skal gj\u00f8re, fordi det er langt opp til hytta fra boden. Vi m\u00e5 ha den praktisk sett, forklarer artisten, som har tatt med seg bilder av det hun har i boden for \u00e5 kunne vise hvor n\u00f8dvendig den er.<\/p>\n<p>    <a itemprop=\"url\" href=\"https:\/\/www.dagbladet.no\/kjendis\/forarsaker-mye-elendighet\/83878749\" rel=\"nofollow noopener\" target=\"_blank\"><\/p>\n<p>      <img loading=\"lazy\" decoding=\"async\" src=\"https:\/\/www.europesays.com\/no\/wp-content\/uploads\/2025\/11\/1764068917_627_83878757.webp\" width=\"980\" height=\"441\" title=\"- For\u00e5rsaker mye elendighet\" alt=\"\" class=\"lazyload\" style=\"--aspect-ratio-image: 2.22; \"\/><\/p>\n<p>        &#8211; For\u00e5rsaker mye elendighet<\/p>\n<p>    <\/a><\/p>\n<p>Hun trekker ogs\u00e5 fram at hun i l\u00f8pet av striden aldri har kommentert saken overfor pressen, da hun ikke \u00f8nsker den oppmerksomheten.<\/p>\n","protected":false},"excerpt":{"rendered":"Elisabeth \u00abBettan\u00bb Andreassen: Elisabeth \u00abBettan\u00bb Andreassen har hyret inn Elden, og m\u00f8ter denne uka i retten p\u00e5 grunn&hellip;\n","protected":false},"author":2,"featured_media":96198,"comment_status":"","ping_status":"","sticky":false,"template":"","format":"standard","meta":{"footnotes":""},"categories":[58],"tags":[5475,71,12421,479,394,30,28,29,72],"class_list":{"0":"post-96197","1":"post","2":"type-post","3":"status-publish","4":"format-standard","5":"has-post-thumbnail","7":"category-underholdning","8":"tag-elisabeth-andreassen","9":"tag-entertainment","10":"tag-i-retten","11":"tag-kjendis","12":"tag-konflikt","13":"tag-no","14":"tag-norge","15":"tag-norway","16":"tag-underholdning"},"share_on_mastodon":{"url":"https:\/\/pubeurope.com\/@no\/115610026569862169","error":""},"_links":{"self":[{"href":"https:\/\/www.europesays.com\/no\/wp-json\/wp\/v2\/posts\/96197","targetHints":{"allow":["GET"]}}],"collection":[{"href":"https:\/\/www.europesays.com\/no\/wp-json\/wp\/v2\/posts"}],"about":[{"href":"https:\/\/www.europesays.com\/no\/wp-json\/wp\/v2\/types\/post"}],"author":[{"embeddable":true,"href":"https:\/\/www.europesays.com\/no\/wp-json\/wp\/v2\/users\/2"}],"replies":[{"embeddable":true,"href":"https:\/\/www.europesays.com\/no\/wp-json\/wp\/v2\/comments?post=96197"}],"version-history":[{"count":0,"href":"https:\/\/www.europesays.com\/no\/wp-json\/wp\/v2\/posts\/96197\/revisions"}],"wp:featuredmedia":[{"embeddable":true,"href":"https:\/\/www.europesays.com\/no\/wp-json\/wp\/v2\/media\/96198"}],"wp:attachment":[{"href":"https:\/\/www.europesays.com\/no\/wp-json\/wp\/v2\/media?parent=96197"}],"wp:term":[{"taxonomy":"category","embeddable":true,"href":"https:\/\/www.europesays.com\/no\/wp-json\/wp\/v2\/categories?post=96197"},{"taxonomy":"post_tag","embeddable":true,"href":"https:\/\/www.europesays.com\/no\/wp-json\/wp\/v2\/tags?post=96197"}],"curies":[{"name":"wp","href":"https:\/\/api.w.org\/{rel}","templated":true}]}}