{"id":96234,"date":"2025-11-25T12:00:35","date_gmt":"2025-11-25T12:00:35","guid":{"rendered":"https:\/\/www.europesays.com\/no\/96234\/"},"modified":"2025-11-25T12:00:35","modified_gmt":"2025-11-25T12:00:35","slug":"the-wall-street-journal-marjorie-taylor-greene-blir-en-utfordring-for-jd-vance-i-2028","status":"publish","type":"post","link":"https:\/\/www.europesays.com\/no\/96234\/","title":{"rendered":"The Wall Street Journal: \u2013 Marjorie Taylor Greene blir en utfordring for JD Vance i 2028"},"content":{"rendered":"<p><b>Dette skriver utenlandske aviser p\u00e5 lederplass<\/b><\/p>\n<p><b><a href=\"https:\/\/www.wsj.com\/opinion\/the-meaning-of-marjorie-taylor-greene-1face47f?mod=opinion_lead_pos2\" target=\"_blank\" rel=\"nofollow noopener\">The Wall Street Journal<\/a><\/b><\/p>\n<p>Marjorie Taylor Greene har trukket seg br\u00e5tt fra Kongressen. Hun kommer neppe til \u00e5 forsvinne ut i stillheten, og det vil nok JD Vance f\u00e5 erfare i 2028. Det illustrerer utfordringen med \u00e5 holde Trump-koalisjonen samlet etter hvert som perioden skrider frem.<\/p>\n<p>Ta for eksempel dette utsagnet fra videoen hun spilte inn for \u00e5 kunngj\u00f8re ved \u00e5rsskiftet:<\/p>\n<p>\u00abHvis jeg blir skj\u00f8vet til side av presidenten og MAGA-maskineriet og erstattet av neocons, Big Pharma, Big Tech, det milit\u00e6rindustrielle krigskomplekset, utenlandske ledere og den elitistiske donorklassen som aldri, aldri kan relatere til ekte amerikanere, da er ogs\u00e5 mange vanlige amerikanere blitt skj\u00f8vet til side og erstattet.\u00bb<\/p>\n<p>Der har du hele den n\u00e6ringsfiendtlige, isolasjonistiske fl\u00f8yen av MAGA-bevegelsen i full blomst. Selskaper er onde og m\u00e5 politisk kontrolleres. Tilhengere av \u00f8kte forsvarsbudsjetter er krigsprofit\u00f8rer. Donorer til Det republikanske partiet, er ikke ekte amerikanere,\u00a0i hvert fall om de ikke gir til henne.<\/p>\n<p>Disse holdningene gjenspeiler ikke den dominerende oppfatningen innen GOP, langt mindre i landet som helhet. Men de b\u00e6res frem av en h\u00f8ylytt fl\u00f8y i partiet som har f\u00e5tt st\u00f8rre innflytelse med Trump som president.\u00a0<\/p>\n<p>Stemmer p\u00e5 den isolasjonistiske h\u00f8yresiden vil bli enda mer h\u00f8yr\u00f8stede, slik vi har sett med Tucker Carlsons angrep p\u00e5 pro-Israel-republikanere som Ted Cruz.<\/p>\n<p>Vance har jobbet hardt for \u00e5 holde MTG\u2013Carlson-fl\u00f8yen p\u00e5 sin side, men slike krefter er ikke lette \u00e5 kontrollere n\u00e5r de f\u00f8rst er sluppet l\u00f8s. De kan heller ikke styre landet.<\/p>\n<p><img decoding=\"async\" class=\"lazyload \" src=\"https:\/\/www.europesays.com\/no\/wp-content\/uploads\/2025\/11\/1764072035_942_pipe\"  data- alt=\"\"\/><\/p>\n<p>STILLER TROLIG I 2028: Visepresident JD Vance. <strong>Foto: NTB<\/strong><\/p>\n<p><b style=\"font-size: 1.2em; letter-spacing: 0.011em;\"><a href=\"https:\/\/www.ft.com\/content\/9a9ed041-f0d6-425c-b050-1db488b4ef87\" target=\"_blank\" rel=\"nofollow noopener\">Financial Times<\/a><\/b><\/p>\n<p>Innenriksdepartementet vil forby eiere og operat\u00f8rer av kritisk nasjonal infrastruktur \u00e5 betale l\u00f8sepenger til hackere. Cyberkriminalitet er et enormt og voksende problem. Men et lovforbud mot l\u00f8sepenger kan f\u00e5 utilsiktede konsekvenser.<\/p>\n<p><b><a href=\"https:\/\/www.welt.de\/debatte\/plus6922f40d18b978b3b9f5608e\/ukraine-plan-auch-bei-uns-gehen-bosheit-und-dummheit-hand-in-hand.html\" target=\"_blank\" rel=\"nofollow noopener\">Die Welt<\/a><\/b><\/p>\n<p>Russerne har klart \u00e5 lure Donald Trump til \u00e5 ta imot et dokument som s\u00e5kalt fredsplan for Ukraina. P\u00e5standen kommer ikke fra sp\u00f8kefugler p\u00e5 nettet, men fra to amerikanske senatorer, \u00e9n av dem fra Trumps eget parti. Det er fristende \u00e5 le av denne amat\u00f8rskapen p\u00e5 aller h\u00f8yeste niv\u00e5.<\/p>\n<p><b><a href=\"https:\/\/www.di.se\/ledare\/ta-inte-svenskt-flyg-for-givet\/\" target=\"_blank\" rel=\"nofollow noopener\">Dagens Industri<\/a><\/b><\/p>\n<p>For Arlanda og hele Nord-Sverige er det uheldig at SAS \u00f8ker avgangene fra Arlanda og Landvetter til Kastrup fremfor \u00e5 \u00e5pne nye direkteruter ut i verden. Men i stedet for \u00e5 s\u00f8rge over konsekvensene av SAS-rekonstruksjonen b\u00f8r vi bruke kreftene p\u00e5 \u00e5 finne ut hvordan tomrommet skal fylles.<\/p>\n","protected":false},"excerpt":{"rendered":"Dette skriver utenlandske aviser p\u00e5 lederplass The Wall Street Journal Marjorie Taylor Greene har trukket seg br\u00e5tt fra&hellip;\n","protected":false},"author":2,"featured_media":96235,"comment_status":"","ping_status":"","sticky":false,"template":"","format":"standard","meta":{"footnotes":""},"categories":[5],"tags":[20,21,24,25,15,19,22,23,17,18,13,30,28,29,14,16,26,27],"class_list":{"0":"post-96234","1":"post","2":"type-post","3":"status-publish","4":"format-standard","5":"has-post-thumbnail","7":"category-overskrifter","8":"tag-breaking-news","9":"tag-breakingnews","10":"tag-featured-news","11":"tag-featurednews","12":"tag-headlines","13":"tag-hovedoppslag","14":"tag-latest-news","15":"tag-latestnews","16":"tag-main-news","17":"tag-mainnews","18":"tag-news","19":"tag-no","20":"tag-norge","21":"tag-norway","22":"tag-nyheter","23":"tag-overskrifter","24":"tag-top-stories","25":"tag-topstories"},"share_on_mastodon":{"url":"https:\/\/pubeurope.com\/@no\/115610230783795768","error":""},"_links":{"self":[{"href":"https:\/\/www.europesays.com\/no\/wp-json\/wp\/v2\/posts\/96234","targetHints":{"allow":["GET"]}}],"collection":[{"href":"https:\/\/www.europesays.com\/no\/wp-json\/wp\/v2\/posts"}],"about":[{"href":"https:\/\/www.europesays.com\/no\/wp-json\/wp\/v2\/types\/post"}],"author":[{"embeddable":true,"href":"https:\/\/www.europesays.com\/no\/wp-json\/wp\/v2\/users\/2"}],"replies":[{"embeddable":true,"href":"https:\/\/www.europesays.com\/no\/wp-json\/wp\/v2\/comments?post=96234"}],"version-history":[{"count":0,"href":"https:\/\/www.europesays.com\/no\/wp-json\/wp\/v2\/posts\/96234\/revisions"}],"wp:featuredmedia":[{"embeddable":true,"href":"https:\/\/www.europesays.com\/no\/wp-json\/wp\/v2\/media\/96235"}],"wp:attachment":[{"href":"https:\/\/www.europesays.com\/no\/wp-json\/wp\/v2\/media?parent=96234"}],"wp:term":[{"taxonomy":"category","embeddable":true,"href":"https:\/\/www.europesays.com\/no\/wp-json\/wp\/v2\/categories?post=96234"},{"taxonomy":"post_tag","embeddable":true,"href":"https:\/\/www.europesays.com\/no\/wp-json\/wp\/v2\/tags?post=96234"}],"curies":[{"name":"wp","href":"https:\/\/api.w.org\/{rel}","templated":true}]}}