{"id":96246,"date":"2025-11-25T12:21:12","date_gmt":"2025-11-25T12:21:12","guid":{"rendered":"https:\/\/www.europesays.com\/no\/96246\/"},"modified":"2025-11-25T12:21:12","modified_gmt":"2025-11-25T12:21:12","slug":"politiet-etterforsker-barnevernet-i-oygarden-kommune-etter-at-tina-milena-solberg-ble-drept-nrk-vestland","status":"publish","type":"post","link":"https:\/\/www.europesays.com\/no\/96246\/","title":{"rendered":"Politiet etterforsker barnevernet i \u00d8ygarden kommune etter at Tina Milena Solberg ble drept \u2013 NRK Vestland"},"content":{"rendered":"<p><a href=\"https:\/\/www.nrk.no\/vestland\/tina-milena-solberg-_33_-ble-drept_-bestevenninnen-irene-forteller-om-siste-gang-hun-sa-henne-1.17658879\" ec-id=\"pp:article:1.17658879\" ec-name=\"Tina Milena Solberg (33) ble drept\" rel=\"nofollow noopener\" target=\"_blank\">Tina Milena Solberg (33) ble drept<\/a> 7. januar 2024 i \u00d8ygarden utenfor Bergen.<\/p>\n<p>Hennes tidligere samboer og <a href=\"https:\/\/www.nrk.no\/vestland\/tina-milena-solberg-_33_-ble-drept-i-oygarden_-aktor-viser-frem-bilder-av-barnerom-i-retten-1.17655189\" ec-id=\"pp:article:1.17655189\" ec-name=\"far til hennes to barn har erkjent drap og likskjending\" rel=\"nofollow noopener\" target=\"_blank\">far til hennes to barn har erkjent drap og likskjending<\/a>, men nekter for \u00e5 ha mishandlet barna.<\/p>\n<p>Mishandlingsposten skyldes b\u00e5de at de to barna if\u00f8lge politiet ble delvis vitner til henholdsvis opptakten til og selve drapshandlingen, men ogs\u00e5 det politiet mener er <a href=\"https:\/\/www.nrk.no\/vestland\/tina-milena-solberg-_33_-ble-drept-pa-et-av-barnas-rom_-barna-fortalte-om-en-oppvekst-preget-av-vold-1.17660481\" ec-id=\"pp:article:1.17660481\" ec-name=\"\u00e5revis med psykisk og fysisk vold.\" rel=\"nofollow noopener\" target=\"_blank\">\u00e5revis med psykisk og fysisk vold.<\/a><\/p>\n<p><strong>\u2013 Han l\u00f8ser alt med vold mot folk som er svakere enn han selv.<\/strong><\/p>\n<p>Det sa et av barna i tilrettelagte avh\u00f8r til politiet, dagen etter moren var blitt drept.<\/p>\n<p>I \u00e5rene f\u00f8r drapet fikk barnevernet i \u00d8ygarden flere bekymringsmeldinger om vold mot barna, men br\u00f8t plikten for \u00e5 verne dem. Det konkluderte <a href=\"https:\/\/www.nrk.no\/vestland\/statsforvalteren-med-knusende-kritikk-av-barnevernstjeneste-etter-drap-i-vestlandskommune-1.17205208\" ec-id=\"pp:article:1.17205208\" ec-name=\"Statsforvalteren i Vestland med i sin tilsynssak tidligere i \u00e5r\" rel=\"nofollow noopener\" target=\"_blank\">Statsforvalteren i Vestland med i sin tilsynssak tidligere i \u00e5r<\/a>.<\/p>\n<p>Statsforvalteren anmeldte derfor \u00d8ygarden kommune. N\u00e5 ligger saken p\u00e5 bordet til politiadvokat Kristina Munkefjord.<\/p>\n<p><a href=\"https:\/\/www.bt.no\/krim\/i\/y51GnE\/politiet-etterforsker-barnevernet-i-oeygarden\" ec-id=\"https:\/\/www.bt.no\/krim\/i\/y51GnE\/politiet-etterforsker-barnevernet-i-oeygarden\" ec-name=\"BT\" rel=\"nofollow noopener\" target=\"_blank\">BT<\/a> omtalte saken f\u00f8rst.<\/p>\n<p>\u2013 For tidlig \u00e5 utelukke<\/p>\n<p>Munkefjord leder politiets etterforskning.<\/p>\n<p>\u2013 \u00d8ygarden kommune ved barnevernstjenesten er anmeldt for brudd p\u00e5 straffeloven \u00a7172, som gjelder grov uaktsom tjenestefeil, sier Munkejord og forklarer:<\/p>\n<p><strong>\u2013 Statsforvalteren, som har anmeldt kommunen, mener at ingen har gjort noe med vilje, men at det har v\u00e6rt en systemsvikt n\u00e5r det gjelder \u00e5 gi hjelp til barna b\u00e5de f\u00f8r og etter drapet.<\/strong><\/p>\n<p>Strafferammen er fengsel i inntil ett \u00e5r, eller bot. Kommunen har n\u00e5 mistenkt status.<\/p>\n<p>\u2013 Kommunen kan selvsagt ikke selv f\u00e5 fengsel, men det er for tidlig i etterforskningen til utelukke at noen personer kan bli holdt ansvarlige, sier Munkejord.<\/p>\n<p>Politiadvokaten legger til at etterforskningen er i innledende fase og at de snart vil starte avh\u00f8r av folk.<\/p>\n<p>Familien har flyttet mellom kommunegrenser i \u00e5rene f\u00f8r drapet. P\u00e5 sp\u00f8rsm\u00e5l fra NRK om hvorfor ikke andre kommuner eller barnevernstjenester er anmeldt, viser politiadvokaten til foreldelsesfristen.<\/p>\n<p>\u2013 Forhold som har skjedd f\u00f8r januar 2022 vil v\u00e6re for gammel for \u00e5 kunne bli anmeldt.<\/p>\n<p>\u2013 Sviktet p\u00e5 alle plan<\/p>\n<p>Bistandsadvokat Cecilie Wallevik representerer de to barna, som er i barneskolealder.<\/p>\n<p>Til NRK forteller Wallevik at hun synes det er bra at politiet n\u00e5 etterforsker kommunen.<\/p>\n<p>\u2013 Det er viktig \u00e5 g\u00e5 grundig til verks n\u00e5r det har f\u00e5tt s\u00e5 store konsekvenser for barna. Det hjelper dessverre ikke disse barna n\u00e5, men jeg h\u00e5per at systemet blir forbedret.<\/p>\n<p><img decoding=\"async\"   src=\"data:image\/gif;base64,R0lGODlhAQABAIAAAAAAAP\/\/\/yH5BAEAAAAALAAAAAABAAEAAAIBRAA7\" loading=\"eager\" alt=\"Bistandsadvokat Cecilie Wallevik\" title=\"Foto: Oskar Rennedal \/ NRK\"\/><\/p>\n<p class=\"\">Bistandsadvokat Cecilie Wallevik representerer de to barna.<\/p>\n<p>Foto: Oskar Rennedal \/ NRK<\/p>\n<p>Wallevik peker p\u00e5 mangel p\u00e5 tiltak fra kommunen b\u00e5de f\u00f8r og etter drapet.<\/p>\n<p>\u2013 Det skulle v\u00e6rt satt i gang tiltak som hadde beskyttet dem. Kommunen skulle ha grepet inn for lenge siden. Da drapet skjedde etterlyste b\u00e5de jeg og verge flere akuttvedtak fra kommunen, men ingenting skjedde, sier Wallevik og legger til:<\/p>\n<p><strong>\u2013 De to barna er sviktet av det offentlige p\u00e5 alle plan. De har ikke blitt tatt p\u00e5 alvor.<\/strong><\/p>\n<p>Dette svarer kommunen<\/p>\n<p>Ordf\u00f8rer i \u00d8ygarden kommune, Tom Georg Indrevik (H), sier til NRK at han har v\u00e6rt kjent med anmeldelsen en tid.<\/p>\n<p>\u2013 Dette er sv\u00e6rt alvorlig. Dette er en tilsynsrapport vi fikk i fjor, som har f\u00f8rt til endringer for \u00e5 unng\u00e5 lignende situasjoner, sier Indrevik.<\/p>\n<p><img decoding=\"async\"   src=\"data:image\/gif;base64,R0lGODlhAQABAIAAAAAAAP\/\/\/yH5BAEAAAAALAAAAAABAAEAAAIBRAA7\" loading=\"eager\" alt=\"Ordf\u00f8rar Tom Georg Indrevik, kledd i dress\" title=\"Foto: Dina Nyb\u00f8 Olavsen \/ NRK\"\/><\/p>\n<p class=\"\">Ordf\u00f8rer i \u00d8ygarden kommune, Tom Georg Indrevik. <\/p>\n<p>Foto: Dina Nyb\u00f8 Olavsen \/ NRK<\/p>\n<p>Indrevik forteller videre at alle avvik i rapporten n\u00e5 er lukket, og at saken h\u00e5ndteres videre av politiet.<\/p>\n<p>    Hei<\/p>\n<p>Takk for at du leste saken. Har du tanker eller tips til denne saken, eller om noe annet?\u00a0<\/p>\n<p>Send meg gjerne en e-post: erica.kronheim@nrk.no\u00a0<\/p>\n<p>Publisert<\/p>\n<p>25.11.2025, kl. 12.23<\/p>\n<p>Oppdatert<\/p>\n<p>25.11.2025, kl. 12.48<\/p>\n","protected":false},"excerpt":{"rendered":"Tina Milena Solberg (33) ble drept 7. januar 2024 i \u00d8ygarden utenfor Bergen. Hennes tidligere samboer og far&hellip;\n","protected":false},"author":2,"featured_media":96247,"comment_status":"","ping_status":"","sticky":false,"template":"","format":"standard","meta":{"footnotes":""},"categories":[10],"tags":[20,21,24,25,15,22,23,13,30,28,29,14,16,26,27],"class_list":{"0":"post-96246","1":"post","2":"type-post","3":"status-publish","4":"format-standard","5":"has-post-thumbnail","7":"category-norge","8":"tag-breaking-news","9":"tag-breakingnews","10":"tag-featured-news","11":"tag-featurednews","12":"tag-headlines","13":"tag-latest-news","14":"tag-latestnews","15":"tag-news","16":"tag-no","17":"tag-norge","18":"tag-norway","19":"tag-nyheter","20":"tag-overskrifter","21":"tag-top-stories","22":"tag-topstories"},"share_on_mastodon":{"url":"https:\/\/pubeurope.com\/@no\/115610313207964620","error":""},"_links":{"self":[{"href":"https:\/\/www.europesays.com\/no\/wp-json\/wp\/v2\/posts\/96246","targetHints":{"allow":["GET"]}}],"collection":[{"href":"https:\/\/www.europesays.com\/no\/wp-json\/wp\/v2\/posts"}],"about":[{"href":"https:\/\/www.europesays.com\/no\/wp-json\/wp\/v2\/types\/post"}],"author":[{"embeddable":true,"href":"https:\/\/www.europesays.com\/no\/wp-json\/wp\/v2\/users\/2"}],"replies":[{"embeddable":true,"href":"https:\/\/www.europesays.com\/no\/wp-json\/wp\/v2\/comments?post=96246"}],"version-history":[{"count":0,"href":"https:\/\/www.europesays.com\/no\/wp-json\/wp\/v2\/posts\/96246\/revisions"}],"wp:featuredmedia":[{"embeddable":true,"href":"https:\/\/www.europesays.com\/no\/wp-json\/wp\/v2\/media\/96247"}],"wp:attachment":[{"href":"https:\/\/www.europesays.com\/no\/wp-json\/wp\/v2\/media?parent=96246"}],"wp:term":[{"taxonomy":"category","embeddable":true,"href":"https:\/\/www.europesays.com\/no\/wp-json\/wp\/v2\/categories?post=96246"},{"taxonomy":"post_tag","embeddable":true,"href":"https:\/\/www.europesays.com\/no\/wp-json\/wp\/v2\/tags?post=96246"}],"curies":[{"name":"wp","href":"https:\/\/api.w.org\/{rel}","templated":true}]}}