{"id":96275,"date":"2025-11-25T12:50:22","date_gmt":"2025-11-25T12:50:22","guid":{"rendered":"https:\/\/www.europesays.com\/no\/96275\/"},"modified":"2025-11-25T12:50:22","modified_gmt":"2025-11-25T12:50:22","slug":"stenseng-svarer-pa-sporsmal-om-vm-keeper-haikin","status":"publish","type":"post","link":"https:\/\/www.europesays.com\/no\/96275\/","title":{"rendered":"Stenseng svarer p\u00e5 sp\u00f8rsm\u00e5l om VM-keeper Haikin"},"content":{"rendered":"<p>    FOTBALL: Representant for H\u00f8gre ber om hastebehandling for VM-aktuell keeper. No har Kjersti Stenseng (Ap) svara.\u00a0<\/p>\n<p>\n        AKTUELL: M\u00e5lvakt Nikita Haikin er aktuell for det norske herrelandslaget i fotball. D\u00e5 treng han norsk statsborgarskap.<br \/>\n        Fredrik Varfjell\n    <\/p>\n<p>                Bestill abonnement her<\/p>\n<p>\n                    <a class=\"lab-paywall-teaser-offer-button\" href=\"http:\/\/kampanje.vl.no\/betalingsmur\" rel=\"nofollow noopener\" target=\"_blank\">KJ\u00d8P<\/a>\n                <\/p>\n","protected":false},"excerpt":{"rendered":"FOTBALL: Representant for H\u00f8gre ber om hastebehandling for VM-aktuell keeper. No har Kjersti Stenseng (Ap) svara.\u00a0 AKTUELL: M\u00e5lvakt&hellip;\n","protected":false},"author":2,"featured_media":96276,"comment_status":"","ping_status":"","sticky":false,"template":"","format":"standard","meta":{"footnotes":""},"categories":[59],"tags":[30,28,29,83,82],"class_list":{"0":"post-96275","1":"post","2":"type-post","3":"status-publish","4":"format-standard","5":"has-post-thumbnail","7":"category-sport","8":"tag-no","9":"tag-norge","10":"tag-norway","11":"tag-sport","12":"tag-sports"},"share_on_mastodon":{"url":"https:\/\/pubeurope.com\/@no\/115610427291772071","error":""},"_links":{"self":[{"href":"https:\/\/www.europesays.com\/no\/wp-json\/wp\/v2\/posts\/96275","targetHints":{"allow":["GET"]}}],"collection":[{"href":"https:\/\/www.europesays.com\/no\/wp-json\/wp\/v2\/posts"}],"about":[{"href":"https:\/\/www.europesays.com\/no\/wp-json\/wp\/v2\/types\/post"}],"author":[{"embeddable":true,"href":"https:\/\/www.europesays.com\/no\/wp-json\/wp\/v2\/users\/2"}],"replies":[{"embeddable":true,"href":"https:\/\/www.europesays.com\/no\/wp-json\/wp\/v2\/comments?post=96275"}],"version-history":[{"count":0,"href":"https:\/\/www.europesays.com\/no\/wp-json\/wp\/v2\/posts\/96275\/revisions"}],"wp:featuredmedia":[{"embeddable":true,"href":"https:\/\/www.europesays.com\/no\/wp-json\/wp\/v2\/media\/96276"}],"wp:attachment":[{"href":"https:\/\/www.europesays.com\/no\/wp-json\/wp\/v2\/media?parent=96275"}],"wp:term":[{"taxonomy":"category","embeddable":true,"href":"https:\/\/www.europesays.com\/no\/wp-json\/wp\/v2\/categories?post=96275"},{"taxonomy":"post_tag","embeddable":true,"href":"https:\/\/www.europesays.com\/no\/wp-json\/wp\/v2\/tags?post=96275"}],"curies":[{"name":"wp","href":"https:\/\/api.w.org\/{rel}","templated":true}]}}