{"id":96287,"date":"2025-11-25T13:01:08","date_gmt":"2025-11-25T13:01:08","guid":{"rendered":"https:\/\/www.europesays.com\/no\/96287\/"},"modified":"2025-11-25T13:01:08","modified_gmt":"2025-11-25T13:01:08","slug":"russland-flytter-16-strategiske-bombefly-naer-norge","status":"publish","type":"post","link":"https:\/\/www.europesays.com\/no\/96287\/","title":{"rendered":"Russland flytter 16 strategiske bombefly n\u00e6r Norge"},"content":{"rendered":"<p>    Den formidable luftstyrken skal allerede ha blitt flyttet fra Sibir til Kolahalv\u00f8ya. Norsk ekspert betegner styrkeoverf\u00f8ringen som oppsiktsvekkende.<\/p>\n<p>\n        Russiske Tu-22M-3 langtrekkende bombefly flyr under milit\u00e6rparaden p\u00e5 Seiersdagen p\u00e5 Den r\u00f8de plass i Moskva,<br \/>\n        AP \/ NTB\n    <\/p>\n<p>\u2013 Det har aldri skjedd f\u00f8r at Russland har flyttet s\u00e5 mange av disse flyene over en s\u00e5 stor distanse, sier f\u00f8rsteamanuensis og luftmaktsekspert Lars Peder Haga ved Luftkrigsskolen, til <a href=\"https:\/\/www.aftenposten.no\/verden\/i\/8plxVG\/russland-flytter-16-bombefly-fra-sibir-til-base-rett-ved-grensen-til-norge-har-aldri-skjedd-foer\" rel=\"nofollow noopener\" target=\"_blank\">Aftenposten.<\/a><\/p>\n<p>If\u00f8lge ukrainske milit\u00e6rbloggere skal til sammen 16 bombefly av typen Tupolev Tu-22M ha blitt utplassert p\u00e5 Olenja flybase p\u00e5 Kolahalv\u00f8ya, f\u00e5 mil fra norskegrensen i Finnmark.<\/p>\n<p>Flere monitor-kontoer p\u00e5 X og Telegram rapporterer om det samme. Disse kildene baserer sine opplysninger p\u00e5 NOTAM-varsler til sivil lufttrafikk, og russiske kilder.<\/p>\n<p>To tredjedeler i h\u00f8y beredskap<\/p>\n<p> Tupolev Tu-22M, som i Nato-terminologi omtales som \u00abBackfire\u00bb, er et supersonisk, langtrekkende strategisk og maritimt angrepsbombefly. <\/p>\n<p>I 2024 hadde det russiske luftforsvaret 57 fly av denne typen i tjeneste, if\u00f8lge 2024-rapporten om milit\u00e6rbalanse fra <a href=\"https:\/\/en.wikipedia.org\/wiki\/Russian_Air_Force\" rel=\"nofollow noopener\" target=\"_blank\">International Institute for Strategic Studies<\/a>. I 2023 anslo <a href=\"https:\/\/en.wikipedia.org\/wiki\/Main_Directorate_of_Intelligence_(Ukraine)\" rel=\"nofollow noopener\" target=\"_blank\">Ukrainas hoveddirektorat for etterretning<\/a> at Russland bare hadde 27 fly i operativ stand. Flere av flyene er satt ut av spill etter ukrainske droneangrep og sabotasjeaksjoner.<\/p>\n<p>Det betyr i s\u00e5 fall at to tredjedeler av Putins samlede fl\u00e5te av Tu-22M3 n\u00e5 befinner seg p\u00e5 Kolahalv\u00f8ya, skriver Aftenposten.<\/p>\n<p>Skal trolig angripe Ukraina<\/p>\n<p>Den norske luftfartseksperten antar at de strategiske bombeflyene skal settes inn i nye bombetokt mot ukrainske m\u00e5l i tiden som kommer.<\/p>\n<p>Flyene er utstyrt med supersoniske missiler, og har en rekke ganger p\u00e5f\u00f8rt ukrainske milit\u00e6re og sivile m\u00e5l omfattende skader. Blant annet er energisektoren mange steder satt ut av spill.<\/p>\n<p>Det har ikke kommet offisielle uttalelserfra Russland om den markante forflytningen av bombefly. Nato har heller ikke kommentert den nye, massive styrkeoppbyggingen i nord n\u00e6r Natos yttergrense.<\/p>\n","protected":false},"excerpt":{"rendered":"Den formidable luftstyrken skal allerede ha blitt flyttet fra Sibir til Kolahalv\u00f8ya. Norsk ekspert betegner styrkeoverf\u00f8ringen som oppsiktsvekkende.&hellip;\n","protected":false},"author":2,"featured_media":96288,"comment_status":"","ping_status":"","sticky":false,"template":"","format":"standard","meta":{"footnotes":""},"categories":[12],"tags":[20,21,24,25,15,22,23,13,30,28,29,14,16,26,27,42,43,44,45],"class_list":{"0":"post-96287","1":"post","2":"type-post","3":"status-publish","4":"format-standard","5":"has-post-thumbnail","7":"category-verden","8":"tag-breaking-news","9":"tag-breakingnews","10":"tag-featured-news","11":"tag-featurednews","12":"tag-headlines","13":"tag-latest-news","14":"tag-latestnews","15":"tag-news","16":"tag-no","17":"tag-norge","18":"tag-norway","19":"tag-nyheter","20":"tag-overskrifter","21":"tag-top-stories","22":"tag-topstories","23":"tag-verden","24":"tag-world","25":"tag-world-news","26":"tag-worldnews"},"share_on_mastodon":{"url":"https:\/\/pubeurope.com\/@no\/115610470705252180","error":""},"_links":{"self":[{"href":"https:\/\/www.europesays.com\/no\/wp-json\/wp\/v2\/posts\/96287","targetHints":{"allow":["GET"]}}],"collection":[{"href":"https:\/\/www.europesays.com\/no\/wp-json\/wp\/v2\/posts"}],"about":[{"href":"https:\/\/www.europesays.com\/no\/wp-json\/wp\/v2\/types\/post"}],"author":[{"embeddable":true,"href":"https:\/\/www.europesays.com\/no\/wp-json\/wp\/v2\/users\/2"}],"replies":[{"embeddable":true,"href":"https:\/\/www.europesays.com\/no\/wp-json\/wp\/v2\/comments?post=96287"}],"version-history":[{"count":0,"href":"https:\/\/www.europesays.com\/no\/wp-json\/wp\/v2\/posts\/96287\/revisions"}],"wp:featuredmedia":[{"embeddable":true,"href":"https:\/\/www.europesays.com\/no\/wp-json\/wp\/v2\/media\/96288"}],"wp:attachment":[{"href":"https:\/\/www.europesays.com\/no\/wp-json\/wp\/v2\/media?parent=96287"}],"wp:term":[{"taxonomy":"category","embeddable":true,"href":"https:\/\/www.europesays.com\/no\/wp-json\/wp\/v2\/categories?post=96287"},{"taxonomy":"post_tag","embeddable":true,"href":"https:\/\/www.europesays.com\/no\/wp-json\/wp\/v2\/tags?post=96287"}],"curies":[{"name":"wp","href":"https:\/\/api.w.org\/{rel}","templated":true}]}}