{"id":96295,"date":"2025-11-25T13:25:08","date_gmt":"2025-11-25T13:25:08","guid":{"rendered":"https:\/\/www.europesays.com\/no\/96295\/"},"modified":"2025-11-25T13:25:08","modified_gmt":"2025-11-25T13:25:08","slug":"70-narvesen-kiosker-legges-ned","status":"publish","type":"post","link":"https:\/\/www.europesays.com\/no\/96295\/","title":{"rendered":"70 Narvesen-kiosker legges ned"},"content":{"rendered":"<p>  En rekke Narvesen-kiosker p\u00e5 kj\u00f8pesentre skal gradvis legges ned fra 2026 som f\u00f8lge av kutt hos Reitangruppen.<\/p>\n<p>\n    KUTT: Flere Narvesen-kiosker p\u00e5 kj\u00f8pesentre p\u00e5virkes av kutt hos Reitan. Foto: Annika Byrde \/ NTB\n  <\/p>\n<p>Reitan Convenience Norway skal gjennom en omstrukturering som f\u00f8rer til at rundt 70 kiosker legges ned, skriver\u00a0<a href=\"https:\/\/handelswatch.no\/nyheter\/dagligvarer\/article18777929.ece\" target=\"_blank\" rel=\"nofollow noopener\">HandelsWatch<\/a>.<\/p>\n<p>Det skal dreie seg hovedsakelig om Narvesen-kiosker p\u00e5 kj\u00f8pesentre. Det ber\u00f8rer 70 kj\u00f8pmenn og om lag 400 butikkansatte i hel- og deltidsstillinger. De ansatte utgj\u00f8r rundt 150 \u00e5rsverk.<\/p>\n<p>\u2013 Dette er en krevende, men n\u00f8dvendig beslutning. V\u00e5re kj\u00f8pmenn er hjertet av v\u00e5r virksomhet. Det er derfor v\u00e5rt ansvar \u00e5 s\u00f8rge for at de har de riktige forutsetningene for \u00e5 lykkes med l\u00f8nnsom drift, p\u00e5 lokasjoner som m\u00f8ter morgendagens behov, sier AnnaMaria Carnemark, administrerende direkt\u00f8r i Reitan Convenience Norway, i en pressemelding.<\/p>\n<p>Reitan Convenience Norway driver kjedene Narvesen, 7-Eleven og Northland.<\/p>\n","protected":false},"excerpt":{"rendered":"En rekke Narvesen-kiosker p\u00e5 kj\u00f8pesentre skal gradvis legges ned fra 2026 som f\u00f8lge av kutt hos Reitangruppen. KUTT:&hellip;\n","protected":false},"author":2,"featured_media":96296,"comment_status":"","ping_status":"","sticky":false,"template":"","format":"standard","meta":{"footnotes":""},"categories":[56],"tags":[60,61,12429,62,30,28,29,14],"class_list":{"0":"post-96295","1":"post","2":"type-post","3":"status-publish","4":"format-standard","5":"has-post-thumbnail","7":"category-naeringsliv","8":"tag-business","9":"tag-economy","10":"tag-narvesen","11":"tag-naeringsliv","12":"tag-no","13":"tag-norge","14":"tag-norway","15":"tag-nyheter"},"share_on_mastodon":{"url":"https:\/\/pubeurope.com\/@no\/115610564870501586","error":""},"_links":{"self":[{"href":"https:\/\/www.europesays.com\/no\/wp-json\/wp\/v2\/posts\/96295","targetHints":{"allow":["GET"]}}],"collection":[{"href":"https:\/\/www.europesays.com\/no\/wp-json\/wp\/v2\/posts"}],"about":[{"href":"https:\/\/www.europesays.com\/no\/wp-json\/wp\/v2\/types\/post"}],"author":[{"embeddable":true,"href":"https:\/\/www.europesays.com\/no\/wp-json\/wp\/v2\/users\/2"}],"replies":[{"embeddable":true,"href":"https:\/\/www.europesays.com\/no\/wp-json\/wp\/v2\/comments?post=96295"}],"version-history":[{"count":0,"href":"https:\/\/www.europesays.com\/no\/wp-json\/wp\/v2\/posts\/96295\/revisions"}],"wp:featuredmedia":[{"embeddable":true,"href":"https:\/\/www.europesays.com\/no\/wp-json\/wp\/v2\/media\/96296"}],"wp:attachment":[{"href":"https:\/\/www.europesays.com\/no\/wp-json\/wp\/v2\/media?parent=96295"}],"wp:term":[{"taxonomy":"category","embeddable":true,"href":"https:\/\/www.europesays.com\/no\/wp-json\/wp\/v2\/categories?post=96295"},{"taxonomy":"post_tag","embeddable":true,"href":"https:\/\/www.europesays.com\/no\/wp-json\/wp\/v2\/tags?post=96295"}],"curies":[{"name":"wp","href":"https:\/\/api.w.org\/{rel}","templated":true}]}}