{"id":96319,"date":"2025-11-25T13:49:08","date_gmt":"2025-11-25T13:49:08","guid":{"rendered":"https:\/\/www.europesays.com\/no\/96319\/"},"modified":"2025-11-25T13:49:08","modified_gmt":"2025-11-25T13:49:08","slug":"power-skrudde-opp-ps5-prisen-minutter-etter-tilbud","status":"publish","type":"post","link":"https:\/\/www.europesays.com\/no\/96319\/","title":{"rendered":"Power skrudde opp PS5-prisen minutter etter tilbud"},"content":{"rendered":"<p>Saken har annonselenker som gir VG inntekter. Redaksjonen prioriterer uavhengig av dette.<\/p>\n<p>P\u00e5 Tek finner du saker med annonselenker, hvor du enten kan kj\u00f8pe produktene vi har omtalt eller sammenligne priser. Det mener vi er relevant informasjon for v\u00e5re lesere.<\/p>\n<p>Hvilke produkter Tek skal skrive om, og hva vi skal skrive om dem, velger journalistene og ingen andre. Men det er ogs\u00e5 viktig at du vet at hvis du klikker p\u00e5 en slik annonselenke til prissammenligning hos Prisjakt, eller kj\u00f8per et produkt etter \u00e5 ha klikket deg inn til en butikk fra en av v\u00e5re artikler, tjener Tek penger. Disse annonselenkene er alltid merket med \u00abannonselenke\u00bb.<\/p>\n<p>Det er viktig \u00e5 understreke at n\u00e5r vi omtaler produkter p\u00e5 Tek, s\u00e5 er det fordi vi mener det er journalistisk interessant. Ingen kan kj\u00f8pe seg omtale i v\u00e5re saker.<\/p>\n<p>I tester eller produktguider er hovedregelen i VG at vi kj\u00f8per eller l\u00e5ner produktet. Dersom det ikke er praktisk mulig, baserer vi omtalen p\u00e5 produktpr\u00f8ver vi har f\u00e5tt tilsendt. I s\u00e5 fall opplyser vi om hvilket produkt og hvorfor.<\/p>\n<p class=\"cy\" data-clearfix=\"false\">Power trakk tilbudet s\u00e5 fort Tek.no omtalte det.<\/p>\n<p><img loading=\"lazy\" width=\"1134\" height=\"701\" decoding=\"async\" data-nimg=\"1\" class=\"ht\" style=\"color:transparent\"   src=\"https:\/\/www.europesays.com\/no\/wp-content\/uploads\/2025\/11\/e17b2dae-cdfa-475c-843d-4bd04196175a\"\/><a class=\"tU\" href=\"https:\/\/www.tek.no\/skribenter\/18337138-5953-49fa-bee5-2e16f86b11d6\/jan-dydland\" rel=\"nofollow noopener\" target=\"_blank\"><img alt=\"Jan Sarzuelo Dydland\" loading=\"lazy\" width=\"60\" height=\"60\" decoding=\"async\" data-nimg=\"1\" class=\"tW\" style=\"color:transparent\"  src=\"https:\/\/www.europesays.com\/no\/wp-content\/uploads\/2025\/11\/1764078547_625_d41256ae-8cbb-4d70-8ee1-f125e58209e6\"\/><\/a>Lagre<img decoding=\"async\" alt=\"\" aria-hidden=\"true\" src=\"https:\/\/chart.googleapis.com\/chart?choe=UTF-8&amp;chl=https:\/\/www.tek.no\/nyheter\/nyhet\/i\/M7wdXK\/power-skrudde-opp-ps5-prisen-minutter-etter-tilbud&amp;chs=100x100&amp;cht=qr&amp;chld=L|0\"\/><\/p>\n<p class=\"he\" data-clearfix=\"false\">Mandag morgen hadde Power satt ned prisen p\u00e5 en rekke PlayStation-produkter. Blant annet PlayStation 5 Digital Edition, med EA Sports FC 26 inkludert, til 4690 kroner. Det er blant de laveste prisene vi har sett til den diskl\u00f8se PS5-varianten.<\/p>\n<p class=\"he\" data-clearfix=\"false\">Her er listen med alt som var nedsatt (og hva produktene koster n\u00e5):<\/p>\n<ul class=\"gL\">\n<li class=\"gM\">PlayStation 5 Slim Digital Edition \u2013 <strong>4490 kroner<\/strong> (6595 kroner)<\/li>\n<li class=\"gM\">PlayStation 5 Slim Digital Edition med EA Sports FC 26 \u2013 <strong>4690 kroner<\/strong> (6595 kroner)<\/li>\n<li class=\"gM\">PlayStation 5 Slim \u2013 <strong>5590 kroner<\/strong> (7099 kroner)<\/li>\n<li class=\"gM\">DualSense \u2013 <strong>699 kroner<\/strong> (999 kroner)<\/li>\n<li class=\"gM\">PlayStation VR 2 \u2013 <strong>4490 kroner<\/strong> (5795 kroner)<\/li>\n<\/ul>\n<p class=\"he\" data-clearfix=\"false\">Vi inkluderte flere av dem i v\u00e5r <a class=\"qS ki\" href=\"https:\/\/www.tek.no\/nyheter\/guide\/i\/wAr0An\/de-beste-black-week-tilbudene\" rel=\"noopener nofollow\" target=\"_blank\">oversikt over gode tilbud<\/a>, men bare minutter senere var prisene skrudd opp igjen. N\u00e5 koster PS5-pakken med EA Sports FC 6595 kroner. Det er litt dyrere enn hva pakken koster andre steder.<\/p>\n<p class=\"he\" data-clearfix=\"false\">Vi har f\u00e5tt bekreftet fra en ekstra \u00e5rv\u00e5ken leser at han fikk kj\u00f8pt en PS5 til den reduserte prisen, den korte perioden tilbudet var aktivt. <\/p>\n<p><a class=\"hp\" href=\"http:\/\/www.tek.no\/nyheter\/nyhet\/i\/M7wdXK\/power-skrudde-opp-ps5-prisen-minutter-etter-tilbud#starter-28-november\" rel=\"nofollow noopener\" target=\"_blank\">\u00abStarter 28. november\u00bb<\/a><\/p>\n<p class=\"he\" data-clearfix=\"false\">Power bekrefter til Tek.no at det skjedde feil i systemet natt til mandag, men kan ikke kommentere p\u00e5 fremtidige tilbud og priser.<\/p>\n<p class=\"he\" data-clearfix=\"false\">Ser man p\u00e5 <a class=\"qS ki\" href=\"https:\/\/www.power.no\/gaming\/playstation\/playstation-konsoll\/playstation-5-slim-digital-edition-konsoll-ea-sports-fc-26-pakke\/p-4185550\/store\/?gclsrc=aw.ds&amp;gad_source=1&amp;gad_campaignid=1597376097&amp;gbraid=0AAAAADbZ1Uokddr2drXvfEz0a9zeanZXB&amp;gclid=Cj0KCQiAoZDJBhC0ARIsAERP-F_JszvNPHCYpM7o09H7ttE9AGz1QcKRHagFqZwp0MRg6zI0nf39WjEaAggEEALw_wcB\" rel=\"noopener nofollow\" target=\"_blank\">produktsidene<\/a> n\u00e5, er det en etikett hvor det st\u00e5r \u00abBlack Friday \u2013 tilbudet starter 28. nov.\u00bb med bilde av PlayStations sirkel-, kryss-, firkant- og trekant-symboler.<\/p>\n<p class=\"he\" data-clearfix=\"false\">Det kan hende butikken startet tilbudet ved en feil mandag og at den nedsatte prisen var egentlig ment \u00e5 starte fredag.<\/p>\n<p>Sony PlayStation 5 Slim Digital Edition 825GB (2025)<\/p>\n<p><img alt=\"Sony PlayStation 5 Slim Digital Edition 825GB (2025)\" loading=\"lazy\" width=\"100\" height=\"100\" decoding=\"async\" data-nimg=\"1\" class=\"li\" style=\"color:transparent\"  src=\"https:\/\/www.europesays.com\/no\/wp-content\/uploads\/2025\/11\/15705226.jpeg\"\/><\/p>\n","protected":false},"excerpt":{"rendered":"Saken har annonselenker som gir VG inntekter. Redaksjonen prioriterer uavhengig av dette. P\u00e5 Tek finner du saker med&hellip;\n","protected":false},"author":2,"featured_media":96320,"comment_status":"","ping_status":"","sticky":false,"template":"","format":"standard","meta":{"footnotes":""},"categories":[57],"tags":[30,28,29,65,63,64,66,70,69,67,68],"class_list":{"0":"post-96319","1":"post","2":"type-post","3":"status-publish","4":"format-standard","5":"has-post-thumbnail","7":"category-vitenskap-og-teknologi","8":"tag-no","9":"tag-norge","10":"tag-norway","11":"tag-science","12":"tag-science-and-technology","13":"tag-scienceandtechnology","14":"tag-technology","15":"tag-teknologi","16":"tag-vitenskap","17":"tag-vitenskap-og-teknologi","18":"tag-vitenskapteknologi"},"share_on_mastodon":{"url":"https:\/\/pubeurope.com\/@no\/115610659459024517","error":""},"_links":{"self":[{"href":"https:\/\/www.europesays.com\/no\/wp-json\/wp\/v2\/posts\/96319","targetHints":{"allow":["GET"]}}],"collection":[{"href":"https:\/\/www.europesays.com\/no\/wp-json\/wp\/v2\/posts"}],"about":[{"href":"https:\/\/www.europesays.com\/no\/wp-json\/wp\/v2\/types\/post"}],"author":[{"embeddable":true,"href":"https:\/\/www.europesays.com\/no\/wp-json\/wp\/v2\/users\/2"}],"replies":[{"embeddable":true,"href":"https:\/\/www.europesays.com\/no\/wp-json\/wp\/v2\/comments?post=96319"}],"version-history":[{"count":0,"href":"https:\/\/www.europesays.com\/no\/wp-json\/wp\/v2\/posts\/96319\/revisions"}],"wp:featuredmedia":[{"embeddable":true,"href":"https:\/\/www.europesays.com\/no\/wp-json\/wp\/v2\/media\/96320"}],"wp:attachment":[{"href":"https:\/\/www.europesays.com\/no\/wp-json\/wp\/v2\/media?parent=96319"}],"wp:term":[{"taxonomy":"category","embeddable":true,"href":"https:\/\/www.europesays.com\/no\/wp-json\/wp\/v2\/categories?post=96319"},{"taxonomy":"post_tag","embeddable":true,"href":"https:\/\/www.europesays.com\/no\/wp-json\/wp\/v2\/tags?post=96319"}],"curies":[{"name":"wp","href":"https:\/\/api.w.org\/{rel}","templated":true}]}}