{"id":96329,"date":"2025-11-25T14:04:18","date_gmt":"2025-11-25T14:04:18","guid":{"rendered":"https:\/\/www.europesays.com\/no\/96329\/"},"modified":"2025-11-25T14:04:18","modified_gmt":"2025-11-25T14:04:18","slug":"utfartsparkering-fylkesveier-millioner-til-utfartsparkering","status":"publish","type":"post","link":"https:\/\/www.europesays.com\/no\/96329\/","title":{"rendered":"Utfartsparkering, Fylkesveier | Millioner til utfartsparkering"},"content":{"rendered":"\n<p>Fylkeskommunen \u00f8nsket en veiviser for reiselivet. I forbindelse med dette arbeidet foreslo administrasjonen, blant annet, \u00e5 tilrettelegge bedre for trygge og attraktive parkeringsmuligheter langs fylkesveiene.<\/p>\n<p>Begrunnelsen var at man \u00f8nsket \u00e5 f\u00e5 orden p\u00e5 turistutfarten i s\u00e6rdeleshet.<\/p>\n<p>Administrasjonen foreslo at dette skulle l\u00f8ses i samarbeid med andre vei- og grunneiere, b\u00e5de kommuner, bedrifter og privatpersoner.<\/p>\n<p>De foreslo deretter at det skulle settes av en million kroner til en ett\u00e5rig prosjektstilling, for utforming av m\u00e5lrettede tiltak. To millioner kroner skulle s\u00e5 overf\u00f8res til form\u00e5let i neste \u00e5rs budsjett.<\/p>\n<p>Det h\u00f8res ut som et un\u00f8dvendig komplisert opplegg. Det er godt kjent hvilke fylkesveier har utfordringer med turisme og utfartsparkering. Kattfjordeidet er for eksempel en gjenganger gjennom mange \u00e5r, der b\u00e5de nordlysturisme og skikj\u00f8rere har f\u00f8rt til press p\u00e5 de f\u00e5 parkeringsplassene som finnes. <\/p>\n<p>Mange instanser m\u00e5 bidra til trafikksikkerhet. Men fylkeskommunen kan gj\u00f8re grep raskt, uten \u00e5 lage et seminar om tiltakene med kommunen, bedrifter og privatpersoner. <\/p>\n<p>Det skj\u00f8nte politikerne ogs\u00e5. De vil legge pengene rett p\u00e5 veiene, og prioritere s\u00e6rlig utsatte strekninger ved \u00e5 direkte sette av 2 millioner for \u00e5ret 2025 til pr\u00f8veprosjekt for utvidet br\u00f8yting av m\u00f8teplasser og utfartsparkeringer.<\/p>\n<p>De mener at omr\u00e5der med \u00f8kt press som f\u00f8lge av \u00f8kt vinterturisme skal prioriteres.<\/p>\n<p>Det er midler fra Havbruksfondet som skal brukes til dette. Dette var allerede besluttet. Totalt er det satt av 8 millioner kroner til dette. De resterende 6 millionene overf\u00f8res til m\u00e5lretta tiltak neste \u00e5r.<\/p>\n<p>Det finnes mange gode tiltak i en fylkeskommune som man kan bruke midler fra Havbruksfondet p\u00e5. Likevel er det viktig at fylkeskommunen ogs\u00e5 prioriterer trafikksikkerhet i forbindelse med turisme og friluftsliv. <\/p>\n<p>Samtidig er det lov \u00e5 h\u00e5pe at fremtidig turistskatt kan brukes til \u00e5 dekke noen av disse kostnadene i et samarbeid mellom kommune og fylkeskommune. <\/p>\n<p>Det er en skatt som turistene gjerne betaler selv, for \u00e5 sikre b\u00e6rekraftig bruk av den vakre naturen de \u00f8nsker \u00e5 oppleve. <\/p>\n<p>Det er langt p\u00e5 overtid at turistskatten kommer p\u00e5 plass. <\/p>\n","protected":false},"excerpt":{"rendered":"Fylkeskommunen \u00f8nsket en veiviser for reiselivet. I forbindelse med dette arbeidet foreslo administrasjonen, blant annet, \u00e5 tilrettelegge bedre&hellip;\n","protected":false},"author":2,"featured_media":96330,"comment_status":"","ping_status":"","sticky":false,"template":"","format":"standard","meta":{"footnotes":""},"categories":[5],"tags":[36,20,21,24,25,12389,15,19,22,23,246,17,18,13,30,28,29,14,1533,16,26,27,1425,12435,12434],"class_list":{"0":"post-96329","1":"post","2":"type-post","3":"status-publish","4":"format-standard","5":"has-post-thumbnail","7":"category-overskrifter","8":"tag-art","9":"tag-breaking-news","10":"tag-breakingnews","11":"tag-featured-news","12":"tag-featurednews","13":"tag-fylkesveier","14":"tag-headlines","15":"tag-hovedoppslag","16":"tag-latest-news","17":"tag-latestnews","18":"tag-leder","19":"tag-main-news","20":"tag-mainnews","21":"tag-news","22":"tag-no","23":"tag-norge","24":"tag-norway","25":"tag-nyheter","26":"tag-opinion","27":"tag-overskrifter","28":"tag-top-stories","29":"tag-topstories","30":"tag-troms-fylkeskommune","31":"tag-turisttrafikk","32":"tag-utfartsparkering"},"share_on_mastodon":{"url":"https:\/\/pubeurope.com\/@no\/115610718391512694","error":""},"_links":{"self":[{"href":"https:\/\/www.europesays.com\/no\/wp-json\/wp\/v2\/posts\/96329","targetHints":{"allow":["GET"]}}],"collection":[{"href":"https:\/\/www.europesays.com\/no\/wp-json\/wp\/v2\/posts"}],"about":[{"href":"https:\/\/www.europesays.com\/no\/wp-json\/wp\/v2\/types\/post"}],"author":[{"embeddable":true,"href":"https:\/\/www.europesays.com\/no\/wp-json\/wp\/v2\/users\/2"}],"replies":[{"embeddable":true,"href":"https:\/\/www.europesays.com\/no\/wp-json\/wp\/v2\/comments?post=96329"}],"version-history":[{"count":0,"href":"https:\/\/www.europesays.com\/no\/wp-json\/wp\/v2\/posts\/96329\/revisions"}],"wp:featuredmedia":[{"embeddable":true,"href":"https:\/\/www.europesays.com\/no\/wp-json\/wp\/v2\/media\/96330"}],"wp:attachment":[{"href":"https:\/\/www.europesays.com\/no\/wp-json\/wp\/v2\/media?parent=96329"}],"wp:term":[{"taxonomy":"category","embeddable":true,"href":"https:\/\/www.europesays.com\/no\/wp-json\/wp\/v2\/categories?post=96329"},{"taxonomy":"post_tag","embeddable":true,"href":"https:\/\/www.europesays.com\/no\/wp-json\/wp\/v2\/tags?post=96329"}],"curies":[{"name":"wp","href":"https:\/\/api.w.org\/{rel}","templated":true}]}}