{"id":96351,"date":"2025-11-25T14:40:28","date_gmt":"2025-11-25T14:40:28","guid":{"rendered":"https:\/\/www.europesays.com\/no\/96351\/"},"modified":"2025-11-25T14:40:28","modified_gmt":"2025-11-25T14:40:28","slug":"tirsdag-er-stromprisene-i-valdres-pa-sitt-hogeste-i-ar-avisa-valdres","status":"publish","type":"post","link":"https:\/\/www.europesays.com\/no\/96351\/","title":{"rendered":"Tirsdag er str\u00f8mprisene i Valdres p\u00e5 sitt h\u00f8geste i \u00e5r &#8211; Avisa Valdres"},"content":{"rendered":"<ol>\n<li><a href=\"https:\/\/news.google.com\/rss\/articles\/CBMinwFBVV95cUxQMjFNTm03TkczT0VpTWFCOUpPSndrc2daSUNORVdUVnotaWVWM2FuRGYtT2ExelF0VXp2Y3h5MmhVYmx1cllUcW9kZXlBUmIyVlJFaGFPaHVFZVk4MEFnejcwUjNVWDlxckg2dTNkMzZKS1lVbHFiWm1PX2NFbUdyTmJVVk9uQ1dOZzRfR3MzMkwtRHNjQXFVRlIwQThtNDg?oc=5\" target=\"_blank\" rel=\"nofollow noopener\">Tirsdag er str\u00f8mprisene i Valdres p\u00e5 sitt h\u00f8geste i \u00e5r<\/a>&nbsp;&nbsp;Avisa Valdres<\/li>\n<li><a href=\"https:\/\/news.google.com\/rss\/articles\/CBMic0FVX3lxTE5icUhOZWRQaE9wUmZwZUZzS29fRHNPbmVWX3FUNXRrcXRwMDNXdkZjRHY0UGozb09vYUNQUmF1dWJyaF9xYjlDNHlWcVhtWElqWUFUdzVYWU1jWjBoVGZNN3Mxb0RCbmlNdVlnYlgtUGFqN1E?oc=5\" target=\"_blank\" rel=\"nofollow noopener\">Str\u00f8m, Str\u00f8mpriser | Prisen stiger kraftig: \u2013 Rekordh\u00f8ye<\/a>&nbsp;&nbsp;Sandefjords Blad<\/li>\n<li><a href=\"https:\/\/news.google.com\/rss\/articles\/CBMikgFBVV95cUxPTXZPMWVhT3FCSURac2NwSnU2eF9FUTBQWTdoNjlBQ3RpcDlpaUtVMU04LXNFaXhkSmdlZU9ENFZMcDdLZmwwY1Y3d0ZCdjdfMXFUVTdhdUxFc3N4LUZuY1IwZG1Jd1hGZFQ5eXg2eENXNmM3WTduZDVIcDlNOUNvMmRGZGtIYkh3NXlQZTBzQk1ZQQ?oc=5\" target=\"_blank\" rel=\"nofollow noopener\">Varsler om rekordh\u00f8ye priser: \u2013 S\u00e5 mye har vi ikke betalt for str\u00f8mmen siden januar<\/a>&nbsp;&nbsp;RA Stavanger<\/li>\n<li><a href=\"https:\/\/news.google.com\/rss\/articles\/CBMie0FVX3lxTE9XRHRjWmFESXlkSTFxdHJUWFRGaVUtcnM1T3U5ZjI3cGlxVFdvbHRMZk9NRGluUkxCakdlQUdZVjJjOUdBcHdfNFcwbGpHalRsUmt1VWo0WnlmOWdZSDdkOV9oU2xWQ3FZT2NqLXRETnNyQjNfNlhjQ2NHVQ?oc=5\" target=\"_blank\" rel=\"nofollow noopener\">\u00c5rets h\u00f8yeste str\u00f8mpriser i Drammen tirsdag<\/a>&nbsp;&nbsp;DRM24.no<\/li>\n<li><a href=\"https:\/\/news.google.com\/rss\/articles\/CBMiigFBVV95cUxNOXlCMkRVbTdFWXlDVmljQnpuem9NUkY1cWkyUGxWTnVrbWxhVVNWUVpOZ1dTN2t0MGhlQ0dsZ0plVXB6b3h6bk1EYmc1OGV6eXppZjRCN1RzaUp1M2UyUmNlSm9MNzFUa0VsQVlhUjc4ZmVTVVRtM2lxRUc5dlpmRFRfVmo2b0xpQ2c?oc=5\" target=\"_blank\" rel=\"nofollow noopener\">Str\u00f8mpriser, Norgespris | Nok en prisrekord: I gjennomsnitt 2,61 kroner<\/a>&nbsp;&nbsp;Varingen<\/li>\n<\/ol>\n","protected":false},"excerpt":{"rendered":"Tirsdag er str\u00f8mprisene i Valdres p\u00e5 sitt h\u00f8geste i \u00e5r&nbsp;&nbsp;Avisa Valdres Str\u00f8m, Str\u00f8mpriser | Prisen stiger kraftig: \u2013&hellip;\n","protected":false},"author":2,"featured_media":96352,"comment_status":"","ping_status":"","sticky":false,"template":"","format":"standard","meta":{"footnotes":""},"categories":[10],"tags":[20,21,24,25,15,22,23,13,30,28,29,14,16,26,27],"class_list":{"0":"post-96351","1":"post","2":"type-post","3":"status-publish","4":"format-standard","5":"has-post-thumbnail","7":"category-norge","8":"tag-breaking-news","9":"tag-breakingnews","10":"tag-featured-news","11":"tag-featurednews","12":"tag-headlines","13":"tag-latest-news","14":"tag-latestnews","15":"tag-news","16":"tag-no","17":"tag-norge","18":"tag-norway","19":"tag-nyheter","20":"tag-overskrifter","21":"tag-top-stories","22":"tag-topstories"},"share_on_mastodon":{"url":"https:\/\/pubeurope.com\/@no\/115610859847671398","error":""},"_links":{"self":[{"href":"https:\/\/www.europesays.com\/no\/wp-json\/wp\/v2\/posts\/96351","targetHints":{"allow":["GET"]}}],"collection":[{"href":"https:\/\/www.europesays.com\/no\/wp-json\/wp\/v2\/posts"}],"about":[{"href":"https:\/\/www.europesays.com\/no\/wp-json\/wp\/v2\/types\/post"}],"author":[{"embeddable":true,"href":"https:\/\/www.europesays.com\/no\/wp-json\/wp\/v2\/users\/2"}],"replies":[{"embeddable":true,"href":"https:\/\/www.europesays.com\/no\/wp-json\/wp\/v2\/comments?post=96351"}],"version-history":[{"count":0,"href":"https:\/\/www.europesays.com\/no\/wp-json\/wp\/v2\/posts\/96351\/revisions"}],"wp:featuredmedia":[{"embeddable":true,"href":"https:\/\/www.europesays.com\/no\/wp-json\/wp\/v2\/media\/96352"}],"wp:attachment":[{"href":"https:\/\/www.europesays.com\/no\/wp-json\/wp\/v2\/media?parent=96351"}],"wp:term":[{"taxonomy":"category","embeddable":true,"href":"https:\/\/www.europesays.com\/no\/wp-json\/wp\/v2\/categories?post=96351"},{"taxonomy":"post_tag","embeddable":true,"href":"https:\/\/www.europesays.com\/no\/wp-json\/wp\/v2\/tags?post=96351"}],"curies":[{"name":"wp","href":"https:\/\/api.w.org\/{rel}","templated":true}]}}