{"id":96354,"date":"2025-11-25T14:47:13","date_gmt":"2025-11-25T14:47:13","guid":{"rendered":"https:\/\/www.europesays.com\/no\/96354\/"},"modified":"2025-11-25T14:47:13","modified_gmt":"2025-11-25T14:47:13","slug":"juve-fans-og-kjendis-i-flykaos","status":"publish","type":"post","link":"https:\/\/www.europesays.com\/no\/96354\/","title":{"rendered":"Juve-fans og kjendis i flykaos:"},"content":{"rendered":"<p>\u2013 Det er helt sykt! Jeg skulle v\u00e6rt i Bod\u00f8 n\u00e5!\u00a0<\/p>\n<p>Det sier\u00a0Hotellet-aktuelle Sander Dale til TV 2.<\/p>\n<p>YouTuberen skal p\u00e5 Aspmyra i kveld for \u00e5 se Bod\u00f8\/Glimt-Juventus i Champions League. Sammen med en haug italienere har han i stedet endt i et flykaos.\u00a0<\/p>\n<p>\u2013\u00a0Det s\u00e5 ut som vi kunne lande etter enorm turbulens. Men s\u00e5 var det for mye sn\u00f8 til at de kunne lande. Da satte vi kursen i retning Trondheim, forteller Dale.\u00a0<\/p>\n<p>        <img class=\"image__img lazyload\" itemprop=\"image\" title=\"Foto: Sander Dale\" alt=\"FORTVILER: Sander Dale p\u00e5 flyet. Foto: Sander Dale\" width=\"675\" height=\"561\" bad-src=\"https:\/\/www.europesays.com\/no\/wp-content\/uploads\/2025\/11\/18321288.webp\" fetchpriority=\"auto\" \/><\/p>\n<p>      FORTVILER: Sander Dale p\u00e5 flyet.<br \/>\n         Foto: Sander Dale<\/p>\n<p class=\"bold m-bold\" data-lab-font_weight=\"bold\">Etter tanking i Trondheim var planen \u00e5 gi landing i Bod\u00f8 et fors\u00f8k til. N\u00e5 har Dale og Juventus-supporterne f\u00e5tt beskjed om at de m\u00e5 reise tilbake til Oslo. De er ombooket p\u00e5 et nytt SAS-fly.<\/p>\n<p>\u2013 Flere er ampre her. Det er flere som bare st\u00e5r oppreist og gestikulerer.\u00a0<\/p>\n<p>\u2013 Han ene kompisen her har st\u00e5tt oppreist hele tiden.\u00a0<\/p>\n<p>For Dales del, s\u00e5 h\u00f8rer det til historien at han tidligere i dag forsov seg til det flyet han egentlig skulle ta til Bod\u00f8.\u00a0<\/p>\n<p class=\"no_italic m-no_italic\" data-lab-italic=\"\">\u00d8ystein Shcmidt, kommunikasjonssjef i SAS, sier dette til TV 2:\u00a0<\/p>\n<p class=\"no_italic m-no_italic\" data-lab-italic=\"\">\u2013\u00a0 Var ingenting spesielt som skjedde p\u00e5\/med den flyvningen, foruten at man ikke kunne lande i Bod\u00f8 akkurat da grunnet en mindre midlertidig teknisk feil ved et landingssystem ved lufthavnen. Alt skal imidlertid v\u00e6re i orden n\u00e5. <\/p>\n<p class=\"no_italic m-no_italic\" data-lab-italic=\"\">S\u00e5 gjenst\u00e5r det \u00e5 se om Dale og Juventus-supporterne kommer seg p\u00e5 plass i tide.\u00a0<\/p>\n<p>    <a href=\"https:\/\/play.tv2.no\/sport\/fotball\/uefa-champions-league-rbxjhx5m\/bodoe-glimt-juventus-pnmnf2rr?utm_source=tv2.no&amp;utm_medium=promo&amp;utm_campaign=UEFA+Champions+League&amp;utm_term=Bod%C3%B8%2FGlimt+-+Juventus&amp;utm_content=www.tv2.no\/sport\/fotball\/juve-fans-og-kjendis-i-flykaos-helt-sykt\/18321193\/\" rel=\"nofollow noopener\" target=\"_blank\"><\/p>\n<p>    <img class=\"image__img lazyload\" itemprop=\"image\" title=\"Foto: Stian Lysberg Solum \/ NTB\" alt=\"Bod\u00f8 20251124. &#10;Jens Petter Hauge p\u00e5 treningen til Bod\u00f8\/Glimt i Nordlandshallen dagen f\u00f8r Champions League-kampen i fotball mot Juventus.&#10;Foto: Stian Lysberg Solum \/ NTB\" width=\"978\" height=\"551\" bad-src=\"https:\/\/www.europesays.com\/no\/wp-content\/uploads\/2025\/11\/18321236.webp\" fetchpriority=\"auto\" \/><\/p>\n<p>            Kl. 20: Bod\u00f8\/Glimt &#8211; Juventus<\/p>\n<p>\n                TV 2 Play\n            <\/p>\n<p>    <\/a><\/p>\n","protected":false},"excerpt":{"rendered":"\u2013 Det er helt sykt! Jeg skulle v\u00e6rt i Bod\u00f8 n\u00e5!\u00a0 Det sier\u00a0Hotellet-aktuelle Sander Dale til TV 2.&hellip;\n","protected":false},"author":2,"featured_media":96355,"comment_status":"","ping_status":"","sticky":false,"template":"","format":"standard","meta":{"footnotes":""},"categories":[10],"tags":[20,21,24,25,15,22,23,13,30,28,29,14,16,26,27],"class_list":{"0":"post-96354","1":"post","2":"type-post","3":"status-publish","4":"format-standard","5":"has-post-thumbnail","7":"category-norge","8":"tag-breaking-news","9":"tag-breakingnews","10":"tag-featured-news","11":"tag-featurednews","12":"tag-headlines","13":"tag-latest-news","14":"tag-latestnews","15":"tag-news","16":"tag-no","17":"tag-norge","18":"tag-norway","19":"tag-nyheter","20":"tag-overskrifter","21":"tag-top-stories","22":"tag-topstories"},"share_on_mastodon":{"url":"https:\/\/pubeurope.com\/@no\/115610887352368109","error":""},"_links":{"self":[{"href":"https:\/\/www.europesays.com\/no\/wp-json\/wp\/v2\/posts\/96354","targetHints":{"allow":["GET"]}}],"collection":[{"href":"https:\/\/www.europesays.com\/no\/wp-json\/wp\/v2\/posts"}],"about":[{"href":"https:\/\/www.europesays.com\/no\/wp-json\/wp\/v2\/types\/post"}],"author":[{"embeddable":true,"href":"https:\/\/www.europesays.com\/no\/wp-json\/wp\/v2\/users\/2"}],"replies":[{"embeddable":true,"href":"https:\/\/www.europesays.com\/no\/wp-json\/wp\/v2\/comments?post=96354"}],"version-history":[{"count":0,"href":"https:\/\/www.europesays.com\/no\/wp-json\/wp\/v2\/posts\/96354\/revisions"}],"wp:featuredmedia":[{"embeddable":true,"href":"https:\/\/www.europesays.com\/no\/wp-json\/wp\/v2\/media\/96355"}],"wp:attachment":[{"href":"https:\/\/www.europesays.com\/no\/wp-json\/wp\/v2\/media?parent=96354"}],"wp:term":[{"taxonomy":"category","embeddable":true,"href":"https:\/\/www.europesays.com\/no\/wp-json\/wp\/v2\/categories?post=96354"},{"taxonomy":"post_tag","embeddable":true,"href":"https:\/\/www.europesays.com\/no\/wp-json\/wp\/v2\/tags?post=96354"}],"curies":[{"name":"wp","href":"https:\/\/api.w.org\/{rel}","templated":true}]}}