{"id":96359,"date":"2025-11-25T14:55:13","date_gmt":"2025-11-25T14:55:13","guid":{"rendered":"https:\/\/www.europesays.com\/no\/96359\/"},"modified":"2025-11-25T14:55:13","modified_gmt":"2025-11-25T14:55:13","slug":"norske-oliver-23-er-savnet-i-polen","status":"publish","type":"post","link":"https:\/\/www.europesays.com\/no\/96359\/","title":{"rendered":"Norske Oliver (23) er savnet i Polen"},"content":{"rendered":"\n<p class=\"_lead_o9xde_2 _lead_xtcu6_50 layout-component text-serif-m layout-normal text-serif-l layout-component layout-wide layout-padded _wide_17hqh_1 layout-padded\">23-\u00e5ringen ble sist sett utenfor et utested i Warszawa natt til l\u00f8rdag.<\/p>\n<p><img alt=\" Foto: Privat\" class=\"_image_qp4xg_65 layout-component layout-wide\" data-fullscreen- data-track-element-type=\"Article image fullscreen\" data-track-name=\"ImageFullscreen\" fetchpriority=\"high\" decoding=\"sync\" loading=\"eager\" height=\"1473\" itemprop=\"image\"  src=\"https:\/\/www.europesays.com\/no\/wp-content\/uploads\/2025\/11\/1d5fe4d2-c2ad-4586-aa33-8a880e507def\"  style=\"object-position:0% 0%\" width=\"1120\"\/> Foto: Privat<\/p>\n<ul aria-hidden=\"true\" class=\"_images_18f0k_111\">\n<li><a class=\"_link_18f0k_116\" href=\"https:\/\/www.vg.no\/forfatter\/mathilde-nordskog-sigurdsen\" style=\"z-index:1\" title=\"Mathilde Nordskog Sigurdsen\" rel=\"nofollow noopener\" target=\"_blank\"><img alt=\"Bilde av Mathilde Nordskog Sigurdsen\" class=\"_image_18f0k_93\" fetchpriority=\"low\" loading=\"lazy\" decoding=\"async\" itemprop=\"image\"  src=\"https:\/\/www.europesays.com\/no\/wp-content\/uploads\/2025\/11\/1764082513_456_89b99694-aca3-47bb-b73d-a89f79e701be\"  width=\"480\"\/><\/a><\/li>\n<\/ul>\n<p> Oppdatert tirsdag 25. november kl. 13:34     <\/p>\n<p class=\"_paragraph_o9xde_4 _paragraph_xtcu6_10 layout-component text-serif-m layout-normal text-serif-m layout-padded\">Oliver Rivedal var p\u00e5 reise sammen med to venner da han forsvant, og ble sist observert rundt klokken 03 natt til l\u00f8rdag.<\/p>\n<p class=\"_paragraph_o9xde_4 _paragraph_xtcu6_10 layout-component text-serif-m layout-normal text-serif-m layout-padded\">If\u00f8lge politiet hadde reisef\u00f8lget senest kontakt med ham i 05-tiden.<\/p>\n<p class=\"_paragraph_o9xde_4 _paragraph_xtcu6_10 layout-component text-serif-m layout-normal text-serif-m layout-padded\">\u2013 Vi har tett kontakt med familien her hjemme, opplyser politioverbetjent Oda Elveg\u00e5rd Thorstad ved Sunnfjord politistasjon til VG.<\/p>\n<p class=\"_paragraph_o9xde_4 _paragraph_xtcu6_10 layout-component text-serif-m layout-normal text-serif-m layout-padded\">Det var Olivers p\u00e5r\u00f8rende som meldte han savnet l\u00f8rdag kveld.<\/p>\n<p>Aktiver kart<br \/>\nPolitiet har flere hypoteser<\/p>\n<p class=\"_paragraph_o9xde_4 _paragraph_xtcu6_10 layout-component text-serif-m layout-normal text-serif-m layout-padded\">Polske myndigheter leder n\u00e5 s\u00f8ket og etterforskningen i <a href=\"https:\/\/www.vg.no\/tag\/warszawa?utm_source=vg-article&amp;utm_medium=auto-tagger&amp;utm_campaign=XMl4BB\" class=\"_link_o9xde_39\" rel=\"nofollow noopener\" target=\"_blank\">Warszawa<\/a>.<\/p>\n<p class=\"_paragraph_o9xde_4 _paragraph_xtcu6_10 layout-component text-serif-m layout-normal text-serif-m layout-padded\">Det bekrefter sjefsersjant i sentrumspolitiet i Warszawa, Kacper Wojteczko, til <a href=\"https:\/\/www.firda.no\/dette-gjer-polsk-politi\/s\/5-15-1979342\" class=\"_link_o9xde_39\" rel=\"nofollow noopener\" target=\"_blank\">Firda<\/a>.<\/p>\n<p class=\"_paragraph_o9xde_4 _paragraph_xtcu6_10 layout-component text-serif-m layout-normal text-serif-m layout-padded\">Siden l\u00f8rdag morgen har politiet s\u00f8kt i omr\u00e5det og langs elven Wisla.<\/p>\n<p class=\"_paragraph_o9xde_4 _paragraph_xtcu6_10 layout-component text-serif-m layout-normal text-serif-m layout-padded\">\u2013 Politiet har s\u00f8kt langs elvebredden. Vi har ikke funnet ham, men leter fortsatt, sier Wojteczko.<\/p>\n<p class=\"_paragraph_o9xde_4 _paragraph_xtcu6_10 layout-component text-serif-m layout-normal text-serif-m layout-padded\">Hjemme i Sundfjord etterforsker norsk politi ogs\u00e5 saken.<\/p>\n<p class=\"_paragraph_o9xde_4 _paragraph_xtcu6_10 layout-component text-serif-m layout-normal text-serif-m layout-padded\">\u2013 Vi jobber ut fra flere hypoteser og etterforsker bredt, sier Thorstad.<\/p>\n<p class=\"_paragraph_o9xde_4 _paragraph_xtcu6_10 layout-component text-serif-m layout-normal text-serif-m layout-padded\">Hun vil imidlertid ikke g\u00e5 inn p\u00e5 hva hypotesene inneb\u00e6rer p\u00e5 n\u00e5v\u00e6rende tidspunkt.<\/p>\n<p>Krevende for familien<\/p>\n<p class=\"_paragraph_o9xde_4 _paragraph_xtcu6_10 layout-component text-serif-m layout-normal text-serif-m layout-padded\">Guro Huus Folkestad ved Vest politidistrikt fungerer som p\u00e5r\u00f8rendekontakt for familien. <\/p>\n<p class=\"_paragraph_o9xde_4 _paragraph_xtcu6_10 layout-component text-serif-m layout-normal text-serif-m layout-padded\">Hun forteller at familien er takknemlig for all st\u00f8tten de har f\u00e5tt i den vanskelige tiden.<\/p>\n<p class=\"_paragraph_o9xde_4 _paragraph_xtcu6_10 layout-component text-serif-m layout-normal text-serif-m layout-padded\">\u2013 Dette er en sv\u00e6rt krevende situasjon for dem, sier Folkestad.<\/p>\n<p class=\"_paragraph_o9xde_4 _paragraph_xtcu6_10 layout-component text-serif-m layout-normal text-serif-m layout-padded\">Familien har gitt samtykke til at navn og bilde brukes i mediene, og h\u00e5per at publikum kan hjelpe politiet med relevante opplysninger.<\/p>\n<p> Mathilde Nordskog Sigurdsen<\/p>\n<p class=\"text-sans-s\">Journalist<\/p>\n<p><img decoding=\"async\" alt=\"Mathilde Nordskog Sigurdsen\" class=\"_image_uv074_179\" src=\"https:\/\/www.europesays.com\/no\/wp-content\/uploads\/2025\/11\/1764082513_173_89b99694-aca3-47bb-b73d-a89f79e701be\" width=\"480\"\/>Kontakt Mathilde Nordskog Sigurdsen     <\/p>\n","protected":false},"excerpt":{"rendered":"23-\u00e5ringen ble sist sett utenfor et utested i Warszawa natt til l\u00f8rdag. Foto: Privat Oppdatert tirsdag 25. november&hellip;\n","protected":false},"author":2,"featured_media":96360,"comment_status":"","ping_status":"","sticky":false,"template":"","format":"standard","meta":{"footnotes":""},"categories":[10],"tags":[20,21,24,25,15,22,23,13,30,28,29,14,16,48,26,27,12439],"class_list":{"0":"post-96359","1":"post","2":"type-post","3":"status-publish","4":"format-standard","5":"has-post-thumbnail","7":"category-norge","8":"tag-breaking-news","9":"tag-breakingnews","10":"tag-featured-news","11":"tag-featurednews","12":"tag-headlines","13":"tag-latest-news","14":"tag-latestnews","15":"tag-news","16":"tag-no","17":"tag-norge","18":"tag-norway","19":"tag-nyheter","20":"tag-overskrifter","21":"tag-savnet","22":"tag-top-stories","23":"tag-topstories","24":"tag-warszawa"},"share_on_mastodon":{"url":"https:\/\/pubeurope.com\/@no\/115610919155495796","error":""},"_links":{"self":[{"href":"https:\/\/www.europesays.com\/no\/wp-json\/wp\/v2\/posts\/96359","targetHints":{"allow":["GET"]}}],"collection":[{"href":"https:\/\/www.europesays.com\/no\/wp-json\/wp\/v2\/posts"}],"about":[{"href":"https:\/\/www.europesays.com\/no\/wp-json\/wp\/v2\/types\/post"}],"author":[{"embeddable":true,"href":"https:\/\/www.europesays.com\/no\/wp-json\/wp\/v2\/users\/2"}],"replies":[{"embeddable":true,"href":"https:\/\/www.europesays.com\/no\/wp-json\/wp\/v2\/comments?post=96359"}],"version-history":[{"count":0,"href":"https:\/\/www.europesays.com\/no\/wp-json\/wp\/v2\/posts\/96359\/revisions"}],"wp:featuredmedia":[{"embeddable":true,"href":"https:\/\/www.europesays.com\/no\/wp-json\/wp\/v2\/media\/96360"}],"wp:attachment":[{"href":"https:\/\/www.europesays.com\/no\/wp-json\/wp\/v2\/media?parent=96359"}],"wp:term":[{"taxonomy":"category","embeddable":true,"href":"https:\/\/www.europesays.com\/no\/wp-json\/wp\/v2\/categories?post=96359"},{"taxonomy":"post_tag","embeddable":true,"href":"https:\/\/www.europesays.com\/no\/wp-json\/wp\/v2\/tags?post=96359"}],"curies":[{"name":"wp","href":"https:\/\/api.w.org\/{rel}","templated":true}]}}