{"id":96380,"date":"2025-11-25T15:12:08","date_gmt":"2025-11-25T15:12:08","guid":{"rendered":"https:\/\/www.europesays.com\/no\/96380\/"},"modified":"2025-11-25T15:12:08","modified_gmt":"2025-11-25T15:12:08","slug":"valerenga-kristiansund-nff-tok-valerenga-protest-til-folge-kristiansund-straffes-med-0-3-tap-og-trekkes-tre-poeng","status":"publish","type":"post","link":"https:\/\/www.europesays.com\/no\/96380\/","title":{"rendered":"V\u00e5lerenga, Kristiansund | NFF tok V\u00e5lerenga-protest til f\u00f8lge \u2013 Kristiansund straffes med 0-3-tap og trekkes tre poeng"},"content":{"rendered":"\n<p>Kampresultatet blir satt til 3-0 for V\u00e5lerenga. p\u00e5 nettsidene til <a rel=\"noopener nofollow\" href=\"https:\/\/www.fotball.no\/lov-og-reglement\/beslutninger-fra-utvalg\/2025\/valerenga---kristiansund-settes-til-3-0\/\" target=\"_blank\">Norges Fotballforbund <\/a>heter at Doms- og sanksjonsutvalget har vurdert saken og konkludert med at protesten blir tatt til f\u00f8lge og at V\u00e5lerenga tilkjennes tre poeng. De rykker dermed opp fra 7.-plass og til 6.-plass p\u00e5 tabellen.<\/p>\n<p>I praksis betyr dette at Kristiansund mister ett poeng siden kampen endte 3-3. Beslutningen til NFF betyr uansett at Kristiansund beholder plassen i Eliteserien og at Bryne havner p\u00e5 kvalifiseringsplassen.<\/p>\n<p>Kristiansund rykker ned til 34 poeng, men det er uansett seks poeng ned til Bryne.<\/p>\n<p><b>Les ogs\u00e5: <a rel=\"Follow nofollow noopener\" href=\"https:\/\/www.nettavisen.no\/sport\/hevder-storkampen-er-i-fare-glimt-svarer\/s\/5-95-2746283\" target=\"_blank\">Hevder Glimt-kampen er i fare \u2013 klubben svarer<\/a><\/b><\/p>\n<p>Fair play<\/p>\n<p>Kristiansund startet Leander N\u00e6ss Alvheim mot V\u00e5lerenga til tross for at han sto oppf\u00f8rt med fire gule kort. Klubben fikk beskjed om feilen underveis i oppgj\u00f8ret og byttet ut Alvheim f\u00f8r pause.<\/p>\n<p>\u2013 Vi som klubb er opptatt av fair play, og vi har sterke verdier i klubben. Derfor tar vi Alvheim ut av kampen, sa sportslig leder i Kristiansund Eirik Hoseth til TV 2.<\/p>\n<p>I etterkant av 3-3-kampen bestemte V\u00e5lerenga seg for \u00e5 legge inn protest.<\/p>\n<p>Forn\u00f8yd<\/p>\n<p>I V\u00e5lerenga er man forn\u00f8yd med avgj\u00f8relsen til Doms- og sanksjonsutvalget<\/p>\n<p>&#8211; Regelbruddet var klart og derfor er konklusjonen til doms- og sanksjonsutvalget som forventet. Samtidig er vi glade for at administrative feil ikke fikk enda st\u00f8rre konsekvenser for KBK med tanke p\u00e5 \u00e5 beholde plassen i Eliteserien. Vi \u00f8nsker at fotballkamper skal avgj\u00f8res p\u00e5 banen, sier daglig leder i V\u00e5lerenga, Svein Graff.<\/p>\n<p>Alvheim p\u00e5dro seg sitt tredje gule kort for KBK i \u00e5r i runden f\u00f8r kampen i Oslo. Medregnet et gult kort for Ranheim fra 1. divisjon tidligere i sesongen, kan det tilsi at spissen ikke var spilleberettiget til l\u00f8rdagens kamp.<\/p>\n<p>Avgj\u00f8relsen kan ankes inn til Norges Fotballforbunds ankeutvalg.<\/p>\n<p>(\u00a9NTB)<\/p>\n","protected":false},"excerpt":{"rendered":"Kampresultatet blir satt til 3-0 for V\u00e5lerenga. p\u00e5 nettsidene til Norges Fotballforbund heter at Doms- og sanksjonsutvalget har&hellip;\n","protected":false},"author":2,"featured_media":96381,"comment_status":"","ping_status":"","sticky":false,"template":"","format":"standard","meta":{"footnotes":""},"categories":[5],"tags":[20,21,24,25,15,19,22,23,17,18,13,30,28,29,14,16,26,27],"class_list":{"0":"post-96380","1":"post","2":"type-post","3":"status-publish","4":"format-standard","5":"has-post-thumbnail","7":"category-overskrifter","8":"tag-breaking-news","9":"tag-breakingnews","10":"tag-featured-news","11":"tag-featurednews","12":"tag-headlines","13":"tag-hovedoppslag","14":"tag-latest-news","15":"tag-latestnews","16":"tag-main-news","17":"tag-mainnews","18":"tag-news","19":"tag-no","20":"tag-norge","21":"tag-norway","22":"tag-nyheter","23":"tag-overskrifter","24":"tag-top-stories","25":"tag-topstories"},"share_on_mastodon":{"url":"https:\/\/pubeurope.com\/@no\/115610985632741946","error":""},"_links":{"self":[{"href":"https:\/\/www.europesays.com\/no\/wp-json\/wp\/v2\/posts\/96380","targetHints":{"allow":["GET"]}}],"collection":[{"href":"https:\/\/www.europesays.com\/no\/wp-json\/wp\/v2\/posts"}],"about":[{"href":"https:\/\/www.europesays.com\/no\/wp-json\/wp\/v2\/types\/post"}],"author":[{"embeddable":true,"href":"https:\/\/www.europesays.com\/no\/wp-json\/wp\/v2\/users\/2"}],"replies":[{"embeddable":true,"href":"https:\/\/www.europesays.com\/no\/wp-json\/wp\/v2\/comments?post=96380"}],"version-history":[{"count":0,"href":"https:\/\/www.europesays.com\/no\/wp-json\/wp\/v2\/posts\/96380\/revisions"}],"wp:featuredmedia":[{"embeddable":true,"href":"https:\/\/www.europesays.com\/no\/wp-json\/wp\/v2\/media\/96381"}],"wp:attachment":[{"href":"https:\/\/www.europesays.com\/no\/wp-json\/wp\/v2\/media?parent=96380"}],"wp:term":[{"taxonomy":"category","embeddable":true,"href":"https:\/\/www.europesays.com\/no\/wp-json\/wp\/v2\/categories?post=96380"},{"taxonomy":"post_tag","embeddable":true,"href":"https:\/\/www.europesays.com\/no\/wp-json\/wp\/v2\/tags?post=96380"}],"curies":[{"name":"wp","href":"https:\/\/api.w.org\/{rel}","templated":true}]}}