{"id":96390,"date":"2025-11-25T15:21:13","date_gmt":"2025-11-25T15:21:13","guid":{"rendered":"https:\/\/www.europesays.com\/no\/96390\/"},"modified":"2025-11-25T15:21:13","modified_gmt":"2025-11-25T15:21:13","slug":"ola-keul-ny-generalsekretaer-i-norges-skiforbund","status":"publish","type":"post","link":"https:\/\/www.europesays.com\/no\/96390\/","title":{"rendered":"Ola Keul ny generalsekret\u00e6r i Norges Skiforbund"},"content":{"rendered":"\n<p class=\"_lead_o9xde_2 _lead_xtcu6_50 layout-component text-serif-m layout-normal text-serif-l layout-component layout-wide layout-padded _wide_17hqh_1 layout-padded\">Ola Keul (45) blir generalsekret\u00e6r i Norges Skiforbund p\u00e5 permanent basis.<\/p>\n<p><img alt=\" Foto: Heiko Junge \/ NTB\" class=\"_image_qp4xg_65 layout-component layout-wide\" data-fullscreen- data-track-element-type=\"Article image fullscreen\" data-track-name=\"ImageFullscreen\" fetchpriority=\"high\" decoding=\"sync\" loading=\"eager\" height=\"5621\" itemprop=\"image\"  src=\"https:\/\/www.europesays.com\/no\/wp-content\/uploads\/2025\/11\/2056746a-247a-477c-942b-ef7f2364dedd\"  style=\"object-position:0% 0%\" width=\"8432\"\/> Foto: Heiko Junge \/ NTB<\/p>\n<ul aria-hidden=\"true\" class=\"_images_18f0k_111\">\n<li><a class=\"_link_18f0k_116\" href=\"https:\/\/www.vg.no\/forfatter\/ntb\" style=\"z-index:1\" title=\"NTB\" rel=\"nofollow noopener\" target=\"_blank\"><img alt=\"Bilde av NTB\" class=\"_image_18f0k_93\" fetchpriority=\"low\" loading=\"lazy\" decoding=\"async\" itemprop=\"image\"  src=\"https:\/\/www.europesays.com\/no\/wp-content\/uploads\/2025\/11\/1764084073_540_c33980b0-5d07-4027-84a1-813f90a7c8d6\"  width=\"480\"\/><\/a><\/li>\n<\/ul>\n<p> Oppdatert tirsdag 25. november kl. 13:16     <\/p>\n<p class=\"_paragraph_o9xde_4 _paragraph_xtcu6_10 layout-component text-serif-m layout-normal text-serif-m layout-padded\">Keul har v\u00e6rt konstituert i stillingen siden 1. desember i fjor.<\/p>\n<p class=\"_paragraph_o9xde_4 _paragraph_xtcu6_10 layout-component text-serif-m layout-normal text-serif-m layout-padded\"> \u2013 Med Ola f\u00e5r vi en kunnskapsrik og m\u00e5lbevisst generalsekret\u00e6r med stor arbeidskapasitet. Han er offensiv, har fokus p\u00e5 utvikling, og er i tillegg en god lagspiller som kjenner idretten og skiforbundet sv\u00e6rt godt. Det siste \u00e5ret har han ogs\u00e5 vist at han h\u00e5ndterer krevende utfordringer p\u00e5 en meget god m\u00e5te, sier skipresident Tove Moe Dyrhaug.<\/p>\n<p class=\"_paragraph_o9xde_4 _paragraph_xtcu6_10 layout-component text-serif-m layout-normal text-serif-m layout-padded\">\u2013 Det siste \u00e5ret har han ogs\u00e5 vist at han h\u00e5ndterer krevende utfordringer p\u00e5 en meget god m\u00e5te, legger hun til.<\/p>\n<p class=\"_paragraph_o9xde_4 _paragraph_xtcu6_10 layout-component text-serif-m layout-normal text-serif-m layout-padded\">Keul har bred erfaring fra norsk idrett b\u00e5de som ut\u00f8ver, tillitsvalgt og ansatt.<\/p>\n<p class=\"_paragraph_o9xde_4 _paragraph_xtcu6_10 layout-component text-serif-m layout-normal text-serif-m layout-padded\">Fram til han ble konstituert som generalsekret\u00e6r i skiforbundet, var han organisasjonssjef samme sted.<\/p>\n<p class=\"_paragraph_o9xde_4 _paragraph_xtcu6_10 layout-component text-serif-m layout-normal text-serif-m layout-padded\">Han har tidligere v\u00e6rt blant annet president i Brettforbundet og leder for VM i sn\u00f8sport for paraut\u00f8vere.<\/p>\n","protected":false},"excerpt":{"rendered":"Ola Keul (45) blir generalsekret\u00e6r i Norges Skiforbund p\u00e5 permanent basis. Foto: Heiko Junge \/ NTB Oppdatert tirsdag&hellip;\n","protected":false},"author":2,"featured_media":96391,"comment_status":"","ping_status":"","sticky":false,"template":"","format":"standard","meta":{"footnotes":""},"categories":[59],"tags":[30,28,642,29,83,82],"class_list":{"0":"post-96390","1":"post","2":"type-post","3":"status-publish","4":"format-standard","5":"has-post-thumbnail","7":"category-sport","8":"tag-no","9":"tag-norge","10":"tag-norges-skiforbund","11":"tag-norway","12":"tag-sport","13":"tag-sports"},"share_on_mastodon":{"url":"https:\/\/pubeurope.com\/@no\/115611021243116109","error":""},"_links":{"self":[{"href":"https:\/\/www.europesays.com\/no\/wp-json\/wp\/v2\/posts\/96390","targetHints":{"allow":["GET"]}}],"collection":[{"href":"https:\/\/www.europesays.com\/no\/wp-json\/wp\/v2\/posts"}],"about":[{"href":"https:\/\/www.europesays.com\/no\/wp-json\/wp\/v2\/types\/post"}],"author":[{"embeddable":true,"href":"https:\/\/www.europesays.com\/no\/wp-json\/wp\/v2\/users\/2"}],"replies":[{"embeddable":true,"href":"https:\/\/www.europesays.com\/no\/wp-json\/wp\/v2\/comments?post=96390"}],"version-history":[{"count":0,"href":"https:\/\/www.europesays.com\/no\/wp-json\/wp\/v2\/posts\/96390\/revisions"}],"wp:featuredmedia":[{"embeddable":true,"href":"https:\/\/www.europesays.com\/no\/wp-json\/wp\/v2\/media\/96391"}],"wp:attachment":[{"href":"https:\/\/www.europesays.com\/no\/wp-json\/wp\/v2\/media?parent=96390"}],"wp:term":[{"taxonomy":"category","embeddable":true,"href":"https:\/\/www.europesays.com\/no\/wp-json\/wp\/v2\/categories?post=96390"},{"taxonomy":"post_tag","embeddable":true,"href":"https:\/\/www.europesays.com\/no\/wp-json\/wp\/v2\/tags?post=96390"}],"curies":[{"name":"wp","href":"https:\/\/api.w.org\/{rel}","templated":true}]}}